{"id":91530,"date":"2025-01-14T10:43:05","date_gmt":"2025-01-14T10:43:05","guid":{"rendered":"https:\/\/tvbrazilusa.com\/2025\/01\/14\/lula-pretende-intensificar-medidas-para-os-profissionais-de-saude-veja-video\/"},"modified":"2025-01-14T10:43:09","modified_gmt":"2025-01-14T10:43:09","slug":"lula-pretende-intensificar-medidas-para-os-profissionais-de-saude-veja-video","status":"publish","type":"post","link":"https:\/\/tvbrazilusa.com\/pt\/2025\/01\/14\/lula-pretende-intensificar-medidas-para-os-profissionais-de-saude-veja-video\/","title":{"rendered":"Lula pretende intensificar medidas para os profissionais de sa\u00fade; VEJA V\u00cdDEO"},"content":{"rendered":"<p> <script async src=\"https:\/\/pagead2.googlesyndication.com\/pagead\/js\/adsbygoogle.js?client=ca-pub-8864793242727901\"\r\n     crossorigin=\"anonymous\"><\/script><br \/>\n<\/p>\n<div id=\"taboola-read-more\" style=\"display:block; width:100%\">\n<p>Em sua conta no Instagram, Fl\u00e1vio Bolsonaro escreve &#8220;Voc\u00ea dormiu tranquilo e acordou com o governo Lula inventando uma nova forma de deixar sua vida mais cara. Os alvos da vez s\u00e3o a sua sa\u00fade e, como de praxe, o seu bolso.&#8221;<\/p>\n<p>VEJA V\u00cdDEO:<\/p>\n<p>Fonte: Reprodu\u00e7\u00e3o\/Instagram\/@flaviobolsonaro              <\/p>\n<\/div>\n<p><br \/>\n<br \/><a href=\"https:\/\/diariodobrasilnoticias.com.br\/noticia\/lula-pretende-intensificar-medidas-para-os-profissionais-de-saude-veja-video-678638a1ce01d\">Source link <\/a><\/p>","protected":false},"excerpt":{"rendered":"<p>Em sua conta no Instagram, Fl\u00e1vio Bolsonaro escreve &#8220;Voc\u00ea dormiu tranquilo e acordou com o governo Lula inventando uma nova forma de deixar sua vida mais cara. Os alvos da&hellip;<\/p>","protected":false},"author":1,"featured_media":91531,"comment_status":"closed","ping_status":"open","sticky":false,"template":"","format":"standard","meta":{"content-type":"","footnotes":""},"categories":[16],"tags":[123,2448,5313,1267],"class_list":["post-91530","post","type-post","status-publish","format-standard","has-post-thumbnail","hentry","category-noticias","tag-brasil","tag-diario","tag-noticia","tag-noticias"],"_links":{"self":[{"href":"https:\/\/tvbrazilusa.com\/pt\/wp-json\/wp\/v2\/posts\/91530","targetHints":{"allow":["GET"]}}],"collection":[{"href":"https:\/\/tvbrazilusa.com\/pt\/wp-json\/wp\/v2\/posts"}],"about":[{"href":"https:\/\/tvbrazilusa.com\/pt\/wp-json\/wp\/v2\/types\/post"}],"author":[{"embeddable":true,"href":"https:\/\/tvbrazilusa.com\/pt\/wp-json\/wp\/v2\/users\/1"}],"replies":[{"embeddable":true,"href":"https:\/\/tvbrazilusa.com\/pt\/wp-json\/wp\/v2\/comments?post=91530"}],"version-history":[{"count":1,"href":"https:\/\/tvbrazilusa.com\/pt\/wp-json\/wp\/v2\/posts\/91530\/revisions"}],"predecessor-version":[{"id":91532,"href":"https:\/\/tvbrazilusa.com\/pt\/wp-json\/wp\/v2\/posts\/91530\/revisions\/91532"}],"wp:featuredmedia":[{"embeddable":true,"href":"https:\/\/tvbrazilusa.com\/pt\/wp-json\/wp\/v2\/media\/91531"}],"wp:attachment":[{"href":"https:\/\/tvbrazilusa.com\/pt\/wp-json\/wp\/v2\/media?parent=91530"}],"wp:term":[{"taxonomy":"category","embeddable":true,"href":"https:\/\/tvbrazilusa.com\/pt\/wp-json\/wp\/v2\/categories?post=91530"},{"taxonomy":"post_tag","embeddable":true,"href":"https:\/\/tvbrazilusa.com\/pt\/wp-json\/wp\/v2\/tags?post=91530"}],"curies":[{"name":"wp","href":"https:\/\/api.w.org\/{rel}","templated":true}]}}