{"id":91536,"date":"2025-01-14T11:06:42","date_gmt":"2025-01-14T11:06:42","guid":{"rendered":"https:\/\/tvbrazilusa.com\/2025\/01\/14\/sidonio-assume-a-secom-com-a-missao-de-elevar-a-popularidade-de-lula\/"},"modified":"2025-01-14T11:06:57","modified_gmt":"2025-01-14T11:06:57","slug":"sidonio-assume-a-secom-com-a-missao-de-elevar-a-popularidade-de-lula","status":"publish","type":"post","link":"https:\/\/tvbrazilusa.com\/pt\/2025\/01\/14\/sidonio-assume-a-secom-com-a-missao-de-elevar-a-popularidade-de-lula\/","title":{"rendered":"Sid\u00f4nio assume a Secom com a miss\u00e3o de elevar a popularidade de Lula"},"content":{"rendered":"<p> <script async src=\"https:\/\/pagead2.googlesyndication.com\/pagead\/js\/adsbygoogle.js?client=ca-pub-8864793242727901\"\r\n     crossorigin=\"anonymous\"><\/script><br \/>\n<\/p>\n<div id=\"taboola-read-more\" style=\"display:block; width:100%\">\n<p>O novo ministro da Secom (Secretaria de Comunica\u00e7\u00e3o Social), Sid\u00f4nio Palmeira, assume oficialmente, a partir desta semana, o desafio de recuperar a popularidade do presidente Luiz In\u00e1cio Lula da Silva (PT) at\u00e9 as elei\u00e7\u00f5es de 2026. A troca no setor se d\u00e1 no momento de maior desconfian\u00e7a de agentes financeiros em meio a um desequil\u00edbrio fiscal. Mudan\u00e7as nas redes sociais tamb\u00e9m podem dificultar a rea\u00e7\u00e3o da gest\u00e3o petista.\n<\/p>\n<p>A posse do publicit\u00e1rio como ministro ser\u00e1 realizada \u00e0s 11h desta 3\u00aa feira (14.jan.2025), no Pal\u00e1cio do Planalto. De perfil discreto e avesso a holofotes, Sid\u00f4nio n\u00e3o queria uma cerim\u00f4nia, mas Lula fez quest\u00e3o de que sua chegada ao governo fosse marcada por um ato p\u00fablico.<\/p>\n<p>Respons\u00e1vel pelo marketing da campanha vitoriosa do petista em 2022, Sid\u00f4nio tem atuado como um conselheiro do presidente desde o in\u00edcio do seu 3\u00ba mandato, em 2023. Intensificou sua presen\u00e7a no Planalto nos \u00faltimos meses. Desenhou a estrat\u00e9gia de divulga\u00e7\u00e3o do pacote de corte de gastos, em que o ministro da Fazenda, Fernando Haddad, anunciou as medidas em um pronunciamento veiculado em rede nacional de r\u00e1dio e televis\u00e3o, em 27 de novembro.\n<\/p>\n<p>Em dezembro, produziu e participou da grava\u00e7\u00e3o de um v\u00eddeo em que Lula aparece ao lado do presidente do Banco Central, Gabriel Gal\u00edpolo. Em sua fala, o petista disse que seu governo jamais interferir\u00e1 nas decis\u00f5es da autoridade monet\u00e1ria e garantiu autonomia a Gal\u00edpolo.\n<\/p>\n<p>Na semana passada, logo depois de ter sido anunciado ao cargo, Sid\u00f4nio coordenou a rea\u00e7\u00e3o a um v\u00eddeo falso com imagens modificadas por intelig\u00eancia artificial do ministro da Fazenda, Fernando Haddad, defendendo a cobran\u00e7a de imposto no Pix.\n<\/p>\n<p>NOVO PERFIL\n<\/p>\n<p>O publicit\u00e1rio era a 1\u00aa op\u00e7\u00e3o de Lula para a Secom quando come\u00e7ou a montar o seu 3\u00ba governo, em 2022. Mas o marqueteiro recusou o cargo porque n\u00e3o queria deixar sua ag\u00eancia, a Leiaute Comunica\u00e7\u00e3o, e outros neg\u00f3cios na Bahia. Preferiu se manter como um consultor informal.\n<\/p>\n<p>Embora pudesse dar palpites e conselhos, Sid\u00f4nio n\u00e3o dava a palavra final nas decis\u00f5es da Secom, prerrogativa do titular da secretaria, Paulo Pimenta. Agora, ser\u00e1 responsabilidade sua remodelar a comunica\u00e7\u00e3o do governo para fazer com que a percep\u00e7\u00e3o da popula\u00e7\u00e3o sobre os feitos positivos da gest\u00e3o Lula melhore. Deve tamb\u00e9m tentar buscar uma marca para o 3\u00ba mandato do petista. Aliados do presidente apontam que a diferen\u00e7a agora, com a mudan\u00e7a, \u00e9 que Sid\u00f4nio poder\u00e1 imprimir seu estilo, considerado mais pragm\u00e1tico e objetivo.\n<\/p>\n<p>Na semana passada, em conversa com jornalistas, defendeu uma maior proximidade de Lula com a imprensa, por meio de entrevistas e conversas, e mais participa\u00e7\u00e3o do presidente e de ministros nas redes sociais oficiais para mostrar a\u00e7\u00f5es do governo.\n<\/p>\n<p>Lula est\u00e1 insatisfeito com a comunica\u00e7\u00e3o de seu governo desde o in\u00edcio de 2024, mas intensificou suas reclama\u00e7\u00f5es no fim do ano. A fala mais dura sobre o assunto foi feita em 6 de dezembro durante semin\u00e1rio do PT. Na ocasi\u00e3o, o presidente disse que houve erro seu na \u00e1rea e que seria obrigado a fazer mudan\u00e7as. A fala foi vista por petistas como uma \u201cdemiss\u00e3o p\u00fablica\u201d de Pimenta.\n<\/p>\n<p>A popularidade do presidente est\u00e1 no seu pior n\u00edvel desde o in\u00edcio do mandato. Segundo o PoderData, o governo tinha 48% de desaprova\u00e7\u00e3o em dezembro, ante 45% de aprova\u00e7\u00e3o. Na 6\u00aa feira (10.jan.2025), a Atlas Intel mostrou um n\u00famero parecido: 49,8% de reprova\u00e7\u00e3o e 47,8% de aprova\u00e7\u00e3o. Igualmente recorde.\n<\/p>\n<p>A avalia\u00e7\u00e3o do trabalho pessoal de Lula tamb\u00e9m piorou de forma generalizada, como mostra o infogr\u00e1fico abaixo:\n<\/p>\n<\/p>\n<p>Uma das \u00e1reas que o novo ministro quer melhorar \u00e9 a comunica\u00e7\u00e3o digital do governo. Avalia que atualmente ela \u00e9 anal\u00f3gica. Mas Sid\u00f4nio ter\u00e1 duas dificuldades nessa \u00e1rea. Ter\u00e1 de refazer a licita\u00e7\u00e3o de R$ 200 milh\u00f5es para contratar empresas de comunica\u00e7\u00e3o digital e enfrentar\u00e1 mudan\u00e7as nas redes sociais que podem impactar na circula\u00e7\u00e3o de informa\u00e7\u00f5es sobre pol\u00edtica.\n<\/p>\n<p>Em 7 de janeiro, o dono da Meta, Mark Zuckerberg, anunciou que a companhia decidiu acabar com o seu sistema de verifica\u00e7\u00e3o de fatos e suspendeu as restri\u00e7\u00f5es a publica\u00e7\u00f5es nas suas redes sociais: Facebook, Instagram e Threads. A justificativa foi \u201crestaurar a liberdade de express\u00e3o\u201d.\n<\/p>\n<p>A big tech anunciou tamb\u00e9m que passar\u00e1 a exibir mais conte\u00fado de pol\u00edtica nos feeds dos usu\u00e1rios. A medida j\u00e1 come\u00e7ou a valer nos Estados Unidos e deve chegar ao restante do mundo nos pr\u00f3ximos dias.\n<\/p>\n<p>TROCAS NA SECOM\n<\/p>\n<p>Sid\u00f4nio fez trocas na composi\u00e7\u00e3o da Secom ao indicar pessoas que j\u00e1 trabalhavam com ele anteriormente. Ter gente pr\u00f3xima ao seu redor foi uma de suas caracter\u00edsticas durante a campanha eleitoral de 2022. Mas as mudan\u00e7as tamb\u00e9m foram feitas para dirimir as disputas internas nas secretarias que comp\u00f5em o minist\u00e9rio.\n<\/p>\n<p>Como o Poder360 mostrou, Lula deu carta branca para que o marqueteiro pudesse acabar com os \u201cfeudos\u201d existentes na Secom. Das 7 secretarias, s\u00f3 duas eram ocupadas por indica\u00e7\u00e3o direta de Pimenta: Ricardo Zamora, chefe da Secretaria Executiva, e Fabr\u00edcio Lazzarini Carbonel, respons\u00e1vel pela Secretaria de Publicidade e Patroc\u00ednios.\n<\/p>\n<p>Os 2, por\u00e9m, deixar\u00e3o a Secom. Sid\u00f4nio indicou o publicit\u00e1rio Thiago C\u00e9sar para a secretaria-executiva e Paulo Brito para a ger\u00eancia da publicidade. Outra mudan\u00e7a significativa que o marqueteiro fez foi demitir o secret\u00e1rio de imprensa, Jos\u00e9 Chrispiniano, que atuava como assessor de Lula h\u00e1 13 anos.\n<\/p>\n<p>Em seu lugar, assumir\u00e1 La\u00e9rcio Portela, que foi ministro interino da Secom de maio a setembro, quando Pimenta se licenciou do cargo para se dedicar a uma secretaria extraordin\u00e1ria criada para ajudar na reconstru\u00e7\u00e3o do Rio Grande do Sul, atingido por fortes enchentes.\n<\/p>\n<p><img decoding=\"async\" src=\"https:\/\/static.poder360.com.br\/2025\/01\/nova-estrutura-secom-pimenta-10-jan-2025-2-1103x2048.png\" alt=\"\" width=\"100%\"\/>\n<\/p>\n<p>JANJA PERDER\u00c1 ALIADA\n<\/p>\n<p>Outra troca significativa que Sid\u00f4nio deve oficializar nos pr\u00f3ximos dias \u00e9 a sa\u00edda da titular da secretaria de Estrat\u00e9gia e Redes, Brunna Rosa. Ela \u00e9 ligada \u00e0 primeira-dama Janja Lula da Silva e administra as contas institucionais da Presid\u00eancia, como as p\u00e1ginas do Governo do Brasil (@govbr) e da Secom (@secomvc). Tamb\u00e9m \u00e9 respons\u00e1vel pelas pesquisas internas do governo.\n<\/p>\n<p>Sua sa\u00edda representa uma ruptura na influ\u00eancia exercida por Janja na comunica\u00e7\u00e3o do governo. Como o Poder360 mostrou em maio de 2024, a primeira-dama travou uma disputa com outros 2 assessores diretos mais pr\u00f3ximos de Lula pelo controle total das redes sociais do presidente.\n<\/p>\n<p>Ela queria que Brunna Rosa comandasse tamb\u00e9m as publica\u00e7\u00f5es nos perfis pessoais de Lula, que estavam a cargo de Chrispiniano, no X (antigo Twitter), e do secret\u00e1rio de Audiovisual e fot\u00f3grafo oficial, Ricardo Stuckert, no Instagram. A divis\u00e3o na administra\u00e7\u00e3o das contas, por\u00e9m, permaneceu.\n<\/p>\n<p>Sid\u00f4nio, por\u00e9m, mant\u00e9m uma boa rela\u00e7\u00e3o com Janja de acordo com aliados de ambos. Desde a campanha eleitoral, o marqueteiro costuma consultar a primeira-dama e acatar suas ideias. J\u00e1 no governo, trocaram impress\u00f5es sobre a\u00e7\u00f5es da comunica\u00e7\u00e3o, \u00e0s vezes, com a mesma avalia\u00e7\u00e3o de que faltava melhorar a forma de levar \u00e0 popula\u00e7\u00e3o os feitos positivos do governo.\n<\/p>\n<p>Como o Poder360 mostrou, o chefe de gabinete da comunica\u00e7\u00e3o da Prefeitura do Recife (PE), Rafael Marroquim, foi sondado por Sid\u00f4nio para ocupar o lugar de Rosa, mas n\u00e3o aceitou o cargo. Apesar disso, o jornalista topou ajudar informalmente nas redes do governo e ceder parte de sua equipe.\n<\/p>\n<p>Marroquim cuida das redes do prefeito Jo\u00e3o Campos (PSB), reconhecido como o mais popular do campo progressista na internet. Sua aproxima\u00e7\u00e3o indica o perfil que o novo chefe da Secom quer para os perfis de Lula e do governo.\n<\/p>\n<p>Em meio \u00e0s mudan\u00e7as, Stuckert ser\u00e1 mantido. Fot\u00f3grafo de Lula desde o in\u00edcio do seu 1\u00ba mandato, em 2003, \u00e9 uma das pessoas com melhor acesso ao presidente. Esteve com o petista durante todo o seu governo (2003-2010) e no seu per\u00edodo fora da Presid\u00eancia, inclusive quando Lula esteve preso por 580 dias na carceragem da Pol\u00edcia Federal em Curitiba (PR). No atual governo, \u00e9 o secret\u00e1rio de Produ\u00e7\u00e3o e Divulga\u00e7\u00e3o de Conte\u00fado Audiovisual.\n<\/p>\n<p><strong>Poder 360<\/strong>              <\/p>\n<\/div>\n<p><br \/>\n<br \/><a href=\"https:\/\/diariodobrasilnoticias.com.br\/noticia\/sidonio-assume-a-secom-com-a-missao-de-elevar-a-popularidade-de-lula-6786421b0c54e\">Source link <\/a><\/p>","protected":false},"excerpt":{"rendered":"<p>O novo ministro da Secom (Secretaria de Comunica\u00e7\u00e3o Social), Sid\u00f4nio Palmeira, assume oficialmente, a partir desta semana, o desafio de recuperar a popularidade do presidente Luiz In\u00e1cio Lula da Silva&hellip;<\/p>","protected":false},"author":1,"featured_media":91537,"comment_status":"closed","ping_status":"open","sticky":false,"template":"","format":"standard","meta":{"content-type":"","footnotes":""},"categories":[16],"tags":[123,2448,5313,1267],"class_list":["post-91536","post","type-post","status-publish","format-standard","has-post-thumbnail","hentry","category-noticias","tag-brasil","tag-diario","tag-noticia","tag-noticias"],"_links":{"self":[{"href":"https:\/\/tvbrazilusa.com\/pt\/wp-json\/wp\/v2\/posts\/91536","targetHints":{"allow":["GET"]}}],"collection":[{"href":"https:\/\/tvbrazilusa.com\/pt\/wp-json\/wp\/v2\/posts"}],"about":[{"href":"https:\/\/tvbrazilusa.com\/pt\/wp-json\/wp\/v2\/types\/post"}],"author":[{"embeddable":true,"href":"https:\/\/tvbrazilusa.com\/pt\/wp-json\/wp\/v2\/users\/1"}],"replies":[{"embeddable":true,"href":"https:\/\/tvbrazilusa.com\/pt\/wp-json\/wp\/v2\/comments?post=91536"}],"version-history":[{"count":1,"href":"https:\/\/tvbrazilusa.com\/pt\/wp-json\/wp\/v2\/posts\/91536\/revisions"}],"predecessor-version":[{"id":91538,"href":"https:\/\/tvbrazilusa.com\/pt\/wp-json\/wp\/v2\/posts\/91536\/revisions\/91538"}],"wp:featuredmedia":[{"embeddable":true,"href":"https:\/\/tvbrazilusa.com\/pt\/wp-json\/wp\/v2\/media\/91537"}],"wp:attachment":[{"href":"https:\/\/tvbrazilusa.com\/pt\/wp-json\/wp\/v2\/media?parent=91536"}],"wp:term":[{"taxonomy":"category","embeddable":true,"href":"https:\/\/tvbrazilusa.com\/pt\/wp-json\/wp\/v2\/categories?post=91536"},{"taxonomy":"post_tag","embeddable":true,"href":"https:\/\/tvbrazilusa.com\/pt\/wp-json\/wp\/v2\/tags?post=91536"}],"curies":[{"name":"wp","href":"https:\/\/api.w.org\/{rel}","templated":true}]}}