{"id":91548,"date":"2025-01-14T11:50:17","date_gmt":"2025-01-14T11:50:17","guid":{"rendered":"https:\/\/tvbrazilusa.com\/2025\/01\/14\/governadora-de-porto-rico-solicita-medidas-a-trump-apos-maduro-ameacar-com-tropas-brasileiras-veja-video\/"},"modified":"2025-01-14T11:50:18","modified_gmt":"2025-01-14T11:50:18","slug":"governadora-de-porto-rico-solicita-medidas-a-trump-apos-maduro-ameacar-com-tropas-brasileiras-veja-video","status":"publish","type":"post","link":"https:\/\/tvbrazilusa.com\/pt\/2025\/01\/14\/governadora-de-porto-rico-solicita-medidas-a-trump-apos-maduro-ameacar-com-tropas-brasileiras-veja-video\/","title":{"rendered":"Governadora de Porto Rico solicita medidas a Trump ap\u00f3s Maduro amea\u00e7ar com tropas brasileiras; VEJA V\u00cdDEO"},"content":{"rendered":"<p> <script async src=\"https:\/\/pagead2.googlesyndication.com\/pagead\/js\/adsbygoogle.js?client=ca-pub-8864793242727901\"\r\n     crossorigin=\"anonymous\"><\/script><br \/>\n<br \/>Governadora de Porto Rico solicita medidas a Trump ap\u00f3s Maduro amea\u00e7ar com tropas brasileiras; VEJA V\u00cdDEO<br \/>\n<br \/><br \/>\n<br \/><a href=\"https:\/\/diariodobrasilnoticias.com.br\/noticia\/governadora-de-porto-rico-solicita-medidas-a-trump-apos-maduro-ameacar-com-tropas-brasileiras-veja-video-6786400d0bfb2\">Source link <\/a><\/p>","protected":false},"excerpt":{"rendered":"<p>Governadora de Porto Rico solicita medidas a Trump ap\u00f3s Maduro amea\u00e7ar com tropas brasileiras; VEJA V\u00cdDEO Source link<\/p>","protected":false},"author":1,"featured_media":91549,"comment_status":"closed","ping_status":"open","sticky":false,"template":"","format":"standard","meta":{"content-type":"","footnotes":""},"categories":[16],"tags":[123,2448,5313,1267],"class_list":["post-91548","post","type-post","status-publish","format-standard","has-post-thumbnail","hentry","category-noticias","tag-brasil","tag-diario","tag-noticia","tag-noticias"],"_links":{"self":[{"href":"https:\/\/tvbrazilusa.com\/pt\/wp-json\/wp\/v2\/posts\/91548","targetHints":{"allow":["GET"]}}],"collection":[{"href":"https:\/\/tvbrazilusa.com\/pt\/wp-json\/wp\/v2\/posts"}],"about":[{"href":"https:\/\/tvbrazilusa.com\/pt\/wp-json\/wp\/v2\/types\/post"}],"author":[{"embeddable":true,"href":"https:\/\/tvbrazilusa.com\/pt\/wp-json\/wp\/v2\/users\/1"}],"replies":[{"embeddable":true,"href":"https:\/\/tvbrazilusa.com\/pt\/wp-json\/wp\/v2\/comments?post=91548"}],"version-history":[{"count":1,"href":"https:\/\/tvbrazilusa.com\/pt\/wp-json\/wp\/v2\/posts\/91548\/revisions"}],"predecessor-version":[{"id":91550,"href":"https:\/\/tvbrazilusa.com\/pt\/wp-json\/wp\/v2\/posts\/91548\/revisions\/91550"}],"wp:featuredmedia":[{"embeddable":true,"href":"https:\/\/tvbrazilusa.com\/pt\/wp-json\/wp\/v2\/media\/91549"}],"wp:attachment":[{"href":"https:\/\/tvbrazilusa.com\/pt\/wp-json\/wp\/v2\/media?parent=91548"}],"wp:term":[{"taxonomy":"category","embeddable":true,"href":"https:\/\/tvbrazilusa.com\/pt\/wp-json\/wp\/v2\/categories?post=91548"},{"taxonomy":"post_tag","embeddable":true,"href":"https:\/\/tvbrazilusa.com\/pt\/wp-json\/wp\/v2\/tags?post=91548"}],"curies":[{"name":"wp","href":"https:\/\/api.w.org\/{rel}","templated":true}]}}