{"id":91558,"date":"2025-01-14T12:15:54","date_gmt":"2025-01-14T12:15:54","guid":{"rendered":"https:\/\/tvbrazilusa.com\/2025\/01\/14\/pix-fiscalizado-revolta-classe-media-e-governo-tenta-ajustar-discurso\/"},"modified":"2025-01-14T12:15:55","modified_gmt":"2025-01-14T12:15:55","slug":"pix-fiscalizado-revolta-classe-media-e-governo-tenta-ajustar-discurso","status":"publish","type":"post","link":"https:\/\/tvbrazilusa.com\/pt\/2025\/01\/14\/pix-fiscalizado-revolta-classe-media-e-governo-tenta-ajustar-discurso\/","title":{"rendered":"Pix fiscalizado revolta classe m\u00e9dia e governo tenta ajustar discurso"},"content":{"rendered":"<p> <script async src=\"https:\/\/pagead2.googlesyndication.com\/pagead\/js\/adsbygoogle.js?client=ca-pub-8864793242727901\"\r\n     crossorigin=\"anonymous\"><\/script><br \/>\n<\/p>\n<div id=\"taboola-read-more\" style=\"display:block; width:100%\">\n<p>Na \u00faltima semana, as novas regras da Receita Federal para fiscaliza\u00e7\u00e3o de transfer\u00eancias financeiras tomou conta do debate na redes sociais. A principal raz\u00e3o para as cr\u00edticas se deve \u00e0 extens\u00e3o do monitoramento \u00e0s transfer\u00eancias via Pix, o sistema de pagamentos cont\u00ednuo e em tempo real do Banco Central (BC) em vigor desde 2020. Os ru\u00eddos vieram a p\u00fablico no momento em que o governo Lula (PT) faz ajustes na comunica\u00e7\u00e3o.\n<\/p>\n<p>Resumo da \u00f3pera<\/p>\n<p>Pix que somarem pelo menos R$ 5 mil por m\u00eas para pessoas f\u00edsicas e R$ 15 mil para pessoas jur\u00eddicas (as empresas) ser\u00e3o declarados \u00e0 Receita;\n<\/p>\n<p>-Contribuinte que \u00e9 aut\u00f4nomo, empreendedor ou que faz os chamados \u201cfreelas\u201d e hoje atua de modo informal, isto \u00e9, sem registro com CNPJ, MEI, microempresa ou empresa de pequeno porte, ter\u00e1 de se submeter \u00e0s regras, sob o risco de cair na malha fina;\n<\/p>\n<p>-Governo tem sido acusado de fechar o cerco \u00e0 classe m\u00e9dia, apesar de ter afirmado que iria \u201cincluir o pobre no Or\u00e7amento e o rico no imposto de renda\u201d;\n<\/p>\n<p>-Na \u00faltima semana, o presidente Lula trocou o secret\u00e1rio de Comunica\u00e7\u00e3o da Presid\u00eancia, tirando o deputado Paulo Pimenta, que volta \u00e0 C\u00e2mara, e colocando em seu lugar o marqueteiro Sid\u00f4nio Palmeira.\n<\/p>\n<p>As cr\u00edticas \u00e0s medidas anunciadas pela Receita est\u00e3o mais centradas na classe m\u00e9dia, que movimenta os montantes indicados. Mas elas tamb\u00e9m t\u00eam se alastrado entre as classes C, D e E, com dissemina\u00e7\u00e3o de desinforma\u00e7\u00f5es que levam at\u00e9 mesmo a desincentivar o uso do Pix, sistema que, em seus quatro anos de exist\u00eancia, ganhou os brasileiros e tomou conta dos pequenos e grandes neg\u00f3cios do pa\u00eds.\n<\/p>\n<p>Apesar do que dizem algumas publica\u00e7\u00f5es, o Pix n\u00e3o ser\u00e1 taxado, pois n\u00e3o h\u00e1 nenhuma cobran\u00e7a adicional. O que vai ocorrer \u00e9 um aumento da fiscaliza\u00e7\u00e3o pela Receita, que vai passar a monitorar mais de perto as transa\u00e7\u00f5es feitas por Pix.\n<\/p>\n<p>Tamb\u00e9m h\u00e1 usu\u00e1rios que acusam o governo de violar o sigilo banc\u00e1rio e a prote\u00e7\u00e3o de dados pessoais, ao que o Fisco nega, j\u00e1 que ser\u00e3o informados apenas os valores globais movimentados (de entrada e de sa\u00edda), sem especifica\u00e7\u00e3o de destino, isto \u00e9, sem detalhamento sobre quem pagou ou onde o dinheiro foi gasto.\n<\/p>\n<p><strong>Metr\u00f3poles<\/strong>              <\/p>\n<\/div>\n<p><br \/>\n<br \/><a href=\"https:\/\/diariodobrasilnoticias.com.br\/noticia\/pix-fiscalizado-revolta-classe-media-e-governo-tenta-ajustar-discurso-678640db88522\">Source link <\/a><\/p>","protected":false},"excerpt":{"rendered":"<p>Na \u00faltima semana, as novas regras da Receita Federal para fiscaliza\u00e7\u00e3o de transfer\u00eancias financeiras tomou conta do debate na redes sociais. A principal raz\u00e3o para as cr\u00edticas se deve \u00e0&hellip;<\/p>","protected":false},"author":1,"featured_media":91559,"comment_status":"closed","ping_status":"open","sticky":false,"template":"","format":"standard","meta":{"content-type":"","footnotes":""},"categories":[16],"tags":[123,2448,5313,1267],"class_list":["post-91558","post","type-post","status-publish","format-standard","has-post-thumbnail","hentry","category-noticias","tag-brasil","tag-diario","tag-noticia","tag-noticias"],"_links":{"self":[{"href":"https:\/\/tvbrazilusa.com\/pt\/wp-json\/wp\/v2\/posts\/91558","targetHints":{"allow":["GET"]}}],"collection":[{"href":"https:\/\/tvbrazilusa.com\/pt\/wp-json\/wp\/v2\/posts"}],"about":[{"href":"https:\/\/tvbrazilusa.com\/pt\/wp-json\/wp\/v2\/types\/post"}],"author":[{"embeddable":true,"href":"https:\/\/tvbrazilusa.com\/pt\/wp-json\/wp\/v2\/users\/1"}],"replies":[{"embeddable":true,"href":"https:\/\/tvbrazilusa.com\/pt\/wp-json\/wp\/v2\/comments?post=91558"}],"version-history":[{"count":1,"href":"https:\/\/tvbrazilusa.com\/pt\/wp-json\/wp\/v2\/posts\/91558\/revisions"}],"predecessor-version":[{"id":91560,"href":"https:\/\/tvbrazilusa.com\/pt\/wp-json\/wp\/v2\/posts\/91558\/revisions\/91560"}],"wp:featuredmedia":[{"embeddable":true,"href":"https:\/\/tvbrazilusa.com\/pt\/wp-json\/wp\/v2\/media\/91559"}],"wp:attachment":[{"href":"https:\/\/tvbrazilusa.com\/pt\/wp-json\/wp\/v2\/media?parent=91558"}],"wp:term":[{"taxonomy":"category","embeddable":true,"href":"https:\/\/tvbrazilusa.com\/pt\/wp-json\/wp\/v2\/categories?post=91558"},{"taxonomy":"post_tag","embeddable":true,"href":"https:\/\/tvbrazilusa.com\/pt\/wp-json\/wp\/v2\/tags?post=91558"}],"curies":[{"name":"wp","href":"https:\/\/api.w.org\/{rel}","templated":true}]}}