{"id":91566,"date":"2025-01-14T12:35:47","date_gmt":"2025-01-14T12:35:47","guid":{"rendered":"https:\/\/tvbrazilusa.com\/2025\/01\/14\/a-perseguicao-nunca-parou-a-igreja-afirmam-jovens-em-resposta-as-acoes-do-mp\/"},"modified":"2025-01-14T12:35:49","modified_gmt":"2025-01-14T12:35:49","slug":"a-perseguicao-nunca-parou-a-igreja-afirmam-jovens-em-resposta-as-acoes-do-mp","status":"publish","type":"post","link":"https:\/\/tvbrazilusa.com\/pt\/2025\/01\/14\/a-perseguicao-nunca-parou-a-igreja-afirmam-jovens-em-resposta-as-acoes-do-mp\/","title":{"rendered":"&#8216;A persegui\u00e7\u00e3o nunca parou a igreja&#8217;, afirmam jovens em resposta \u00e0s a\u00e7\u00f5es do MP"},"content":{"rendered":"<p> <script async src=\"https:\/\/pagead2.googlesyndication.com\/pagead\/js\/adsbygoogle.js?client=ca-pub-8864793242727901\"\r\n     crossorigin=\"anonymous\"><\/script><br \/>\n<\/p>\n<div id=\"taboola-read-more\" style=\"display:block; width:100%\">\n<p>Jovens evang\u00e9licos de todo o Brasil t\u00eam intensificado manifesta\u00e7\u00f5es p\u00fablicas de f\u00e9, em ato de resist\u00eancia em meio a um per\u00edodo de a\u00e7\u00f5es do Minist\u00e9rio P\u00fablico (MP), que apura eventual ilegalidade de cultos crist\u00e3os em escolas e universidades. Ao inv\u00e9s de recuarem, essas comunidades t\u00eam multiplicado as a\u00e7\u00f5es de cultos, promovendo mais encontros religiosos em intervalos de unidades de ensino, pra\u00e7as e at\u00e9 vias p\u00fablicas.<\/p>\n<p>Os \u201cintervalos b\u00edblicos\u201d \u2014reuni\u00f5es de ora\u00e7\u00e3o e louvor realizadas em ambientes de ensino durante os intervalos de aula\u2014 t\u00eam se tornado mais frequentes e viralizado nas redes sociais em meio \u00e0 pol\u00eamica com o MP. V\u00eddeos mostram estudantes pregando, cantando e orando em ambientes educacionais, enquanto evangelismos em pra\u00e7as e ruas tamb\u00e9m retratam o avan\u00e7o das abordagens religiosas entre os jovens.<\/p>\n<p>Na Avenida Paulista e redutos pr\u00f3ximos, em S\u00e3o Paulo, o movimento que tem sido chamado de \u201cPaulista Clama\u201d tem reunido multid\u00f5es para declarar a f\u00e9 crist\u00e3 em p\u00fablico. Com m\u00fasicas como \u201cMais uma vez, queremos ver o c\u00e9u descer. Paulista clama, Paulista clama\u201d, o grupo tem sido um dos muitos que t\u00eam atuado em diversas regi\u00f5es do pa\u00eds.<\/p>\n<p>A mobiliza\u00e7\u00e3o tamb\u00e9m chama a aten\u00e7\u00e3o para quest\u00f5es sobre a liberdade religiosa no Brasil. Um dos participantes, identificado como Rafael, emitiu uma nota sobre o pleno exerc\u00edcio da f\u00e9. \u201cA persegui\u00e7\u00e3o nunca parou a igreja \u2013 ela s\u00f3 a fez crescer. Enquanto nossos irm\u00e3os em pa\u00edses onde o evangelho \u00e9 proibido arriscam suas vidas, temos o privil\u00e9gio de anunciar livremente. Que essa gera\u00e7\u00e3o n\u00e3o se cale!\u201d, externou.<\/p>\n<p>Fonte: Conex\u00e3o Pol\u00edtica<\/p>\n<\/p><\/div>\n<p><br \/>\n<br \/><a href=\"https:\/\/diariodobrasilnoticias.com.br\/noticia\/-a-perseguicao-nunca-parou-a-igreja-afirmam-jovens-em-resposta-as-acoes-do-mp-67863a7c9b08f\">Source link <\/a><\/p>","protected":false},"excerpt":{"rendered":"<p>Jovens evang\u00e9licos de todo o Brasil t\u00eam intensificado manifesta\u00e7\u00f5es p\u00fablicas de f\u00e9, em ato de resist\u00eancia em meio a um per\u00edodo de a\u00e7\u00f5es do Minist\u00e9rio P\u00fablico (MP), que apura eventual&hellip;<\/p>","protected":false},"author":1,"featured_media":91567,"comment_status":"closed","ping_status":"open","sticky":false,"template":"","format":"standard","meta":{"content-type":"","footnotes":""},"categories":[16],"tags":[123,2448,5313,1267],"class_list":["post-91566","post","type-post","status-publish","format-standard","has-post-thumbnail","hentry","category-noticias","tag-brasil","tag-diario","tag-noticia","tag-noticias"],"_links":{"self":[{"href":"https:\/\/tvbrazilusa.com\/pt\/wp-json\/wp\/v2\/posts\/91566","targetHints":{"allow":["GET"]}}],"collection":[{"href":"https:\/\/tvbrazilusa.com\/pt\/wp-json\/wp\/v2\/posts"}],"about":[{"href":"https:\/\/tvbrazilusa.com\/pt\/wp-json\/wp\/v2\/types\/post"}],"author":[{"embeddable":true,"href":"https:\/\/tvbrazilusa.com\/pt\/wp-json\/wp\/v2\/users\/1"}],"replies":[{"embeddable":true,"href":"https:\/\/tvbrazilusa.com\/pt\/wp-json\/wp\/v2\/comments?post=91566"}],"version-history":[{"count":1,"href":"https:\/\/tvbrazilusa.com\/pt\/wp-json\/wp\/v2\/posts\/91566\/revisions"}],"predecessor-version":[{"id":91568,"href":"https:\/\/tvbrazilusa.com\/pt\/wp-json\/wp\/v2\/posts\/91566\/revisions\/91568"}],"wp:featuredmedia":[{"embeddable":true,"href":"https:\/\/tvbrazilusa.com\/pt\/wp-json\/wp\/v2\/media\/91567"}],"wp:attachment":[{"href":"https:\/\/tvbrazilusa.com\/pt\/wp-json\/wp\/v2\/media?parent=91566"}],"wp:term":[{"taxonomy":"category","embeddable":true,"href":"https:\/\/tvbrazilusa.com\/pt\/wp-json\/wp\/v2\/categories?post=91566"},{"taxonomy":"post_tag","embeddable":true,"href":"https:\/\/tvbrazilusa.com\/pt\/wp-json\/wp\/v2\/tags?post=91566"}],"curies":[{"name":"wp","href":"https:\/\/api.w.org\/{rel}","templated":true}]}}