{"id":91598,"date":"2025-01-14T14:34:52","date_gmt":"2025-01-14T14:34:52","guid":{"rendered":"https:\/\/tvbrazilusa.com\/2025\/01\/14\/flagra-mulher-e-um-taxista-brigam-na-frente-do-aeroporto-internacional-assista\/"},"modified":"2025-01-14T14:34:53","modified_gmt":"2025-01-14T14:34:53","slug":"flagra-mulher-e-um-taxista-brigam-na-frente-do-aeroporto-internacional-assista","status":"publish","type":"post","link":"https:\/\/tvbrazilusa.com\/pt\/2025\/01\/14\/flagra-mulher-e-um-taxista-brigam-na-frente-do-aeroporto-internacional-assista\/","title":{"rendered":"FLAGRA: mulher e um taxista brigam na frente do aeroporto internacional; ASSISTA"},"content":{"rendered":"<p> <script async src=\"https:\/\/pagead2.googlesyndication.com\/pagead\/js\/adsbygoogle.js?client=ca-pub-8864793242727901\"\r\n     crossorigin=\"anonymous\"><\/script><br \/>\n<\/p>\n<div id=\"taboola-read-more\" style=\"display:block; width:100%\">\n<p>Segundo informa\u00e7\u00f5es preliminares, os taxistas n\u00e3o estariam se sentido confort\u00e1veis com a pr\u00e1tica de \u201cpesca de passageiros\u201d realizada por empresas na porta do aeroporto.<\/p>\n<p>Em contrapartida, a mulher afirmou que o taxista em quest\u00e3o estaria pressionando uma motorista por aplicativo ao ponto dela chorar.\n<\/p>\n<p>ASSISTA:<\/p>\n<p>Fonte: Via certa Natal              <\/p>\n<\/div>\n<p><br \/>\n<br \/><a href=\"https:\/\/diariodobrasilnoticias.com.br\/noticia\/flagra-mulher-e-um-taxista-brigam-na-frente-do-aeroporto-internacional-assista-67865b1cd58a2\">Source link <\/a><\/p>","protected":false},"excerpt":{"rendered":"<p>Segundo informa\u00e7\u00f5es preliminares, os taxistas n\u00e3o estariam se sentido confort\u00e1veis com a pr\u00e1tica de \u201cpesca de passageiros\u201d realizada por empresas na porta do aeroporto. Em contrapartida, a mulher afirmou que&hellip;<\/p>","protected":false},"author":1,"featured_media":91599,"comment_status":"closed","ping_status":"open","sticky":false,"template":"","format":"standard","meta":{"content-type":"","footnotes":""},"categories":[16],"tags":[123,2448,5313,1267],"class_list":["post-91598","post","type-post","status-publish","format-standard","has-post-thumbnail","hentry","category-noticias","tag-brasil","tag-diario","tag-noticia","tag-noticias"],"_links":{"self":[{"href":"https:\/\/tvbrazilusa.com\/pt\/wp-json\/wp\/v2\/posts\/91598","targetHints":{"allow":["GET"]}}],"collection":[{"href":"https:\/\/tvbrazilusa.com\/pt\/wp-json\/wp\/v2\/posts"}],"about":[{"href":"https:\/\/tvbrazilusa.com\/pt\/wp-json\/wp\/v2\/types\/post"}],"author":[{"embeddable":true,"href":"https:\/\/tvbrazilusa.com\/pt\/wp-json\/wp\/v2\/users\/1"}],"replies":[{"embeddable":true,"href":"https:\/\/tvbrazilusa.com\/pt\/wp-json\/wp\/v2\/comments?post=91598"}],"version-history":[{"count":1,"href":"https:\/\/tvbrazilusa.com\/pt\/wp-json\/wp\/v2\/posts\/91598\/revisions"}],"predecessor-version":[{"id":91600,"href":"https:\/\/tvbrazilusa.com\/pt\/wp-json\/wp\/v2\/posts\/91598\/revisions\/91600"}],"wp:featuredmedia":[{"embeddable":true,"href":"https:\/\/tvbrazilusa.com\/pt\/wp-json\/wp\/v2\/media\/91599"}],"wp:attachment":[{"href":"https:\/\/tvbrazilusa.com\/pt\/wp-json\/wp\/v2\/media?parent=91598"}],"wp:term":[{"taxonomy":"category","embeddable":true,"href":"https:\/\/tvbrazilusa.com\/pt\/wp-json\/wp\/v2\/categories?post=91598"},{"taxonomy":"post_tag","embeddable":true,"href":"https:\/\/tvbrazilusa.com\/pt\/wp-json\/wp\/v2\/tags?post=91598"}],"curies":[{"name":"wp","href":"https:\/\/api.w.org\/{rel}","templated":true}]}}