{"id":91604,"date":"2025-01-14T14:52:52","date_gmt":"2025-01-14T14:52:52","guid":{"rendered":"https:\/\/tvbrazilusa.com\/2025\/01\/14\/maduro-afirma-que-venezuela-se-prepara-com-cuba-e-nicaragua-para-luta-armada\/"},"modified":"2025-01-14T14:52:54","modified_gmt":"2025-01-14T14:52:54","slug":"maduro-afirma-que-venezuela-se-prepara-com-cuba-e-nicaragua-para-luta-armada","status":"publish","type":"post","link":"https:\/\/tvbrazilusa.com\/pt\/2025\/01\/14\/maduro-afirma-que-venezuela-se-prepara-com-cuba-e-nicaragua-para-luta-armada\/","title":{"rendered":"Maduro afirma que Venezuela se prepara com Cuba e Nicar\u00e1gua para luta armada"},"content":{"rendered":"<p> <script async src=\"https:\/\/pagead2.googlesyndication.com\/pagead\/js\/adsbygoogle.js?client=ca-pub-8864793242727901\"\r\n     crossorigin=\"anonymous\"><\/script><br \/>\n<\/p>\n<div id=\"taboola-read-more\" style=\"display:block; width:100%\">\n<p>O ditador da Venezuela, Nicol\u00e1s Maduro, disse que o pa\u00eds est\u00e1 se preparando, com Cuba e com a Nicar\u00e1gua, para \u201cpegar em armas\u201d para se defender. A declara\u00e7\u00e3o foi dada no \u00faltimo s\u00e1bado, 11, um dia depois de o pol\u00edtico tomar posse para o seu terceiro mandato\n<\/p>\n<p>Em discurso no encerramento do Festival Mundial Antifascista, em Caracas, o ditador venezuelano afirmou que \u00e9 preciso ter capacidade de \u201cderrotar pacificamente o \u201cfascismo\u201d, mas \u201cse for o caso\u201d, poder \u201cenfrent\u00e1-lo com armas na m\u00e3o e a luta armada leg\u00edtima da humanidade\u201d.<\/p>\n<p>\u201cA Venezuela vai se preparando junto com Cuba, com a Nicar\u00e1gua, com nossos irm\u00e3os maiores do mundo, para se um dia tivermos que pegar em armas para defender o direito \u00e0 paz, \u00e0 soberania e os direitos hist\u00f3ricos de nossa p\u00e1tria\u201d, afirmou Maduro. \u201cBatalhar na luta armada e voltar a ganhar.\u201d\n<\/p>\n<p>A fala ocorre depois que pa\u00edses da Uni\u00e3o Europeia, Estados Unidos, Reino Unido e Canad\u00e1 ampliaram as san\u00e7\u00f5es contra a Venezuela. Al\u00e9m disso, o ex-presidente da Col\u00f4mbia, \u00c1lvaro Uribe, pediu uma interven\u00e7\u00e3o militar internacional, \u201cpreferencialmente apoiada pela Organiza\u00e7\u00e3o das Na\u00e7\u00f5es Unidas\u201d, para tirar o regime do poder e organizar elei\u00e7\u00f5es livres.\n<\/p>\n<p>General do regime de Maduro diz que \u201cp\u00e1tria se defende\u201d<br \/>Na \u00faltima sexta-feira, 10, pouco antes da posse de Maduro, o comandante estrat\u00e9gico operativo das For\u00e7as Armadas da Venezuela, general Domingo Hern\u00e1ndez Larez, postou um v\u00eddeo nas redes sociais apontando m\u00edsseis para o c\u00e9u. Ele afirmou que \u201ca p\u00e1tria se defende\u201d.\n<\/p>\n<p>O pa\u00eds tamb\u00e9m fechou as fronteiras e o espa\u00e7o a\u00e9reo depois do l\u00edder da oposi\u00e7\u00e3o, Edmundo Gonz\u00e1lez, afirmar que iria ao pa\u00eds para tomar posse.\n<\/p>\n<p>Atas publicadas pela oposi\u00e7\u00e3o indicam que o ex-candidato teria ganhado as elei\u00e7\u00f5es presidenciais de julho. O Conselho Nacional Eleitoral (CNE) do pa\u00eds, alinhado ao chavismo, atribuiu a vit\u00f3ria a Maduro.\n<\/p>\n<p>Fonte: Revista Oeste              <\/p>\n<\/div>\n<p><br \/>\n<br \/><a href=\"https:\/\/diariodobrasilnoticias.com.br\/noticia\/maduro-afirma-que-venezuela-se-prepara-com-cuba-e-nicaragua-para-luta-armada-678666317fed4\">Source link <\/a><\/p>","protected":false},"excerpt":{"rendered":"<p>O ditador da Venezuela, Nicol\u00e1s Maduro, disse que o pa\u00eds est\u00e1 se preparando, com Cuba e com a Nicar\u00e1gua, para \u201cpegar em armas\u201d para se defender. A declara\u00e7\u00e3o foi dada&hellip;<\/p>","protected":false},"author":1,"featured_media":91605,"comment_status":"closed","ping_status":"open","sticky":false,"template":"","format":"standard","meta":{"content-type":"","footnotes":""},"categories":[16],"tags":[123,2448,5313,1267],"class_list":["post-91604","post","type-post","status-publish","format-standard","has-post-thumbnail","hentry","category-noticias","tag-brasil","tag-diario","tag-noticia","tag-noticias"],"_links":{"self":[{"href":"https:\/\/tvbrazilusa.com\/pt\/wp-json\/wp\/v2\/posts\/91604","targetHints":{"allow":["GET"]}}],"collection":[{"href":"https:\/\/tvbrazilusa.com\/pt\/wp-json\/wp\/v2\/posts"}],"about":[{"href":"https:\/\/tvbrazilusa.com\/pt\/wp-json\/wp\/v2\/types\/post"}],"author":[{"embeddable":true,"href":"https:\/\/tvbrazilusa.com\/pt\/wp-json\/wp\/v2\/users\/1"}],"replies":[{"embeddable":true,"href":"https:\/\/tvbrazilusa.com\/pt\/wp-json\/wp\/v2\/comments?post=91604"}],"version-history":[{"count":1,"href":"https:\/\/tvbrazilusa.com\/pt\/wp-json\/wp\/v2\/posts\/91604\/revisions"}],"predecessor-version":[{"id":91606,"href":"https:\/\/tvbrazilusa.com\/pt\/wp-json\/wp\/v2\/posts\/91604\/revisions\/91606"}],"wp:featuredmedia":[{"embeddable":true,"href":"https:\/\/tvbrazilusa.com\/pt\/wp-json\/wp\/v2\/media\/91605"}],"wp:attachment":[{"href":"https:\/\/tvbrazilusa.com\/pt\/wp-json\/wp\/v2\/media?parent=91604"}],"wp:term":[{"taxonomy":"category","embeddable":true,"href":"https:\/\/tvbrazilusa.com\/pt\/wp-json\/wp\/v2\/categories?post=91604"},{"taxonomy":"post_tag","embeddable":true,"href":"https:\/\/tvbrazilusa.com\/pt\/wp-json\/wp\/v2\/tags?post=91604"}],"curies":[{"name":"wp","href":"https:\/\/api.w.org\/{rel}","templated":true}]}}