{"id":91607,"date":"2025-01-14T15:05:27","date_gmt":"2025-01-14T15:05:27","guid":{"rendered":"https:\/\/tvbrazilusa.com\/2025\/01\/14\/amazon-anuncia-reducao-de-iniciativas-woke\/"},"modified":"2025-01-14T15:05:29","modified_gmt":"2025-01-14T15:05:29","slug":"amazon-anuncia-reducao-de-iniciativas-woke","status":"publish","type":"post","link":"https:\/\/tvbrazilusa.com\/pt\/2025\/01\/14\/amazon-anuncia-reducao-de-iniciativas-woke\/","title":{"rendered":"Amazon anuncia redu\u00e7\u00e3o de iniciativas woke"},"content":{"rendered":"<p> <script async src=\"https:\/\/pagead2.googlesyndication.com\/pagead\/js\/adsbygoogle.js?client=ca-pub-8864793242727901\"\r\n     crossorigin=\"anonymous\"><\/script><br \/>\n<\/p>\n<div id=\"taboola-read-more\" style=\"display:block; width:100%\">\n<p>A Amazon anunciou que est\u00e1 reduzindo seus programas de \u201cdiversidade\u201d. A companhia de Jeff Bezos segue o exemplo de outras empresas nos Estados Unidos que v\u00eam ajustando iniciativas de contrata\u00e7\u00e3o e treinamento baseadas na agenda progressista woke.\n<\/p>\n<p>Essa decis\u00e3o ocorre logo depois de a Meta, controladora do Facebook, Instagram, Threads e WhatsApp, informar, em um comunicado interno, que abandonaria esfor\u00e7os relacionados \u00e0 diversidade, equidade e inclus\u00e3o (DEI, na sigla em ingl\u00eas). A big tech quer de ajustar ao \u201ccen\u00e1rio jur\u00eddico e pol\u00edtico em mudan\u00e7a\u201d.<\/p>\n<p>Empresas como Walmart e McDonald\u2019s tamb\u00e9m tomaram medidas semelhantes desde a reelei\u00e7\u00e3o do presidente dos Estado unidos, Donald Trump. Elas ajustaram ou encerraram suas a\u00e7\u00f5es de \u201cdiversidade\u201d.\n<\/p>\n<p>Em um comunicado interno, a Amazon afirmou que permanece \u201cdedicada a oferecer experi\u00eancias inclusivas\u201d. No entanto, a companhia pretende revisar sua abordagem para priorizar programas com \u201cresultados comprovados\u201d.\n<\/p>\n<p>Candi Castleberry, vice-presidente de experi\u00eancias inclusivas e tecnologia da Amazon, escreveu aos colaboradores:\n<\/p>\n<p>\u201cComo parte dessa evolu\u00e7\u00e3o, estamos descontinuando programas e materiais desatualizados e esperamos concluir isso at\u00e9 o final de 2024\u201d.\n<\/p>\n<p>Castleberry tamb\u00e9m destacou que os grupos de afinidade da empresa ser\u00e3o unificados sob uma \u00fanica estrutura.\n<\/p>\n<p>Al\u00e9m da Amazon, outras grandes empresas evitam agenda progressista<br \/>Outras empresas do setor financeiro, como JPMorgan Chase e BlackRock, tamb\u00e9m tomaram decis\u00f5es semelhantes recentemente. Elas sa\u00edram de grupos focados em mudan\u00e7as clim\u00e1ticas, indicando um movimento mais amplo em dire\u00e7\u00e3o a ajustes estrat\u00e9gicos.\n<\/p>\n<p>Esse recuo acelerou nos \u00faltimos dois anos, impulsionado por cr\u00edticas a companhias como a BlackRock e a Disney, acusadas de promover agendas \u201cwoke\u201d. Grandes marcas como Bud Light e Target enfrentaram boicotes e rea\u00e7\u00f5es adversas em raz\u00e3o de a\u00e7\u00f5es voltadas a atrair o p\u00fablico LGBT.\n<\/p>\n<p>Vetos a programas de cotas<br \/>Em 2023, a Suprema Corte dos EUA proibiu universidades privadas de considerarem a ra\u00e7a como crit\u00e9rio de admiss\u00e3o. Outra decis\u00e3o judicial invalidou uma pol\u00edtica da Nasdaq que exigia diversidade nos conselhos de administra\u00e7\u00e3o de empresas listadas.\n<\/p>\n<p>A Meta tamb\u00e9m informou que encerrar\u00e1 esfor\u00e7os para trabalhar com fornecedores \u201cdiversificados\u201d, preferindo focar em pequenas e m\u00e9dias empresas. Al\u00e9m disso, a companhia planeja descontinuar treinamentos de \u201cequidade e inclus\u00e3o\u201d e implementar programas voltados a mitigar preconceitos de forma abrangente.\n<\/p>\n<p>Fonte:Revista Oeste              <\/p>\n<\/div>\n<p><br \/>\n<br \/><a href=\"https:\/\/diariodobrasilnoticias.com.br\/noticia\/amazon-anuncia-reducao-de-iniciativas-woke-678660e318a61\">Source link <\/a><\/p>","protected":false},"excerpt":{"rendered":"<p>A Amazon anunciou que est\u00e1 reduzindo seus programas de \u201cdiversidade\u201d. A companhia de Jeff Bezos segue o exemplo de outras empresas nos Estados Unidos que v\u00eam ajustando iniciativas de contrata\u00e7\u00e3o&hellip;<\/p>","protected":false},"author":1,"featured_media":91608,"comment_status":"closed","ping_status":"open","sticky":false,"template":"","format":"standard","meta":{"content-type":"","footnotes":""},"categories":[16],"tags":[123,2448,5313,1267],"class_list":["post-91607","post","type-post","status-publish","format-standard","has-post-thumbnail","hentry","category-noticias","tag-brasil","tag-diario","tag-noticia","tag-noticias"],"_links":{"self":[{"href":"https:\/\/tvbrazilusa.com\/pt\/wp-json\/wp\/v2\/posts\/91607","targetHints":{"allow":["GET"]}}],"collection":[{"href":"https:\/\/tvbrazilusa.com\/pt\/wp-json\/wp\/v2\/posts"}],"about":[{"href":"https:\/\/tvbrazilusa.com\/pt\/wp-json\/wp\/v2\/types\/post"}],"author":[{"embeddable":true,"href":"https:\/\/tvbrazilusa.com\/pt\/wp-json\/wp\/v2\/users\/1"}],"replies":[{"embeddable":true,"href":"https:\/\/tvbrazilusa.com\/pt\/wp-json\/wp\/v2\/comments?post=91607"}],"version-history":[{"count":1,"href":"https:\/\/tvbrazilusa.com\/pt\/wp-json\/wp\/v2\/posts\/91607\/revisions"}],"predecessor-version":[{"id":91609,"href":"https:\/\/tvbrazilusa.com\/pt\/wp-json\/wp\/v2\/posts\/91607\/revisions\/91609"}],"wp:featuredmedia":[{"embeddable":true,"href":"https:\/\/tvbrazilusa.com\/pt\/wp-json\/wp\/v2\/media\/91608"}],"wp:attachment":[{"href":"https:\/\/tvbrazilusa.com\/pt\/wp-json\/wp\/v2\/media?parent=91607"}],"wp:term":[{"taxonomy":"category","embeddable":true,"href":"https:\/\/tvbrazilusa.com\/pt\/wp-json\/wp\/v2\/categories?post=91607"},{"taxonomy":"post_tag","embeddable":true,"href":"https:\/\/tvbrazilusa.com\/pt\/wp-json\/wp\/v2\/tags?post=91607"}],"curies":[{"name":"wp","href":"https:\/\/api.w.org\/{rel}","templated":true}]}}