{"id":91610,"date":"2025-01-14T15:17:42","date_gmt":"2025-01-14T15:17:42","guid":{"rendered":"https:\/\/tvbrazilusa.com\/2025\/01\/14\/governo-tenta-obrigar-trabalhadores-a-financiar-a-estrutura-sindical\/"},"modified":"2025-01-14T15:17:44","modified_gmt":"2025-01-14T15:17:44","slug":"governo-tenta-obrigar-trabalhadores-a-financiar-a-estrutura-sindical","status":"publish","type":"post","link":"https:\/\/tvbrazilusa.com\/pt\/2025\/01\/14\/governo-tenta-obrigar-trabalhadores-a-financiar-a-estrutura-sindical\/","title":{"rendered":"Governo tenta obrigar trabalhadores a financiar a estrutura sindical"},"content":{"rendered":"<p> <script async src=\"https:\/\/pagead2.googlesyndication.com\/pagead\/js\/adsbygoogle.js?client=ca-pub-8864793242727901\"\r\n     crossorigin=\"anonymous\"><\/script><br \/>\n<\/p>\n<div id=\"taboola-read-more\" style=\"display:block; width:100%\">\n<p>O governo Lula vai tentar, de novo, aprovar uma legisla\u00e7\u00e3o impondo aos trabalhadores o financiamento dos sindicatos. Nos \u00faltimos dois anos, o Congresso rejeitou todas as iniciativas de restaura\u00e7\u00e3o da antiga contribui\u00e7\u00e3o sindical compuls\u00f3ria, extinta em 2017 na administra\u00e7\u00e3o Michel Temer.\n<\/p>\n<p>A ideia da recria\u00e7\u00e3o persiste, agora defendida pelo Minist\u00e9rio do Trabalho com o argumento da necessidade de fixar remunera\u00e7\u00e3o extra para as entidades nos acordos trabalhistas. Sindicatos seriam obrigatoriamente remunerados por todos, a cada acordo coletivo aprovado em assembleia, al\u00e9m da taxa mensal que j\u00e1 cobram dos associados.<\/p>\n<p>\u00c9 um problema priorit\u00e1rio para a representa\u00e7\u00e3o sindical trabalhista, que perdeu quase metade da receita, em alguns casos at\u00e9 dois ter\u00e7os, desde a extin\u00e7\u00e3o do antigo imposto sindical.\n<\/p>\n<p>\u00c9 quest\u00e3o pol\u00eamica no Congresso por v\u00e1rias raz\u00f5es. Uma delas \u00e9 a perpetua\u00e7\u00e3o de uma estrutura sindical dependente do governo, como ocorre h\u00e1 quase um s\u00e9culo, at\u00e9 para sobreviv\u00eancia financeira.\n<\/p>\n<p>Lula manteve esse tipo de rela\u00e7\u00e3o. O Minist\u00e9rio do Trabalho, chefiado por Luiz Marinho, antigo sindicalista metal\u00fargico de S\u00e3o Bernardo do Campo e ex-presidente da Central \u00danica de Trabalhadores, lidera a coaliz\u00e3o sindical interessada no aval do Congresso para recompor o pr\u00f3prio caixa com a imposi\u00e7\u00e3o de remunera\u00e7\u00e3o extra nos acordos coletivos.\n<\/p>\n<p>Governo e organiza\u00e7\u00f5es sindicais n\u00e3o tratam o assunto com transpar\u00eancia. Os dados oficiais sobre sindicatos s\u00e3o opacos. O minist\u00e9rio, por exemplo, limita-se a divulgar a exist\u00eancia de 17.355 sindicatos com \u201cregistro ativo\u201d at\u00e9 esta segunda-feira (13\/1). Desses, 12.045 seriam de trabalhadores e 5.310 de empregadores.\n<\/p>\n<p>Permanecem ocultos, se existem, detalhes sobre organiza\u00e7\u00e3o (centrais, federa\u00e7\u00f5es ou sindicatos), categoria profissional ou econ\u00f4mica, evolu\u00e7\u00e3o dos \u201cregistros\u201d, pulveriza\u00e7\u00e3o, representatividade efetiva, custeio e controle social, entre outras informa\u00e7\u00f5es relevantes. Rara, tamb\u00e9m, \u00e9 a divulga\u00e7\u00e3o das contas das entidades sindicais trabalhistas ou empresariais \u2014 estas amparadas no bilion\u00e1rio e paraestatal Sistema S (Sesc, Senac, Sesi, Senar e similares).\n<\/p>\n<p>Houve per\u00edodos, nas \u00faltimas duas d\u00e9cadas, em que o governo certificou a cria\u00e7\u00e3o de uma entidade sindical por dia. Surgiram sindicatos de cordelistas, parapsic\u00f3logos e at\u00e9 de propriet\u00e1rios de cavalos puro sangue ingl\u00eas de corrida, entre outros.\n<\/p>\n<p>Apareceram, tamb\u00e9m, os gen\u00e9ricos, como o \u201cdos trabalhadores de categorias similares e conexas\u201d. Nada, por\u00e9m, superou o \u201cSindicato dos Trabalhadores que Prestam Servi\u00e7os de Natureza Cont\u00ednua ou N\u00e3o, de Finalidade n\u00e3o Lucrativa \u00e0 Pessoa ou \u00e0 Fam\u00edlia, no \u00c2mbito Residencial Destas\u201d.\n<\/p>\n<p>Em outubro, \u00e0s v\u00e9speras do segundo turno das elei\u00e7\u00f5es municipais, trabalhadores formaram uma fila no centro de S\u00e3o Paulo para registrar a decis\u00e3o de n\u00e3o pagar uma taxa ao Sitraemfa (Sindicato dos Trabalhadores em Entidades de Assist\u00eancia e Educa\u00e7\u00e3o \u00e0 Crian\u00e7a, ao Adolescente e a Fam\u00edlia do Estado de S\u00e3o Paulo).\n<\/p>\n<p>H\u00e1 evidente risco pol\u00edtico para o governo na imposi\u00e7\u00e3o aos trabalhadores de novas formas de financiamento dos sindicatos. Pode satisfazer \u00e0 clientela do sindicalismo que ascendeu na pol\u00edtica com Lula, mas tende a ser vista como mais uma esp\u00e9cie de tributa\u00e7\u00e3o sobre os sal\u00e1rios.<\/p>\n<p>Fonte: Veja              <\/p>\n<\/div>\n<p><br \/>\n<br \/><a href=\"https:\/\/diariodobrasilnoticias.com.br\/noticia\/governo-tenta-obrigar-trabalhadores-a-financiar-a-estrutura-sindical-678669ac8da69\">Source link <\/a><\/p>","protected":false},"excerpt":{"rendered":"<p>O governo Lula vai tentar, de novo, aprovar uma legisla\u00e7\u00e3o impondo aos trabalhadores o financiamento dos sindicatos. Nos \u00faltimos dois anos, o Congresso rejeitou todas as iniciativas de restaura\u00e7\u00e3o da&hellip;<\/p>","protected":false},"author":1,"featured_media":91611,"comment_status":"closed","ping_status":"open","sticky":false,"template":"","format":"standard","meta":{"content-type":"","footnotes":""},"categories":[16],"tags":[123,2448,5313,1267],"class_list":["post-91610","post","type-post","status-publish","format-standard","has-post-thumbnail","hentry","category-noticias","tag-brasil","tag-diario","tag-noticia","tag-noticias"],"_links":{"self":[{"href":"https:\/\/tvbrazilusa.com\/pt\/wp-json\/wp\/v2\/posts\/91610","targetHints":{"allow":["GET"]}}],"collection":[{"href":"https:\/\/tvbrazilusa.com\/pt\/wp-json\/wp\/v2\/posts"}],"about":[{"href":"https:\/\/tvbrazilusa.com\/pt\/wp-json\/wp\/v2\/types\/post"}],"author":[{"embeddable":true,"href":"https:\/\/tvbrazilusa.com\/pt\/wp-json\/wp\/v2\/users\/1"}],"replies":[{"embeddable":true,"href":"https:\/\/tvbrazilusa.com\/pt\/wp-json\/wp\/v2\/comments?post=91610"}],"version-history":[{"count":1,"href":"https:\/\/tvbrazilusa.com\/pt\/wp-json\/wp\/v2\/posts\/91610\/revisions"}],"predecessor-version":[{"id":91612,"href":"https:\/\/tvbrazilusa.com\/pt\/wp-json\/wp\/v2\/posts\/91610\/revisions\/91612"}],"wp:featuredmedia":[{"embeddable":true,"href":"https:\/\/tvbrazilusa.com\/pt\/wp-json\/wp\/v2\/media\/91611"}],"wp:attachment":[{"href":"https:\/\/tvbrazilusa.com\/pt\/wp-json\/wp\/v2\/media?parent=91610"}],"wp:term":[{"taxonomy":"category","embeddable":true,"href":"https:\/\/tvbrazilusa.com\/pt\/wp-json\/wp\/v2\/categories?post=91610"},{"taxonomy":"post_tag","embeddable":true,"href":"https:\/\/tvbrazilusa.com\/pt\/wp-json\/wp\/v2\/tags?post=91610"}],"curies":[{"name":"wp","href":"https:\/\/api.w.org\/{rel}","templated":true}]}}