{"id":91613,"date":"2025-01-14T15:29:50","date_gmt":"2025-01-14T15:29:50","guid":{"rendered":"https:\/\/tvbrazilusa.com\/2025\/01\/14\/apoio-a-policia-linha-dura-de-tarcisio-e-majoritario-entre-os-brasileiros-aponta-parana-pesquisas\/"},"modified":"2025-01-14T15:29:52","modified_gmt":"2025-01-14T15:29:52","slug":"apoio-a-policia-linha-dura-de-tarcisio-e-majoritario-entre-os-brasileiros-aponta-parana-pesquisas","status":"publish","type":"post","link":"https:\/\/tvbrazilusa.com\/pt\/2025\/01\/14\/apoio-a-policia-linha-dura-de-tarcisio-e-majoritario-entre-os-brasileiros-aponta-parana-pesquisas\/","title":{"rendered":"Apoio \u00e0 pol\u00edcia &#8216;linha-dura&#8217; de Tarc\u00edsio \u00e9 majorit\u00e1rio entre os brasileiros, aponta Paran\u00e1 Pesquisas"},"content":{"rendered":"<p> <script async src=\"https:\/\/pagead2.googlesyndication.com\/pagead\/js\/adsbygoogle.js?client=ca-pub-8864793242727901\"\r\n     crossorigin=\"anonymous\"><\/script><br \/>\n<\/p>\n<div id=\"taboola-read-more\" style=\"display:block; width:100%\">\n<p>A maioria dos brasileiros (53,1%) aprova a pol\u00edtica \u201clinha-dura\u201d do governador de S\u00e3o Paulo, Tarc\u00edsio de Freitas (Republicanos), para a Pol\u00edcia Militar (PM), segundo levantamento divulgado pelo instituto Paran\u00e1 Pesquisas nesta ter\u00e7a-feira (14).\n<\/p>\n<p>O \u00edndice de entrevistados que desaprovam a estrat\u00e9gia de Tarc\u00edsio \u00e9 de 25,7%, de acordo com a pesquisa. Outros 21,2% n\u00e3o souberam responder ou n\u00e3o opinaram acerca do tema.<\/p>\n<p>O questionamento feito pelo instituto aos entrevistados foi o seguinte: \u201cDe uma maneira geral o(a) Sr(a) diria aprova ou desaprova a pol\u00edtica linha dura do Governador Tarc\u00edsio de Freitas para a pol\u00edcia militar do Estado de S\u00e3o Paulo?\u201d\n<\/p>\n<p>Foram ouvidos 2.018 eleitores em 26 estados e no Distrito Federal entre os dias 7 e 10 de janeiro. A margem de erro \u00e9 de 2,2 pontos percentuais, para mais ou para menos, e o n\u00edvel de confian\u00e7a \u00e9 de 95%.\n<\/p>\n<p>Percep\u00e7\u00e3o de viol\u00eancia<br \/>O instituto avaliou tamb\u00e9m a percep\u00e7\u00e3o dos entrevistados quanto a PM de S\u00e3o Paulo ser mais violenta do que a corpora\u00e7\u00e3o de outros estados do pa\u00eds (veja os detalhes no gr\u00e1fico abaixo).\n<\/p>\n<p>Flourish logoA Flourish chart\n<\/p>\n<h2>Mortes por PMs crescem<\/h2>\n<p>Segundo levantamento do Grupo de Atua\u00e7\u00e3o Especial da Seguran\u00e7a P\u00fablica e Controle Externo da Atividade Policial do Minist\u00e9rio P\u00fablico de S\u00e3o Paulo, as mortes por interven\u00e7\u00e3o policial no estado cresceram cerca de\u00a0<strong>98%<\/strong>\u00a0durante os dois primeiros anos do governo Tarc\u00edsio.\n<\/p>\n<p>Entre janeiro e novembro de 2022, \u00faltimo ano da gest\u00e3o anterior da Secretaria da Seguran\u00e7a P\u00fablica (SSP), foram 355 ocorr\u00eancias. No mesmo per\u00edodo de 2024, segundo ano da gest\u00e3o de Guilherme Derrite, o n\u00famero saltou para 702 mortes.\n<\/p>\n<h2>Casos de viol\u00eancia policial<\/h2>\n<p>Na madrugada do dia 20 deste m\u00eas, o estudante de medicina Marco Aur\u00e9lio Cardenas Acosta\u00a0<a href=\"https:\/\/www.cnnbrasil.com.br\/nacional\/estudante-e-morto-por-policial-militar-dentro-de-hotel-na-vila-mariana-em-sp\/\" target=\"_blank\" rel=\"noopener noreferrer\">foi morto por um policial militar ap\u00f3s uma abordagem em um hotel<\/a>\u00a0no bairro da Vila Mariana, zona sul da capital paulista.\n<\/p>\n<div id=\"middle_4\" class=\"custom__ad__element\" data-google-query-id=\"CIWJrqma9YoDFVpKuAQdmPAOmw\">\n<p>Segundo o boletim de ocorr\u00eancia obtido pela\u00a0<strong>CNN<\/strong>, os policiais atenderam uma chamada no local e relataram que Marco Aur\u00e9lio estava \u201cbastante alterado, agressivo, e resistiu \u00e0 abordagem policial, entrando em vias de fato com a equipe.\u201d\n<\/p>\n<p>Durante o confronto, ainda segundo o documento, Marco Aur\u00e9lio teria tentado pegar a arma de um dos policiais.\n<\/p>\n<p>O soldado, ent\u00e3o, disparou contra o estudante. A vers\u00e3o contada pelos PMs n\u00e3o condiz com as imagens das c\u00e2meras de seguran\u00e7a do hotel, que mostram que o estudante n\u00e3o tentou pegar o rev\u00f3lver do policial.\n<\/p>\n<p>Em novembro,\u00a0<a href=\"https:\/\/www.cnnbrasil.com.br\/nacional\/o-que-se-sabe-sobre-caso-de-pm-que-matou-jovem-negro-com-tiros-nas-costas-em-sp\/\">imagens de c\u00e2meras de seguran\u00e7a\u00a0<\/a>mostraram que o jovem negro Gabriel Renan da Silva Soares foi executado pelas costas pelo policial militar Vinicius de Lima Britto em um mercado da zona sul da cidade.\n<\/p>\n<p>A vers\u00e3o inicial apresentada pelo PM era de que o jovem teria feito men\u00e7\u00e3o de estar armado, o que, na vers\u00e3o dele, justificaria os disparos. Um atendente do mercado corroborou essa narrativa, alegando que Gabriel teria dito: \u201cN\u00e3o mexe comigo, que estou armado, n\u00e3o quero nada do que \u00e9 seu.\u201d\n<\/p>\n<p id=\"middle_5\" data-google-query-id=\"CPv8rKma9YoDFVpKuAQdmPAOmw\">Entretanto, as imagens mostram que o jovem, que havia acabado de furtar itens de limpeza, escorregou quando tentou sair correndo do mercado e que em nenhum momento fez men\u00e7\u00e3o de estar armado. Nas imagens, tamb\u00e9m \u00e9 poss\u00edvel concluir que n\u00e3o houve di\u00e1logo, e que o policial acertou a v\u00edtima pelas costas.\n<\/p>\n<p data-google-query-id=\"CPv8rKma9YoDFVpKuAQdmPAOmw\">Em 2 de dezembro,\u00a0<a href=\"https:\/\/www.cnnbrasil.com.br\/nacional\/video-mostra-policial-jogando-homem-de-cima-da-ponte-durante-abordagem-em-sp\/\" target=\"_blank\" rel=\"noopener noreferrer\">um v\u00eddeo flagrou um policial militar jogando um homem de uma ponte na zona sul de S\u00e3o Paulo<\/a>. Segundo informa\u00e7\u00f5es, o caso ocorreu no bairro da Vila Clara, na regi\u00e3o de Cidade Ademar.\u00a0<a href=\"https:\/\/www.cnnbrasil.com.br\/nacional\/treze-policiais-sao-afastados-em-caso-de-homem-jogado-de-ponte-em-sp\/\" target=\"_blank\" rel=\"noopener noreferrer\">Os 13 agentes envolvidos na a\u00e7\u00e3o foram afastados.<\/a>\n<\/p>\n<h2>M\u00e3e de Marco Aur\u00e9lio pediu demiss\u00e3o de Derrite<\/h2>\n<p>A m\u00e3e do estudante de medicina que foi morto por um policial militar na Vila Mariana chegou a enviar uma carta aberta a Tarc\u00edsio pedindo a demiss\u00e3o de Guilherme Derrite.\n<\/p>\n<p>No documento, Silvia Prado faz diversas cr\u00edticas ao governador, ao secret\u00e1rio de Seguran\u00e7a P\u00fablica e ao comandante-geral da Pol\u00edcia Militar, Coronel C\u00e1ssio Ara\u00fajo de Freitas.\n<\/p>\n<p>Ela classificou o homic\u00eddio de seu filho como \u201ccruel e covarde\u201d e escreve que o governador defende o indefens\u00e1vel, que seria a manuten\u00e7\u00e3o de Derrite e C\u00e1ssio de Freitas em seus cargos.\n<\/p>\n<p>\u201cTu tens que entender que esse Derrite est\u00e1 te arrastando a uma vergonha nacional e mundial\u201c. Silvia afirmou que as pr\u00e1ticas criticadas da PM j\u00e1 est\u00e3o \u201cnas veias da tropa, que se espelha em Derrite\u201d.\n<\/p>\n<p>A mulher tamb\u00e9m disse que testemunha outras m\u00e3es que choram e sofrem muitos anos por Justi\u00e7a pelas mortes de seus filhos em a\u00e7\u00f5es de policiais militares.\n<\/p>\n<p>\u201cVoc\u00ea nunca vai entender a dor t\u00e3o grande que a morte de um filho causa na alma que fica \u00e0 deriva, onde os sonhos se destroem e at\u00e9 respirar custa\u201d, desabafa a m\u00e3e.\n<\/p>\n<p>No final do documento, Silvia pediu a demiss\u00e3o imediata de Guilherme Derrite e do Coronel C\u00e1ssio de Freitas, al\u00e9m da expuls\u00e3o dos PMs Guilherme Augusto Macedo e Bruno Carvalho do Prado, denunciados pela morte do estudante de medicina.\n<\/p>\n<p>Ela ainda solicitou que o governador fa\u00e7a uma desculpa p\u00fablica as m\u00e3es que tiveram os filhos mortos pela Pol\u00edcia Militar de S\u00e3o Paulo.\n<\/p>\n<p><em>*Com informa\u00e7\u00f5es de Rafael Saldanha, Rafael Villaroel e Thomaz Coelho, da CNN, em S\u00e3o Paulo<\/em>\n<\/p>\n<p><em>\u00a0<\/em>\n<\/p>\n<\/div><\/div>\n<p><br \/>\n<br \/><a href=\"https:\/\/diariodobrasilnoticias.com.br\/noticia\/apoio-a-policia-linha-dura-de-tarcisio-e-majoritario-entre-os-brasileiros-aponta-parana-pesquisas-67866a7c710a1\">Source link <\/a><\/p>","protected":false},"excerpt":{"rendered":"<p>A maioria dos brasileiros (53,1%) aprova a pol\u00edtica \u201clinha-dura\u201d do governador de S\u00e3o Paulo, Tarc\u00edsio de Freitas (Republicanos), para a Pol\u00edcia Militar (PM), segundo levantamento divulgado pelo instituto Paran\u00e1 Pesquisas&hellip;<\/p>","protected":false},"author":1,"featured_media":91614,"comment_status":"closed","ping_status":"open","sticky":false,"template":"","format":"standard","meta":{"content-type":"","footnotes":""},"categories":[16],"tags":[123,2448,5313,1267],"class_list":["post-91613","post","type-post","status-publish","format-standard","has-post-thumbnail","hentry","category-noticias","tag-brasil","tag-diario","tag-noticia","tag-noticias"],"_links":{"self":[{"href":"https:\/\/tvbrazilusa.com\/pt\/wp-json\/wp\/v2\/posts\/91613","targetHints":{"allow":["GET"]}}],"collection":[{"href":"https:\/\/tvbrazilusa.com\/pt\/wp-json\/wp\/v2\/posts"}],"about":[{"href":"https:\/\/tvbrazilusa.com\/pt\/wp-json\/wp\/v2\/types\/post"}],"author":[{"embeddable":true,"href":"https:\/\/tvbrazilusa.com\/pt\/wp-json\/wp\/v2\/users\/1"}],"replies":[{"embeddable":true,"href":"https:\/\/tvbrazilusa.com\/pt\/wp-json\/wp\/v2\/comments?post=91613"}],"version-history":[{"count":1,"href":"https:\/\/tvbrazilusa.com\/pt\/wp-json\/wp\/v2\/posts\/91613\/revisions"}],"predecessor-version":[{"id":91615,"href":"https:\/\/tvbrazilusa.com\/pt\/wp-json\/wp\/v2\/posts\/91613\/revisions\/91615"}],"wp:featuredmedia":[{"embeddable":true,"href":"https:\/\/tvbrazilusa.com\/pt\/wp-json\/wp\/v2\/media\/91614"}],"wp:attachment":[{"href":"https:\/\/tvbrazilusa.com\/pt\/wp-json\/wp\/v2\/media?parent=91613"}],"wp:term":[{"taxonomy":"category","embeddable":true,"href":"https:\/\/tvbrazilusa.com\/pt\/wp-json\/wp\/v2\/categories?post=91613"},{"taxonomy":"post_tag","embeddable":true,"href":"https:\/\/tvbrazilusa.com\/pt\/wp-json\/wp\/v2\/tags?post=91613"}],"curies":[{"name":"wp","href":"https:\/\/api.w.org\/{rel}","templated":true}]}}