{"id":91616,"date":"2025-01-14T15:42:11","date_gmt":"2025-01-14T15:42:11","guid":{"rendered":"https:\/\/tvbrazilusa.com\/2025\/01\/14\/morre-o-ex-senador-benedito-de-lira-pai-de-arthur-lira-aos-82-anos\/"},"modified":"2025-01-14T15:42:12","modified_gmt":"2025-01-14T15:42:12","slug":"morre-o-ex-senador-benedito-de-lira-pai-de-arthur-lira-aos-82-anos","status":"publish","type":"post","link":"https:\/\/tvbrazilusa.com\/pt\/2025\/01\/14\/morre-o-ex-senador-benedito-de-lira-pai-de-arthur-lira-aos-82-anos\/","title":{"rendered":"Morre o ex-senador Benedito de Lira, pai de Arthur Lira, aos 82 anos"},"content":{"rendered":"<p> <script async src=\"https:\/\/pagead2.googlesyndication.com\/pagead\/js\/adsbygoogle.js?client=ca-pub-8864793242727901\"\r\n     crossorigin=\"anonymous\"><\/script><br \/>\n<\/p>\n<div id=\"taboola-read-more\" style=\"display:block; width:100%\">\n<p>Morreu na manh\u00e3 desta ter\u00e7a-feira (14), aos 82 anos, o ex-senador Benedito de Lira (PP-AL), um dos l\u00edderes mais importantes da hist\u00f3ria pol\u00edtica de Alagoas. Pai do presidente da C\u00e2mara dos Deputados, Arthur Lira (PP-AL), o popular \u201cBiu de Lira\u201d enfrentava tratamento contra um c\u00e2ncer. Os detalhes sobre as cerim\u00f4nias de vel\u00f3rio e enterro ainda ser\u00e3o anunciados pela fam\u00edlia\n<\/p>\n<p>Seu cora\u00e7\u00e3o silenciou hoje, ap\u00f3s trajet\u00f3ria de vit\u00f3rias eleitorais que deixaram um legado de trabalho pelo povo alagoano, nos mandatos de senador, deputado federal, deputado estadual, vereador em Junqueiro e em Macei\u00f3 e prefeito reeleito da Barra de S\u00e3o Miguel.<\/p>\n<p>Biu de Lira foi operado em 31 de dezembro de 2024, em procedimento de emerg\u00eancia e estava internado no Hospital Arthur Ramos, em Macei\u00f3. E, mesmo em tratamento, o prefeito superava adversidades e para se empenhar em seu \u00faltimo mandato p\u00fablico.\n<\/p>\n<p>Fonte: Di\u00e1rio do Poder              <\/p>\n<\/div>\n<p><br \/>\n<br \/><a href=\"https:\/\/diariodobrasilnoticias.com.br\/noticia\/morre-o-ex-senador-benedito-de-lira-pai-de-arthur-lira-aos-82-anos-67866e052975c\">Source link <\/a><\/p>","protected":false},"excerpt":{"rendered":"<p>Morreu na manh\u00e3 desta ter\u00e7a-feira (14), aos 82 anos, o ex-senador Benedito de Lira (PP-AL), um dos l\u00edderes mais importantes da hist\u00f3ria pol\u00edtica de Alagoas. Pai do presidente da C\u00e2mara&hellip;<\/p>","protected":false},"author":1,"featured_media":91617,"comment_status":"closed","ping_status":"open","sticky":false,"template":"","format":"standard","meta":{"content-type":"","footnotes":""},"categories":[16],"tags":[123,2448,5313,1267],"class_list":["post-91616","post","type-post","status-publish","format-standard","has-post-thumbnail","hentry","category-noticias","tag-brasil","tag-diario","tag-noticia","tag-noticias"],"_links":{"self":[{"href":"https:\/\/tvbrazilusa.com\/pt\/wp-json\/wp\/v2\/posts\/91616","targetHints":{"allow":["GET"]}}],"collection":[{"href":"https:\/\/tvbrazilusa.com\/pt\/wp-json\/wp\/v2\/posts"}],"about":[{"href":"https:\/\/tvbrazilusa.com\/pt\/wp-json\/wp\/v2\/types\/post"}],"author":[{"embeddable":true,"href":"https:\/\/tvbrazilusa.com\/pt\/wp-json\/wp\/v2\/users\/1"}],"replies":[{"embeddable":true,"href":"https:\/\/tvbrazilusa.com\/pt\/wp-json\/wp\/v2\/comments?post=91616"}],"version-history":[{"count":1,"href":"https:\/\/tvbrazilusa.com\/pt\/wp-json\/wp\/v2\/posts\/91616\/revisions"}],"predecessor-version":[{"id":91618,"href":"https:\/\/tvbrazilusa.com\/pt\/wp-json\/wp\/v2\/posts\/91616\/revisions\/91618"}],"wp:featuredmedia":[{"embeddable":true,"href":"https:\/\/tvbrazilusa.com\/pt\/wp-json\/wp\/v2\/media\/91617"}],"wp:attachment":[{"href":"https:\/\/tvbrazilusa.com\/pt\/wp-json\/wp\/v2\/media?parent=91616"}],"wp:term":[{"taxonomy":"category","embeddable":true,"href":"https:\/\/tvbrazilusa.com\/pt\/wp-json\/wp\/v2\/categories?post=91616"},{"taxonomy":"post_tag","embeddable":true,"href":"https:\/\/tvbrazilusa.com\/pt\/wp-json\/wp\/v2\/tags?post=91616"}],"curies":[{"name":"wp","href":"https:\/\/api.w.org\/{rel}","templated":true}]}}