{"id":91657,"date":"2025-01-14T17:31:19","date_gmt":"2025-01-14T17:31:19","guid":{"rendered":"https:\/\/tvbrazilusa.com\/2025\/01\/14\/urgente-veja-o-convite-oficial-que-bolsonaro-apresentou-ao-stf-para-ir-a-posse-de-trump\/"},"modified":"2025-01-14T17:31:21","modified_gmt":"2025-01-14T17:31:21","slug":"urgente-veja-o-convite-oficial-que-bolsonaro-apresentou-ao-stf-para-ir-a-posse-de-trump","status":"publish","type":"post","link":"https:\/\/tvbrazilusa.com\/pt\/2025\/01\/14\/urgente-veja-o-convite-oficial-que-bolsonaro-apresentou-ao-stf-para-ir-a-posse-de-trump\/","title":{"rendered":"URGENTE: Veja o convite oficial que Bolsonaro apresentou ao STF para ir \u00e0 posse de Trump"},"content":{"rendered":"<p> <script async src=\"https:\/\/pagead2.googlesyndication.com\/pagead\/js\/adsbygoogle.js?client=ca-pub-8864793242727901\"\r\n     crossorigin=\"anonymous\"><\/script><br \/>\n<\/p>\n<div id=\"taboola-read-more\" style=\"display:block; width:100%\">\n<p>A defesa do ex-presidente Jair Bolsonaro entregou nesta segunda-feira (13) o convite para a posse do presidente eleito dos Estados Unidos, Donald Trump, ao ministro Alexandre de Moraes, do STF (Supremo Tribunal Federal).\n<\/p>\n<p>O ex-presidente pretende viajar na sexta-feira (17) para Washington e permanecer nos Estados Unidos at\u00e9 o dia 23. O pedido de autoriza\u00e7\u00e3o para a viagem est\u00e1 com Moraes. Por responder a processos, o ex-presidente teve o passaporte apreendido e est\u00e1 impedido de viajar sem autoriza\u00e7\u00e3o judicial.<\/p>\n<p>A defesa afirma que o convite enviado por e-mail \u00e9 oficial. \u201cN\u00e3o h\u00e1 equ\u00edvoco quanto a veracidade do e-mail\u201d, dizem os advogados do ex-presidente na peti\u00e7\u00e3o enviada ao STF.\n<\/p>\n<p>Segundo eles, \u201cpela p\u00e1gina principal do website (do evento) \u00e9 poss\u00edvel aferir a declara\u00e7\u00e3o apresentada pelos Srs. Steve Witkoff e Hon. Kelly Loeffler, correspons\u00e1veis pela Trump Vance Inaugural Committee, Inc., no sentido de possu\u00edrem a honra em liderar a organiza\u00e7\u00e3o que planejar\u00e1 os eventos de celebra\u00e7\u00e3o, em 20 de janeiro de 2025, da tomada de posse de Donald John Trump e JD Vance como Presidente e Vice-Presidente dos Estados Unidos da Am\u00e9rica\u201d.\n<\/p>\n<\/p>\n<p class=\"dark:base-text-neutral-high-400 base-text-[calc(theme(fontSize.xs)_*_var(--font-size,_1))] base-font-normal base-font-primary base-text-neutral-low-500 base-text-left\"><span class=\"b-article-body__text\">No fim de semana, o ministro do Supremo pediu mais informa\u00e7\u00f5es \u00e0 equipe de Bolsonaro. Nas redes sociais, advers\u00e1rios pol\u00edticos chegaram a suspeitar da veracidade do convite feito por Trump a Bolsonaro, algo que o deputado Eduardo Bolsonaro rebateu. O deputado afirmou que fake news \u00e9 dizer que Bolsonaro n\u00e3o foi convidado.<\/span>\n<\/p>\n<p>Fonte: r7<\/p>\n<\/p><\/div>\n<p><br \/>\n<br \/><a href=\"https:\/\/diariodobrasilnoticias.com.br\/noticia\/urgente-veja-o-convite-oficial-que-bolsonaro-apresentou-ao-stf-para-ir-a-posse-de-trump-6786803e66b74\">Source link <\/a><\/p>","protected":false},"excerpt":{"rendered":"<p>A defesa do ex-presidente Jair Bolsonaro entregou nesta segunda-feira (13) o convite para a posse do presidente eleito dos Estados Unidos, Donald Trump, ao ministro Alexandre de Moraes, do STF&hellip;<\/p>","protected":false},"author":1,"featured_media":91658,"comment_status":"closed","ping_status":"open","sticky":false,"template":"","format":"standard","meta":{"content-type":"","footnotes":""},"categories":[16],"tags":[123,2448,5313,1267],"class_list":["post-91657","post","type-post","status-publish","format-standard","has-post-thumbnail","hentry","category-noticias","tag-brasil","tag-diario","tag-noticia","tag-noticias"],"_links":{"self":[{"href":"https:\/\/tvbrazilusa.com\/pt\/wp-json\/wp\/v2\/posts\/91657","targetHints":{"allow":["GET"]}}],"collection":[{"href":"https:\/\/tvbrazilusa.com\/pt\/wp-json\/wp\/v2\/posts"}],"about":[{"href":"https:\/\/tvbrazilusa.com\/pt\/wp-json\/wp\/v2\/types\/post"}],"author":[{"embeddable":true,"href":"https:\/\/tvbrazilusa.com\/pt\/wp-json\/wp\/v2\/users\/1"}],"replies":[{"embeddable":true,"href":"https:\/\/tvbrazilusa.com\/pt\/wp-json\/wp\/v2\/comments?post=91657"}],"version-history":[{"count":1,"href":"https:\/\/tvbrazilusa.com\/pt\/wp-json\/wp\/v2\/posts\/91657\/revisions"}],"predecessor-version":[{"id":91659,"href":"https:\/\/tvbrazilusa.com\/pt\/wp-json\/wp\/v2\/posts\/91657\/revisions\/91659"}],"wp:featuredmedia":[{"embeddable":true,"href":"https:\/\/tvbrazilusa.com\/pt\/wp-json\/wp\/v2\/media\/91658"}],"wp:attachment":[{"href":"https:\/\/tvbrazilusa.com\/pt\/wp-json\/wp\/v2\/media?parent=91657"}],"wp:term":[{"taxonomy":"category","embeddable":true,"href":"https:\/\/tvbrazilusa.com\/pt\/wp-json\/wp\/v2\/categories?post=91657"},{"taxonomy":"post_tag","embeddable":true,"href":"https:\/\/tvbrazilusa.com\/pt\/wp-json\/wp\/v2\/tags?post=91657"}],"curies":[{"name":"wp","href":"https:\/\/api.w.org\/{rel}","templated":true}]}}