{"id":91666,"date":"2025-01-14T17:55:48","date_gmt":"2025-01-14T17:55:48","guid":{"rendered":"https:\/\/tvbrazilusa.com\/2025\/01\/14\/moraes-envia-a-pgr-pedido-de-bolsonaro-para-ir-a-posse-de-trump-faltando-5-dias-para-o-evento\/"},"modified":"2025-01-14T17:55:50","modified_gmt":"2025-01-14T17:55:50","slug":"moraes-envia-a-pgr-pedido-de-bolsonaro-para-ir-a-posse-de-trump-faltando-5-dias-para-o-evento","status":"publish","type":"post","link":"https:\/\/tvbrazilusa.com\/pt\/2025\/01\/14\/moraes-envia-a-pgr-pedido-de-bolsonaro-para-ir-a-posse-de-trump-faltando-5-dias-para-o-evento\/","title":{"rendered":"Moraes envia a PGR pedido de Bolsonaro para ir \u00e0 posse de Trump faltando 5 dias para o evento"},"content":{"rendered":"<p> <script async src=\"https:\/\/pagead2.googlesyndication.com\/pagead\/js\/adsbygoogle.js?client=ca-pub-8864793242727901\"\r\n     crossorigin=\"anonymous\"><\/script><br \/>\n<\/p>\n<div id=\"taboola-read-more\" style=\"display:block; width:100%\">\n<p>O ministro Alexandre de Moraes, do STF, pediu \u00e0 Procuradoria-Geral da Rep\u00fablica (PGR), nesta ter\u00e7a-feira, que se manifeste acerca da poss\u00edvel ida do ex-presidente Jair Bolsonaro ao evento de posse do rec\u00e9m-eleito presidente dos Estados Unidos, Donald Trump. O passaporte de Bolsonaro foi apreendido pela Pol\u00edcia Federal em fevereiro de 2024 no \u00e2mbito de uma opera\u00e7\u00e3o que apura uma poss\u00edvel tentativa de golpe de Estado para que Bolsonaro permanecesse no poder, apesar da vit\u00f3ria do presidente Lula nas elei\u00e7\u00f5es de 2022.\n<\/p>\n<p>Com a posse do republicano agendada para o pr\u00f3ximo dia 20, em Washington, Bolsonaro pediu ao STF pela libera\u00e7\u00e3o de seu passaporte, e informou que a viagem teria dura\u00e7\u00e3o de cinco dias, entre 17 e 22 de janeiro.<\/p>\n<p>O ministro, contudo, pediu \u00e0 defesa do ex-presidente que comprovasse o convite feito pelo americano. Isto porque, segundo Moraes, o pedido de Bolsonaro n\u00e3o chegou \u00e0 Corte munido dos \u201cdocumentos necess\u00e1rios\u201d.\n<\/p>\n<p>\u201cO pedido n\u00e3o veio devidamente instru\u00eddo com os documentos necess\u00e1rios, uma vez que, a mensagem foi enviada para o e-mail do deputado Eduardo Bolsonaro por um endere\u00e7o n\u00e3o identificado: \u2018<a href=\"https:\/\/diariodobrasilnoticias.com.br\/cdn-cgi\/l\/email-protection\" class=\"__cf_email__\" data-cfemail=\"375e595158774303005e595642504245565b1954585a\">[email\u00a0protected]<\/a> <a href=\"https:\/\/diariodobrasilnoticias.com.br\/cdn-cgi\/l\/email-protection\" class=\"__cf_email__\" data-cfemail=\"1970777f76596d2d2e7077786c7e6c6b7875377a7674\">[email\u00a0protected]<\/a>\u2019 e sem qualquer hor\u00e1rio ou programa\u00e7\u00e3o do evento a ser realizado\u201d, disse o ministro.\n<\/p>\n<p>Em resposta a Moraes, a defesa de Bolsonaro informou, nesta segunda-feira, maiores detalhes da programa\u00e7\u00e3o do evento e elementos que confirmam, segundo os advogados do ex-presidente, que o e-mail citado no convite faz mesmo parte da organiza\u00e7\u00e3o oficial da posse de Trump nos Estados Unidos.\n<\/p>\n<p>Agora, o ministro aguarda um parecer da PGR que endossar\u00e1, ou n\u00e3o, a ida de Bolsonaro \u00e0 cerim\u00f4nia.<\/p>\n<p>Fonte: Veja              <\/p>\n<\/div>\n<p><br \/>\n<br \/><a href=\"https:\/\/diariodobrasilnoticias.com.br\/noticia\/moraes-envia-a-pgr-pedido-de-bolsonaro-para-ir-a-posse-de-trump-faltando-5-dias-para-o-evento-67867bec60f60\">Source link <\/a><\/p>","protected":false},"excerpt":{"rendered":"<p>O ministro Alexandre de Moraes, do STF, pediu \u00e0 Procuradoria-Geral da Rep\u00fablica (PGR), nesta ter\u00e7a-feira, que se manifeste acerca da poss\u00edvel ida do ex-presidente Jair Bolsonaro ao evento de posse&hellip;<\/p>","protected":false},"author":1,"featured_media":91667,"comment_status":"closed","ping_status":"open","sticky":false,"template":"","format":"standard","meta":{"content-type":"","footnotes":""},"categories":[16],"tags":[123,2448,5313,1267],"class_list":["post-91666","post","type-post","status-publish","format-standard","has-post-thumbnail","hentry","category-noticias","tag-brasil","tag-diario","tag-noticia","tag-noticias"],"_links":{"self":[{"href":"https:\/\/tvbrazilusa.com\/pt\/wp-json\/wp\/v2\/posts\/91666","targetHints":{"allow":["GET"]}}],"collection":[{"href":"https:\/\/tvbrazilusa.com\/pt\/wp-json\/wp\/v2\/posts"}],"about":[{"href":"https:\/\/tvbrazilusa.com\/pt\/wp-json\/wp\/v2\/types\/post"}],"author":[{"embeddable":true,"href":"https:\/\/tvbrazilusa.com\/pt\/wp-json\/wp\/v2\/users\/1"}],"replies":[{"embeddable":true,"href":"https:\/\/tvbrazilusa.com\/pt\/wp-json\/wp\/v2\/comments?post=91666"}],"version-history":[{"count":1,"href":"https:\/\/tvbrazilusa.com\/pt\/wp-json\/wp\/v2\/posts\/91666\/revisions"}],"predecessor-version":[{"id":91668,"href":"https:\/\/tvbrazilusa.com\/pt\/wp-json\/wp\/v2\/posts\/91666\/revisions\/91668"}],"wp:featuredmedia":[{"embeddable":true,"href":"https:\/\/tvbrazilusa.com\/pt\/wp-json\/wp\/v2\/media\/91667"}],"wp:attachment":[{"href":"https:\/\/tvbrazilusa.com\/pt\/wp-json\/wp\/v2\/media?parent=91666"}],"wp:term":[{"taxonomy":"category","embeddable":true,"href":"https:\/\/tvbrazilusa.com\/pt\/wp-json\/wp\/v2\/categories?post=91666"},{"taxonomy":"post_tag","embeddable":true,"href":"https:\/\/tvbrazilusa.com\/pt\/wp-json\/wp\/v2\/tags?post=91666"}],"curies":[{"name":"wp","href":"https:\/\/api.w.org\/{rel}","templated":true}]}}