{"id":91685,"date":"2025-01-14T18:40:34","date_gmt":"2025-01-14T18:40:34","guid":{"rendered":"https:\/\/tvbrazilusa.com\/2025\/01\/14\/operacao-resgata-82-sobreviventes-e-recupera-36-corpos-de-trabalhadores-presos-em-mina-ilegal\/"},"modified":"2025-01-14T18:40:35","modified_gmt":"2025-01-14T18:40:35","slug":"operacao-resgata-82-sobreviventes-e-recupera-36-corpos-de-trabalhadores-presos-em-mina-ilegal","status":"publish","type":"post","link":"https:\/\/tvbrazilusa.com\/pt\/2025\/01\/14\/operacao-resgata-82-sobreviventes-e-recupera-36-corpos-de-trabalhadores-presos-em-mina-ilegal\/","title":{"rendered":"Opera\u00e7\u00e3o resgata 82 sobreviventes e recupera 36 corpos de trabalhadores presos em mina ilegal"},"content":{"rendered":"<p> <script async src=\"https:\/\/pagead2.googlesyndication.com\/pagead\/js\/adsbygoogle.js?client=ca-pub-8864793242727901\"\r\n     crossorigin=\"anonymous\"><\/script><br \/>\n<\/p>\n<div id=\"taboola-read-more\" style=\"display:block; width:100%\">\n<p>Uma opera\u00e7\u00e3o de resgate que est\u00e1 sendo realizada desde esta segunda-feira (13) j\u00e1 conseguiu tirar 118 &#8211; 82 sobreviventes e 36 corpos &#8211; dos homens que estavam presos em uma mina ilegal perto de Stilfontein, na \u00c1frica do Sul, informou a pol\u00edcia local em comunicado divulgado nesta ter\u00e7a-feira (14).\n<\/p>\n<p>O an\u00fancio do resgate, feito atrav\u00e9s de uma grande gaiola, segundo a pol\u00edcia, ocorre dias ap\u00f3s a divulga\u00e7\u00e3o de um v\u00eddeo da situa\u00e7\u00e3o dos homens presos chocar o mundo: as imagens gravadas por um dos mineiros mostram que eles estavam vivendo em meio a corpos em decomposi\u00e7\u00e3o.<\/p>\n<p>Dos 118 resgatados, 36 deles j\u00e1 estavam mortos.\n<\/p>\n<p>N\u00e3o se sabe quantas pessoas ainda est\u00e3o na mina de ouro, que tem quase dois quil\u00f4metros de profundidade, mas a pol\u00edcia afirma que ainda pode haver v\u00e1rias centenas.\n<\/p>\n<p>De acordo com as organiza\u00e7\u00f5es pr\u00f3-mineiros que divulgaram o v\u00eddeo, mais de 100 mortos foram reportados no local, onde os homens est\u00e3o presos.\n<\/p>\n<p>Nas imagens, eles s\u00e3o um testemunho sombrio sobre o agravamento da sa\u00fade de todos (veja no v\u00eddeo acima). Cartas enviadas \u00e0 superf\u00edcie na semana passada afirmam que os alimentos enviados para baixo s\u00e3o insuficientes para alimentar todos.\n<\/p>\n<p>A pol\u00edcia come\u00e7ou a sitiar a mina em agosto e cortou o fornecimento de comida e \u00e1gua na tentativa de for\u00e7ar os mineiros a subirem \u00e0 superf\u00edcie para que pudessem ser presos como parte da repress\u00e3o \u00e0 minera\u00e7\u00e3o ilegal.<\/p>\n<p>Fonte: g1              <\/p>\n<\/div>\n<p><br \/>\n<br \/><a href=\"https:\/\/diariodobrasilnoticias.com.br\/noticia\/operacao-resgata-82-sobreviventes-e-recupera-36-corpos-de-trabalhadores-presos-em-mina-ilegal-6786842560b60\">Source link <\/a><\/p>","protected":false},"excerpt":{"rendered":"<p>Uma opera\u00e7\u00e3o de resgate que est\u00e1 sendo realizada desde esta segunda-feira (13) j\u00e1 conseguiu tirar 118 &#8211; 82 sobreviventes e 36 corpos &#8211; dos homens que estavam presos em uma&hellip;<\/p>","protected":false},"author":1,"featured_media":91686,"comment_status":"closed","ping_status":"open","sticky":false,"template":"","format":"standard","meta":{"content-type":"","footnotes":""},"categories":[16],"tags":[123,2448,5313,1267],"class_list":["post-91685","post","type-post","status-publish","format-standard","has-post-thumbnail","hentry","category-noticias","tag-brasil","tag-diario","tag-noticia","tag-noticias"],"_links":{"self":[{"href":"https:\/\/tvbrazilusa.com\/pt\/wp-json\/wp\/v2\/posts\/91685","targetHints":{"allow":["GET"]}}],"collection":[{"href":"https:\/\/tvbrazilusa.com\/pt\/wp-json\/wp\/v2\/posts"}],"about":[{"href":"https:\/\/tvbrazilusa.com\/pt\/wp-json\/wp\/v2\/types\/post"}],"author":[{"embeddable":true,"href":"https:\/\/tvbrazilusa.com\/pt\/wp-json\/wp\/v2\/users\/1"}],"replies":[{"embeddable":true,"href":"https:\/\/tvbrazilusa.com\/pt\/wp-json\/wp\/v2\/comments?post=91685"}],"version-history":[{"count":1,"href":"https:\/\/tvbrazilusa.com\/pt\/wp-json\/wp\/v2\/posts\/91685\/revisions"}],"predecessor-version":[{"id":91687,"href":"https:\/\/tvbrazilusa.com\/pt\/wp-json\/wp\/v2\/posts\/91685\/revisions\/91687"}],"wp:featuredmedia":[{"embeddable":true,"href":"https:\/\/tvbrazilusa.com\/pt\/wp-json\/wp\/v2\/media\/91686"}],"wp:attachment":[{"href":"https:\/\/tvbrazilusa.com\/pt\/wp-json\/wp\/v2\/media?parent=91685"}],"wp:term":[{"taxonomy":"category","embeddable":true,"href":"https:\/\/tvbrazilusa.com\/pt\/wp-json\/wp\/v2\/categories?post=91685"},{"taxonomy":"post_tag","embeddable":true,"href":"https:\/\/tvbrazilusa.com\/pt\/wp-json\/wp\/v2\/tags?post=91685"}],"curies":[{"name":"wp","href":"https:\/\/api.w.org\/{rel}","templated":true}]}}