{"id":91845,"date":"2025-01-15T01:40:00","date_gmt":"2025-01-15T01:40:00","guid":{"rendered":"https:\/\/tvbrazilusa.com\/2025\/01\/15\/internautas-sugerem-meus-oculos-minha-vida-para-conseguirem-ver-virtudes-do-governo-lula\/"},"modified":"2025-01-15T01:40:01","modified_gmt":"2025-01-15T01:40:01","slug":"internautas-sugerem-meus-oculos-minha-vida-para-conseguirem-ver-virtudes-do-governo-lula","status":"publish","type":"post","link":"https:\/\/tvbrazilusa.com\/pt\/2025\/01\/15\/internautas-sugerem-meus-oculos-minha-vida-para-conseguirem-ver-virtudes-do-governo-lula\/","title":{"rendered":"Internautas sugerem &#8216;Meus \u00d3culos, Minha Vida&#8217; para conseguirem ver virtudes do governo Lula"},"content":{"rendered":"<p> <script async src=\"https:\/\/pagead2.googlesyndication.com\/pagead\/js\/adsbygoogle.js?client=ca-pub-8864793242727901\"\r\n     crossorigin=\"anonymous\"><\/script><br \/>\n<\/p>\n<div id=\"taboola-read-more\" style=\"display:block; width:100%\">\n<p>A fala do novo ministro da Secretaria de Comunica\u00e7\u00e3o Social (Secom), Sid\u00f4nio Palmeira, sobre o governo Lula n\u00e3o ter suas virtudes reconhecidas pela popula\u00e7\u00e3o gerou um verdadeiro alvoro\u00e7o nas redes sociais.<\/p>\n<p>Em seu discurso de posse, o publicit\u00e1rio afirmou que, apesar de o governo ter feito, segundo ele, uma boa gest\u00e3o e alcan\u00e7ado conquistas importantes, a popula\u00e7\u00e3o n\u00e3o tem conseguido reconhecer essas melhorias. O coment\u00e1rio logo foi alvo de cr\u00edticas e virou motivo de chacota.<\/p>\n<p>Em quest\u00e3o de minutos, uma enxurrada de memes e coment\u00e1rios \u00e1cidos inundaram as redes, com internautas ironizando a declara\u00e7\u00e3o. Um dos perfis mais seguidos, o \u2018Senhora Gospel\u2019, com mais de 2 milh\u00f5es de seguidores, sugeriu de forma sarc\u00e1stica que o governo criasse um programa chamado \u201cMeus \u00d3culos, Minha Vida\u201d, alegando que, se ningu\u00e9m est\u00e1 vendo os avan\u00e7os do governo, \u00e9 porque as pessoas precisam de \u00f3culos para perceber a realidade. \u201cEnt\u00e3o tem que criar o programa \u2018Meus \u00d3culos, Minha Vida\u2019, porque ningu\u00e9m t\u00e1 vendo mesmo n\u00e3o\u201d, disparou o perfil.<\/p>\n<p>Outros tamb\u00e9m n\u00e3o perderam a oportunidade de debochar. \u201cLula, bom trabalho e virtudes numa mesma frase \u00e9 complicado\u201d, escreveu um usu\u00e1rio. \u201cAgora a culpa \u00e9 dos nossos olhos\u201d, ironizou outro. E ainda teve quem completasse: \u201cVamos pedir os \u00f3culos dele emprestado.\u201d<\/p>\n<p>Sid\u00f4nio Palmeira, que assumiu o cargo nesta ter\u00e7a-feira (14), em meio \u00e0 sa\u00edda de Paulo Pimenta, tamb\u00e9m apontou que o governo melhorou indicadores econ\u00f4micos e restaurou programas sociais, mas que essas a\u00e7\u00f5es n\u00e3o t\u00eam sido percebidas pelas massas. \u201cA informa\u00e7\u00e3o dos servi\u00e7os n\u00e3o chega na ponta. A popula\u00e7\u00e3o n\u00e3o consegue ver o governo em suas virtudes\u201d, completou.\n<\/p>\n<p>Fonte: @conexaopoliticabrasil \/ Instagram<\/p>\n<\/p><\/div>\n<p><br \/>\n<br \/><a href=\"https:\/\/diariodobrasilnoticias.com.br\/noticia\/internautas-sugerem-meus-oculos-minha-vida-para-conseguirem-ver-virtudes-do-governo-lula-6786efc97f5d2\">Source link <\/a><\/p>","protected":false},"excerpt":{"rendered":"<p>A fala do novo ministro da Secretaria de Comunica\u00e7\u00e3o Social (Secom), Sid\u00f4nio Palmeira, sobre o governo Lula n\u00e3o ter suas virtudes reconhecidas pela popula\u00e7\u00e3o gerou um verdadeiro alvoro\u00e7o nas redes&hellip;<\/p>","protected":false},"author":1,"featured_media":91846,"comment_status":"closed","ping_status":"open","sticky":false,"template":"","format":"standard","meta":{"content-type":"","footnotes":""},"categories":[16],"tags":[123,2448,5313,1267],"class_list":["post-91845","post","type-post","status-publish","format-standard","has-post-thumbnail","hentry","category-noticias","tag-brasil","tag-diario","tag-noticia","tag-noticias"],"_links":{"self":[{"href":"https:\/\/tvbrazilusa.com\/pt\/wp-json\/wp\/v2\/posts\/91845","targetHints":{"allow":["GET"]}}],"collection":[{"href":"https:\/\/tvbrazilusa.com\/pt\/wp-json\/wp\/v2\/posts"}],"about":[{"href":"https:\/\/tvbrazilusa.com\/pt\/wp-json\/wp\/v2\/types\/post"}],"author":[{"embeddable":true,"href":"https:\/\/tvbrazilusa.com\/pt\/wp-json\/wp\/v2\/users\/1"}],"replies":[{"embeddable":true,"href":"https:\/\/tvbrazilusa.com\/pt\/wp-json\/wp\/v2\/comments?post=91845"}],"version-history":[{"count":1,"href":"https:\/\/tvbrazilusa.com\/pt\/wp-json\/wp\/v2\/posts\/91845\/revisions"}],"predecessor-version":[{"id":91847,"href":"https:\/\/tvbrazilusa.com\/pt\/wp-json\/wp\/v2\/posts\/91845\/revisions\/91847"}],"wp:featuredmedia":[{"embeddable":true,"href":"https:\/\/tvbrazilusa.com\/pt\/wp-json\/wp\/v2\/media\/91846"}],"wp:attachment":[{"href":"https:\/\/tvbrazilusa.com\/pt\/wp-json\/wp\/v2\/media?parent=91845"}],"wp:term":[{"taxonomy":"category","embeddable":true,"href":"https:\/\/tvbrazilusa.com\/pt\/wp-json\/wp\/v2\/categories?post=91845"},{"taxonomy":"post_tag","embeddable":true,"href":"https:\/\/tvbrazilusa.com\/pt\/wp-json\/wp\/v2\/tags?post=91845"}],"curies":[{"name":"wp","href":"https:\/\/api.w.org\/{rel}","templated":true}]}}