{"id":91850,"date":"2025-01-15T01:53:23","date_gmt":"2025-01-15T01:53:23","guid":{"rendered":"https:\/\/tvbrazilusa.com\/2025\/01\/15\/segundo-haddad-empresas-de-tecnologia-se-posicionaram-ao-lado-da-extrema-direita\/"},"modified":"2025-01-15T01:53:24","modified_gmt":"2025-01-15T01:53:24","slug":"segundo-haddad-empresas-de-tecnologia-se-posicionaram-ao-lado-da-extrema-direita","status":"publish","type":"post","link":"https:\/\/tvbrazilusa.com\/pt\/2025\/01\/15\/segundo-haddad-empresas-de-tecnologia-se-posicionaram-ao-lado-da-extrema-direita\/","title":{"rendered":"Segundo Haddad, empresas de tecnologia se posicionaram ao lado da &#8216;extrema direita&#8217;"},"content":{"rendered":"<p> <script async src=\"https:\/\/pagead2.googlesyndication.com\/pagead\/js\/adsbygoogle.js?client=ca-pub-8864793242727901\"\r\n     crossorigin=\"anonymous\"><\/script><br \/>\n<\/p>\n<div id=\"taboola-read-more\" style=\"display:block; width:100%\">\n<p>O ministro da Fazenda, Fernando Haddad, disse, nesta ter\u00e7a-feira, 14, que as grandes empresas de tecnologia se alinharam com a \u201cextrema direita\u201d. Em coletiva de imprensa, ele criticou a Meta, dona do Facebook, WhatsApp e Instagram, por interromper a checagem de fatos nos Estados Unidos.\n<\/p>\n<p>Segundo Haddad, o fim da a\u00e7\u00e3o contribui para a dissemina\u00e7\u00e3o de not\u00edcias falsas e pode trazer \u201cdias dif\u00edceis pela frente\u201d. O ministro se mostrou preocupado com o uso de deepfakes, tecnologia que manipula imagens e sons humanos com intelig\u00eancia artificial.<\/p>\n<p>\u201cParece que, depois desse alinhamento das big techs com a extrema direita, vamos ter efetivamente dias dif\u00edceis pela frente\u201d, afirmou Haddad. \u201cIsso consome energia do governo, do Estado, dos funcion\u00e1rios p\u00fablicos para combater um tipo de barbaridade que, na minha opini\u00e3o, com esse alinhamento com o fascismo, deve acontecer mais.\u201d\n<\/p>\n<p>Haddad diz que h\u00e1 uma \u201cextrema direita\u201d mundial\n<\/p>\n<p>O ministro disse que existe uma \u201cextrema direita\u201d organizada mundialmente, com grande poder de influ\u00eancia. \u201cIsso \u00e9 muito delicado \u00e0 democracia\u201d, continuou Haddad.\n<\/p>\n<p>Na coletiva de imprensa, o petista disse que foi v\u00edtima de uma deepfake pela segunda vez em menos de uma semana, onde frases que n\u00e3o proferiu foram atribu\u00eddas a ele. O ministro agradeceu a solidariedade de congressistas, inclusive da oposi\u00e7\u00e3o, que se manifestaram contra um v\u00eddeo falso sobre impostos no Pix e em pets.\n<\/p>\n<p>Fonte: Revista Oeste              <\/p>\n<\/div>\n<p><br \/>\n<br \/><a href=\"https:\/\/diariodobrasilnoticias.com.br\/noticia\/segundo-haddad-empresas-de-tecnologia-se-posicionaram-ao-lado-da-extrema-direita-6786f44d5e8e1\">Source link <\/a><\/p>","protected":false},"excerpt":{"rendered":"<p>O ministro da Fazenda, Fernando Haddad, disse, nesta ter\u00e7a-feira, 14, que as grandes empresas de tecnologia se alinharam com a \u201cextrema direita\u201d. Em coletiva de imprensa, ele criticou a Meta,&hellip;<\/p>","protected":false},"author":1,"featured_media":91851,"comment_status":"closed","ping_status":"open","sticky":false,"template":"","format":"standard","meta":{"content-type":"","footnotes":""},"categories":[16],"tags":[123,2448,5313,1267],"class_list":["post-91850","post","type-post","status-publish","format-standard","has-post-thumbnail","hentry","category-noticias","tag-brasil","tag-diario","tag-noticia","tag-noticias"],"_links":{"self":[{"href":"https:\/\/tvbrazilusa.com\/pt\/wp-json\/wp\/v2\/posts\/91850","targetHints":{"allow":["GET"]}}],"collection":[{"href":"https:\/\/tvbrazilusa.com\/pt\/wp-json\/wp\/v2\/posts"}],"about":[{"href":"https:\/\/tvbrazilusa.com\/pt\/wp-json\/wp\/v2\/types\/post"}],"author":[{"embeddable":true,"href":"https:\/\/tvbrazilusa.com\/pt\/wp-json\/wp\/v2\/users\/1"}],"replies":[{"embeddable":true,"href":"https:\/\/tvbrazilusa.com\/pt\/wp-json\/wp\/v2\/comments?post=91850"}],"version-history":[{"count":1,"href":"https:\/\/tvbrazilusa.com\/pt\/wp-json\/wp\/v2\/posts\/91850\/revisions"}],"predecessor-version":[{"id":91852,"href":"https:\/\/tvbrazilusa.com\/pt\/wp-json\/wp\/v2\/posts\/91850\/revisions\/91852"}],"wp:featuredmedia":[{"embeddable":true,"href":"https:\/\/tvbrazilusa.com\/pt\/wp-json\/wp\/v2\/media\/91851"}],"wp:attachment":[{"href":"https:\/\/tvbrazilusa.com\/pt\/wp-json\/wp\/v2\/media?parent=91850"}],"wp:term":[{"taxonomy":"category","embeddable":true,"href":"https:\/\/tvbrazilusa.com\/pt\/wp-json\/wp\/v2\/categories?post=91850"},{"taxonomy":"post_tag","embeddable":true,"href":"https:\/\/tvbrazilusa.com\/pt\/wp-json\/wp\/v2\/tags?post=91850"}],"curies":[{"name":"wp","href":"https:\/\/api.w.org\/{rel}","templated":true}]}}