{"id":91872,"date":"2025-01-15T02:41:34","date_gmt":"2025-01-15T02:41:34","guid":{"rendered":"https:\/\/tvbrazilusa.com\/2025\/01\/15\/agora-pgr-reconhece-falta-de-provas-em-caso-do-8-1\/"},"modified":"2025-01-15T02:41:35","modified_gmt":"2025-01-15T02:41:35","slug":"agora-pgr-reconhece-falta-de-provas-em-caso-do-8-1","status":"publish","type":"post","link":"https:\/\/tvbrazilusa.com\/pt\/2025\/01\/15\/agora-pgr-reconhece-falta-de-provas-em-caso-do-8-1\/","title":{"rendered":"AGORA: PGR reconhece falta de provas em caso do 8\/1"},"content":{"rendered":"<p> <script async src=\"https:\/\/pagead2.googlesyndication.com\/pagead\/js\/adsbygoogle.js?client=ca-pub-8864793242727901\"\r\n     crossorigin=\"anonymous\"><\/script><br \/>\n<\/p>\n<div id=\"taboola-read-more\" style=\"display:block; width:100%\">\n<p>A Procuradoria-Geral da Rep\u00fablica (PGR) reconheceu n\u00e3o haver provas contra o morador de rua Jean dos Santos, de 28 anos, preso por causa do 8 de janeiro.\n<\/p>\n<p>Exatos dois anos depois da manifesta\u00e7\u00e3o, a PGR emitiu um parecer pela soltura do mendigo. Atualmente, Santos usa tornozeleira eletr\u00f4nica.<\/p>\n<p>\u201cN\u00e3o obstante \u00e0 natureza multitudin\u00e1ria das infra\u00e7\u00f5es penais imputadas, o motivo preponderante do r\u00e9u de comparecer momentaneamente ao acampamento para se alimentar, refor\u00e7ado por seu contexto de vulnerabilidade social e pela inexist\u00eancia de provas em contr\u00e1rio, impede a configura\u00e7\u00e3o do concurso de pessoas\u201d, observou a PGR.\n<\/p>\n<p>De acordo com a Procuradoria, \u201cas circunst\u00e2ncias n\u00e3o comprovaram que o denunciado tenha se aliado subjetivamente \u00e0 multid\u00e3o criminosa e somado seus esfor\u00e7os aos dos demais sujeitos, com a finalidade de consumar as figuras t\u00edpicas imputadas e, efetivamente, concorrer para sua pr\u00e1tica\u201d.\n<\/p>\n<p><strong>Hist\u00f3ria do morador de rua do 8 de janeiro<\/strong>\n<\/p>\n<p>\u00c0 \u00e9poca da pris\u00e3o, Santos vendia doces no farol. Por ser domingo, as vendas estavam baixas e, dessa forma, ele decidiu ir ao Q.G. para comer. Atualmente, Santos usa tornozeleira eletr\u00f4nica.\n<\/p>\n<p>Embora n\u00e3o haja data para o julgamento de Santos, o ministro Alexandre de Moraes tem conhecimento da situa\u00e7\u00e3o desde 2023. Isso porque a Defensoria P\u00fablica da Uni\u00e3o (DPU), que cuida do caso do jovem, tem ressaltado o estado de Santos desde que assumiu o caso.\n<\/p>\n<p>\u201cPor ocasi\u00e3o da pris\u00e3o em flagrante, o r\u00e9u j\u00e1 havia anunciado que \u00e9 pessoa em situa\u00e7\u00e3o de rua, que n\u00e3o aufere qualquer renda e que foi at\u00e9 o Q.G. em busca de comida\u201d, observou a DPU, em peti\u00e7\u00e3o protocolada na segunda-feira 13. \u201cTal condi\u00e7\u00e3o veio a ser confirmada por ocasi\u00e3o da cita\u00e7\u00e3o para a apresenta\u00e7\u00e3o da defesa pr\u00e9via, quando o r\u00e9u afirmou residir em um viaduto, ser usu\u00e1rio de entorpecentes e necessitar do atendimento de um defensor p\u00fablico. Portanto, j\u00e1 era conhecida a vulnerabilidade econ\u00f4mica e social quando houve a notifica\u00e7\u00e3o para a apresenta\u00e7\u00e3o da resposta pr\u00e9via \u00e0 den\u00fancia. O fato de o oficial de Justi\u00e7a ter omitido a necessidade de atendimento por um defensor p\u00fablico n\u00e3o conduz \u00e0 conclus\u00e3o de que tal necessidade inexistia.\u201d\n<\/p>\n<p>Fonte: Revista Oeste              <\/p>\n<\/div>\n<p><br \/>\n<br \/><a href=\"https:\/\/diariodobrasilnoticias.com.br\/noticia\/agora-pgr-reconhece-falta-de-provas-em-caso-do-8-1-6786db467d6b8\">Source link <\/a><\/p>","protected":false},"excerpt":{"rendered":"<p>A Procuradoria-Geral da Rep\u00fablica (PGR) reconheceu n\u00e3o haver provas contra o morador de rua Jean dos Santos, de 28 anos, preso por causa do 8 de janeiro. Exatos dois anos&hellip;<\/p>","protected":false},"author":1,"featured_media":91873,"comment_status":"closed","ping_status":"open","sticky":false,"template":"","format":"standard","meta":{"content-type":"","footnotes":""},"categories":[16],"tags":[123,2448,5313,1267],"class_list":["post-91872","post","type-post","status-publish","format-standard","has-post-thumbnail","hentry","category-noticias","tag-brasil","tag-diario","tag-noticia","tag-noticias"],"_links":{"self":[{"href":"https:\/\/tvbrazilusa.com\/pt\/wp-json\/wp\/v2\/posts\/91872","targetHints":{"allow":["GET"]}}],"collection":[{"href":"https:\/\/tvbrazilusa.com\/pt\/wp-json\/wp\/v2\/posts"}],"about":[{"href":"https:\/\/tvbrazilusa.com\/pt\/wp-json\/wp\/v2\/types\/post"}],"author":[{"embeddable":true,"href":"https:\/\/tvbrazilusa.com\/pt\/wp-json\/wp\/v2\/users\/1"}],"replies":[{"embeddable":true,"href":"https:\/\/tvbrazilusa.com\/pt\/wp-json\/wp\/v2\/comments?post=91872"}],"version-history":[{"count":1,"href":"https:\/\/tvbrazilusa.com\/pt\/wp-json\/wp\/v2\/posts\/91872\/revisions"}],"predecessor-version":[{"id":91874,"href":"https:\/\/tvbrazilusa.com\/pt\/wp-json\/wp\/v2\/posts\/91872\/revisions\/91874"}],"wp:featuredmedia":[{"embeddable":true,"href":"https:\/\/tvbrazilusa.com\/pt\/wp-json\/wp\/v2\/media\/91873"}],"wp:attachment":[{"href":"https:\/\/tvbrazilusa.com\/pt\/wp-json\/wp\/v2\/media?parent=91872"}],"wp:term":[{"taxonomy":"category","embeddable":true,"href":"https:\/\/tvbrazilusa.com\/pt\/wp-json\/wp\/v2\/categories?post=91872"},{"taxonomy":"post_tag","embeddable":true,"href":"https:\/\/tvbrazilusa.com\/pt\/wp-json\/wp\/v2\/tags?post=91872"}],"curies":[{"name":"wp","href":"https:\/\/api.w.org\/{rel}","templated":true}]}}