{"id":91877,"date":"2025-01-15T02:54:24","date_gmt":"2025-01-15T02:54:24","guid":{"rendered":"https:\/\/tvbrazilusa.com\/2025\/01\/15\/queimadas-no-brasil-agravam-degelo-recorde-na-antartica\/"},"modified":"2025-01-15T02:54:25","modified_gmt":"2025-01-15T02:54:25","slug":"queimadas-no-brasil-agravam-degelo-recorde-na-antartica","status":"publish","type":"post","link":"https:\/\/tvbrazilusa.com\/pt\/2025\/01\/15\/queimadas-no-brasil-agravam-degelo-recorde-na-antartica\/","title":{"rendered":"Queimadas no Brasil agravam degelo recorde na Ant\u00e1rtica"},"content":{"rendered":"<p> <script async src=\"https:\/\/pagead2.googlesyndication.com\/pagead\/js\/adsbygoogle.js?client=ca-pub-8864793242727901\"\r\n     crossorigin=\"anonymous\"><\/script><br \/>\n<\/p>\n<div id=\"taboola-read-more\" style=\"display:block; width:100%\">\n<p>Um relat\u00f3rio do Programa Ant\u00e1rtico Brasileiro (Proantar) revela o maior decl\u00ednio da hist\u00f3ria no gelo marinho nas regi\u00f5es polares em 2023 e 2024, com \u00e1reas de degelo equivalentes a grandes pa\u00edses europeus, o estudo aponta que h\u00e1 influ\u00eancia das queimadas no Brasil para o cen\u00e1rio na Ant\u00e1rtica.\n<\/p>\n<p>Para o pesquisador, Rodrigo Goldenberg Barbosa, Universidade do Estado do Rio de Janeiro (UERJ), as queimadas no bioma amaz\u00f4nico contribuem para o degelo recorde, tornando o processo um ciclo vicioso.<\/p>\n<p>\u201c\u00c9 como se fosse um grande ciclo, um influencia o outro. O \u2018carbono negro\u2019, gerado pelos inc\u00eandios, \u00e9 levado para Ant\u00e1rtica pelos \u2018rios atmosf\u00e9ricos\u2019, o que diminui a capacidade de refletir o sol, absorvendo ainda mais calor, portanto facilita o degelo\u201d, aponta Barbosa.\n<\/p>\n<p>O estudo alerta para os impactos dessas mudan\u00e7as clim\u00e1ticas, que j\u00e1 se manifestam em desastres ambientais e desregula\u00e7\u00e3o do ciclo h\u00eddrico.\n<\/p>\n<p>O projeto Com-ANTAR, que ajuda na comunica\u00e7\u00e3o da ci\u00eancia brasileira no continente gelado, liderado pelo professor Ronaldo Christofoletti, coordenador do relat\u00f3rio, destaca a conex\u00e3o entre o derretimento das regi\u00f5es polares com o aquecimento global e os desastres ambientais.\n<\/p>\n<p>\u201cO degelo marinho recorde, assim como o fato de 2024 ser o ano mais quente da hist\u00f3ria, refor\u00e7a os alertas sobre os impactos das mudan\u00e7as clim\u00e1ticas\u201d, diz Christofoletti.\n<\/p>\n<p>O documento, intitulado \u201cO decl\u00ednio recorde do gelo marinho em 2023-2024: um alerta para o planeta\u201d, apresenta dados alarmantes sobre a redu\u00e7\u00e3o da cobertura de gelo na Ant\u00e1rtica e no \u00c1rtico, e as graves consequ\u00eancias para o equil\u00edbrio clim\u00e1tico global.\n<\/p>\n<p>Em 2023, a Ant\u00e1rtica registrou a menor cobertura de gelo marinho desde o in\u00edcio dos registros, em 1979, j\u00e1 em 2024, a extens\u00e3o de gelo atingiu a segunda menor marca, com um d\u00e9ficit de 898.000 km\u00b2 em rela\u00e7\u00e3o \u00e0 m\u00e9dia hist\u00f3rica, \u00e1rea compar\u00e1vel aos territ\u00f3rios somados da Fran\u00e7a e Alemanha.\n<\/p>\n<p>No \u00c1rtico, a redu\u00e7\u00e3o da cobertura de gelo em 2024 foi de 1.994.000 km\u00b2 abaixo da m\u00e9dia, superando a \u00e1rea de sete pa\u00edses europeus juntos.\n<\/p>\n<p>Ano mais quente<br \/>O estudo ressalta que o ano de 2024 foi o mais quente j\u00e1 registrado, superando o recorde anterior de 2023, e que o aquecimento global ultrapassou o limite de 1,5 \u00b0C em rela\u00e7\u00e3o aos n\u00edveis pr\u00e9-industriais, estabelecido pelo Acordo de Paris.\n<\/p>\n<p>A quebra dessa barreira clim\u00e1tica \u00e9 considerada um marco alarmante para os cientistas. O relat\u00f3rio enfatiza a import\u00e2ncia do gelo marinho para o equil\u00edbrio dos ecossistemas polares e para o clima global. O gelo fornece habitat essencial para diversas esp\u00e9cies e contribui para o efeito albedo, refletindo a luz solar de volta ao espa\u00e7o.\n<\/p>\n<p>Fonte: CNN Brasil              <\/p>\n<\/div>\n<p><br \/>\n<br \/><a href=\"https:\/\/diariodobrasilnoticias.com.br\/noticia\/queimadas-no-brasil-agravam-degelo-recorde-na-antartica-6786ff6c5a64e\">Source link <\/a><\/p>","protected":false},"excerpt":{"rendered":"<p>Um relat\u00f3rio do Programa Ant\u00e1rtico Brasileiro (Proantar) revela o maior decl\u00ednio da hist\u00f3ria no gelo marinho nas regi\u00f5es polares em 2023 e 2024, com \u00e1reas de degelo equivalentes a grandes&hellip;<\/p>","protected":false},"author":1,"featured_media":91878,"comment_status":"closed","ping_status":"open","sticky":false,"template":"","format":"standard","meta":{"content-type":"","footnotes":""},"categories":[16],"tags":[123,2448,5313,1267],"class_list":["post-91877","post","type-post","status-publish","format-standard","has-post-thumbnail","hentry","category-noticias","tag-brasil","tag-diario","tag-noticia","tag-noticias"],"_links":{"self":[{"href":"https:\/\/tvbrazilusa.com\/pt\/wp-json\/wp\/v2\/posts\/91877","targetHints":{"allow":["GET"]}}],"collection":[{"href":"https:\/\/tvbrazilusa.com\/pt\/wp-json\/wp\/v2\/posts"}],"about":[{"href":"https:\/\/tvbrazilusa.com\/pt\/wp-json\/wp\/v2\/types\/post"}],"author":[{"embeddable":true,"href":"https:\/\/tvbrazilusa.com\/pt\/wp-json\/wp\/v2\/users\/1"}],"replies":[{"embeddable":true,"href":"https:\/\/tvbrazilusa.com\/pt\/wp-json\/wp\/v2\/comments?post=91877"}],"version-history":[{"count":1,"href":"https:\/\/tvbrazilusa.com\/pt\/wp-json\/wp\/v2\/posts\/91877\/revisions"}],"predecessor-version":[{"id":91879,"href":"https:\/\/tvbrazilusa.com\/pt\/wp-json\/wp\/v2\/posts\/91877\/revisions\/91879"}],"wp:featuredmedia":[{"embeddable":true,"href":"https:\/\/tvbrazilusa.com\/pt\/wp-json\/wp\/v2\/media\/91878"}],"wp:attachment":[{"href":"https:\/\/tvbrazilusa.com\/pt\/wp-json\/wp\/v2\/media?parent=91877"}],"wp:term":[{"taxonomy":"category","embeddable":true,"href":"https:\/\/tvbrazilusa.com\/pt\/wp-json\/wp\/v2\/categories?post=91877"},{"taxonomy":"post_tag","embeddable":true,"href":"https:\/\/tvbrazilusa.com\/pt\/wp-json\/wp\/v2\/tags?post=91877"}],"curies":[{"name":"wp","href":"https:\/\/api.w.org\/{rel}","templated":true}]}}