{"id":91913,"date":"2025-01-15T09:24:26","date_gmt":"2025-01-15T09:24:26","guid":{"rendered":"https:\/\/tvbrazilusa.com\/2025\/01\/15\/%f0%9f%8c%b1-descubra-a-pesquisa-de-plantas-aquaticas-que-esta-revolucionando-a-florida\/"},"modified":"2025-01-15T09:28:05","modified_gmt":"2025-01-15T09:28:05","slug":"%f0%9f%8c%b1-descubra-a-pesquisa-de-plantas-aquaticas-que-esta-revolucionando-a-florida","status":"publish","type":"post","link":"https:\/\/tvbrazilusa.com\/pt\/2025\/01\/15\/%f0%9f%8c%b1-descubra-a-pesquisa-de-plantas-aquaticas-que-esta-revolucionando-a-florida\/","title":{"rendered":"\ud83c\udf31 Descubra a pesquisa de plantas aqu\u00e1ticas que est\u00e1 revolucionando a Fl\u00f3rida"},"content":{"rendered":"<p> <script async src=\"https:\/\/pagead2.googlesyndication.com\/pagead\/js\/adsbygoogle.js?client=ca-pub-8864793242727901\"\r\n     crossorigin=\"anonymous\"><\/script><br \/>\n<\/p>\n<div>\n<p>Bom dia Fort Myers! Estamos de volta \u00e0 sua caixa de entrada esta manh\u00e3 para mant\u00ea-lo informado sobre o que est\u00e1 acontecendo na cidade e nos arredores. Pegue uma x\u00edcara de caf\u00e9 e continue lendo. \u2615\ufe0f\ufe0f <strong>No boletim informativo de hoje:<\/strong><\/p>\n<\/div>\n<div>\n<ul>\n<li>Descubra a pesquisa de plantas aqu\u00e1ticas que est\u00e1 revolucionando a Fl\u00f3rida<\/li>\n<li>Comunidade surda de Fort Myers busca apoio<\/li>\n<li>Prefeitura de Fort Myers pode se mudar em breve<\/li>\n<\/ul>\n<p>Tamb\u00e9m no calend\u00e1rio de hoje: <strong>4\u00aa a 6\u00aa s\u00e9rie: S\u00e9rie Homeschool &#8211; Maravilhas da Engenharia de Moden: Burj Khalifa <\/strong> e 12 outros eventos.<\/p>\n<p><em>Enigma de hoje:<\/em> Quais s\u00e3o os dias mais fortes da semana? \ud83e\udd14 Continue lendo para descobrir.<\/p>\n<\/div>\n<div>\n<hr\/>\n<p> <a href=\"https:\/\/patch.com\/florida\/fort-myers\/weather\"><strong>Previs\u00e3o do tempo:<\/strong><\/a> <\/p>\n<ul>\n<li class=\"sans\"><strong>Quarta-feira:<\/strong> Maioritariamente nublado, com m\u00e1xima de 72 e m\u00ednima de 53 graus. <\/li>\n<li class=\"sans\"><strong>Quinta-feira:<\/strong> Agrad\u00e1vel com algum sol, temps: alta: 71, baixa: 50. <\/li>\n<li class=\"sans\"><strong>Sexta-feira:<\/strong> Agrad\u00e1vel com nuvens e sol, com m\u00e1xima de 72 e m\u00ednima de 59 graus. <\/li>\n<\/ul>\n<hr\/>\n<h4>\ud83d\udcf0 <strong>Not\u00edcias que estamos lendo<\/strong><\/h4>\n<p><b>1. StoryCorps: O primeiro Calusa Waterkeeper fala sobre sua pesquisa com plantas aqu\u00e1ticas que se tornou um padr\u00e3o da ind\u00fastria<\/b> (<a href=\"https:\/\/news.wgcu.org\/top-story\/2025-01-13\/the-first-calusa-waterkeeper-talks-about-his-aquatic-plant-research-that-became-an-industry-standard\" target=\"_blank\" rel=\"nofollow\">wgcu.org<\/a>) \u2014 John Cassani, o primeiro Calusa Waterkeeper, compartilha ideias sobre sua pesquisa pioneira em manejo de plantas aqu\u00e1ticas, registrada em Fort Myers. Seu trabalho com carpas herb\u00edvoras como agente de controle biol\u00f3gico tornou-se um padr\u00e3o da ind\u00fastria. <br \/><a href=\"https:\/\/fort-myers-fl.patch.am\/rate-item?d=u&#038;h=eyJsb2MiOiI3NjkyIiwic291cmNlIjoid2djdS5vcmciLCJ0aXRsZSI6IlN0b3J5Q29ycHM6IFRoZSBmaXJzdCBDYWx1c2EgV2F0ZXJrZWVwZXIgdGFsa3MgYWJvdXQgaGlzIGFxdWF0aWMgcGxhbnQgcmVzZWFyY2ggdGhhdCBiZWNhbWUgYW4gaW5kdXN0cnkgc3RhbmRhcmQiLCJ1cmwiOiJodHRwczpcL1wvbmV3cy53Z2N1Lm9yZ1wvdG9wLXN0b3J5XC8yMDI1LTAxLTEzXC90aGUtZmlyc3QtY2FsdXNhLXdhdGVya2VlcGVyLXRhbGtzLWFib3V0LWhpcy1hcXVhdGljLXBsYW50LXJlc2VhcmNoLXRoYXQtYmVjYW1lLWFuLWluZHVzdHJ5LXN0YW5kYXJkIiwiYXJ0aWQiOiJkMmRiOWVjODVhOWY1ZTQ4MTYzN2Q4ZTM1MTIyODNkNSJ9\" target=\"_blank\" rel=\"nofollow\"><\/a>   <a href=\"https:\/\/fort-myers-fl.patch.am\/rate-item?d=d&#038;h=eyJsb2MiOiI3NjkyIiwic291cmNlIjoid2djdS5vcmciLCJ0aXRsZSI6IlN0b3J5Q29ycHM6IFRoZSBmaXJzdCBDYWx1c2EgV2F0ZXJrZWVwZXIgdGFsa3MgYWJvdXQgaGlzIGFxdWF0aWMgcGxhbnQgcmVzZWFyY2ggdGhhdCBiZWNhbWUgYW4gaW5kdXN0cnkgc3RhbmRhcmQiLCJ1cmwiOiJodHRwczpcL1wvbmV3cy53Z2N1Lm9yZ1wvdG9wLXN0b3J5XC8yMDI1LTAxLTEzXC90aGUtZmlyc3QtY2FsdXNhLXdhdGVya2VlcGVyLXRhbGtzLWFib3V0LWhpcy1hcXVhdGljLXBsYW50LXJlc2VhcmNoLXRoYXQtYmVjYW1lLWFuLWluZHVzdHJ5LXN0YW5kYXJkIiwiYXJ0aWQiOiJkMmRiOWVjODVhOWY1ZTQ4MTYzN2Q4ZTM1MTIyODNkNSJ9\" target=\"_blank\" rel=\"nofollow\"><img decoding=\"async\" class=\"thumbs\" width=\"16\" height=\"16\" src=\"https:\/\/patch.com\/img\/cdn\/assets\/layout\/thumb_down_16x16.png\" data-sizes=\"(min-width: 780px) 726px, 100vw\" srcset=\"https:\/\/patch.com\/img\/cdn\/assets\/layout\/thumb_down_16x16.png?width=640 640w, https:\/\/patch.com\/img\/cdn\/assets\/layout\/thumb_down_16x16.png?width=726 726w\"\/><\/a><\/p>\n<\/div>\n<div>\n<p><b>2. Os membros da comunidade surda enfrentam isolamento e estere\u00f3tipos<\/b> (<a href=\"https:\/\/news.wgcu.org\/section\/health\/2025-01-14\/deaf-community-members-face-isolation-and-stereotypes\" target=\"_blank\" rel=\"nofollow\">wgcu.org<\/a>) \u2014 O Centro Sally Pimentel em Fort Myers apoia a comunidade surda, destacando suas lutas contra o isolamento e os estere\u00f3tipos. O centro, que funciona com um or\u00e7amento limitado, planeia uma angaria\u00e7\u00e3o de fundos para melhorar os seus servi\u00e7os para surdos e deficientes auditivos. <br \/><a href=\"https:\/\/fort-myers-fl.patch.am\/rate-item?d=u&#038;h=eyJsb2MiOiI3NjkyIiwic291cmNlIjoid2djdS5vcmciLCJ0aXRsZSI6IkRlYWYgY29tbXVuaXR5ICBtZW1iZXJzIGZhY2UgaXNvbGF0aW9uIGFuZCBzdGVyZW90eXBlcyIsInVybCI6Imh0dHBzOlwvXC9uZXdzLndnY3Uub3JnXC9zZWN0aW9uXC9oZWFsdGhcLzIwMjUtMDEtMTRcL2RlYWYtY29tbXVuaXR5LW1lbWJlcnMtZmFjZS1pc29sYXRpb24tYW5kLXN0ZXJlb3R5cGVzIiwiYXJ0aWQiOiI1MzIwMTA3YzZiOThkY2I4NDVhNjQxMGQ1MDFmZTQ5MiJ9\" target=\"_blank\" rel=\"nofollow\"><img decoding=\"async\" class=\"thumbs\" width=\"16\" height=\"16\" src=\"https:\/\/patch.com\/img\/cdn\/assets\/layout\/thumb_up_16x16.png\" data-rel=\"penci-gallery-image-content\"  data-sizes=\"(min-width: 780px) 726px, 100vw\" srcset=\"https:\/\/patch.com\/img\/cdn\/assets\/layout\/thumb_up_16x16.png?width=640 640w, https:\/\/patch.com\/img\/cdn\/assets\/layout\/thumb_up_16x16.png?width=726 726w\"\/><\/a>   <a href=\"https:\/\/fort-myers-fl.patch.am\/rate-item?d=d&#038;h=eyJsb2MiOiI3NjkyIiwic291cmNlIjoid2djdS5vcmciLCJ0aXRsZSI6IkRlYWYgY29tbXVuaXR5ICBtZW1iZXJzIGZhY2UgaXNvbGF0aW9uIGFuZCBzdGVyZW90eXBlcyIsInVybCI6Imh0dHBzOlwvXC9uZXdzLndnY3Uub3JnXC9zZWN0aW9uXC9oZWFsdGhcLzIwMjUtMDEtMTRcL2RlYWYtY29tbXVuaXR5LW1lbWJlcnMtZmFjZS1pc29sYXRpb24tYW5kLXN0ZXJlb3R5cGVzIiwiYXJ0aWQiOiI1MzIwMTA3YzZiOThkY2I4NDVhNjQxMGQ1MDFmZTQ5MiJ9\" target=\"_blank\" rel=\"nofollow\"><img decoding=\"async\" class=\"thumbs\" width=\"16\" height=\"16\" src=\"https:\/\/patch.com\/img\/cdn\/assets\/layout\/thumb_down_16x16.png\" data-sizes=\"(min-width: 780px) 726px, 100vw\" srcset=\"https:\/\/patch.com\/img\/cdn\/assets\/layout\/thumb_down_16x16.png?width=640 640w, https:\/\/patch.com\/img\/cdn\/assets\/layout\/thumb_down_16x16.png?width=726 726w\"\/><\/a><\/p>\n<p><b>3. A Prefeitura de Fort Myers pode ter um novo visual<\/b> (<a href=\"https:\/\/www.nbc-2.com\/article\/fort-myers-city-hall-could-get-a-new-look\/63424752\" target=\"_blank\" rel=\"nofollow\">nbc-2.com<\/a>) \u2013 A Prefeitura de Fort Myers, localizada na Second Street h\u00e1 mais de 50 anos, poder\u00e1 em breve se mudar para uma instala\u00e7\u00e3o maior e mais moderna. Os l\u00edderes da cidade est\u00e3o explorando op\u00e7\u00f5es, incluindo o antigo local do Lee Memorial Hospital, para acomodar melhor o pessoal e as opera\u00e7\u00f5es. <br \/><a href=\"https:\/\/fort-myers-fl.patch.am\/rate-item?d=u&#038;h=eyJsb2MiOiI3NjkyIiwic291cmNlIjoibmJjLTIuY29tIiwidGl0bGUiOiJGb3J0IE15ZXJzIENpdHkgSGFsbCBjb3VsZCBnZXQgYSBuZXcgbG9vayIsInVybCI6Imh0dHBzOlwvXC93d3cubmJjLTIuY29tXC9hcnRpY2xlXC9mb3J0LW15ZXJzLWNpdHktaGFsbC1jb3VsZC1nZXQtYS1uZXctbG9va1wvNjM0MjQ3NTIiLCJhcnRpZCI6Ijk4ODgxMzliZTYzMmJkZDhlZmIyZjQwZTRiNDBlMWYyIn0=\" target=\"_blank\" rel=\"nofollow\"><img decoding=\"async\" class=\"thumbs\" width=\"16\" height=\"16\" src=\"https:\/\/patch.com\/img\/cdn\/assets\/layout\/thumb_up_16x16.png\" data-rel=\"penci-gallery-image-content\"  data-sizes=\"(min-width: 780px) 726px, 100vw\" srcset=\"https:\/\/patch.com\/img\/cdn\/assets\/layout\/thumb_up_16x16.png?width=640 640w, https:\/\/patch.com\/img\/cdn\/assets\/layout\/thumb_up_16x16.png?width=726 726w\"\/><\/a>   <a href=\"https:\/\/fort-myers-fl.patch.am\/rate-item?d=d&#038;h=eyJsb2MiOiI3NjkyIiwic291cmNlIjoibmJjLTIuY29tIiwidGl0bGUiOiJGb3J0IE15ZXJzIENpdHkgSGFsbCBjb3VsZCBnZXQgYSBuZXcgbG9vayIsInVybCI6Imh0dHBzOlwvXC93d3cubmJjLTIuY29tXC9hcnRpY2xlXC9mb3J0LW15ZXJzLWNpdHktaGFsbC1jb3VsZC1nZXQtYS1uZXctbG9va1wvNjM0MjQ3NTIiLCJhcnRpZCI6Ijk4ODgxMzliZTYzMmJkZDhlZmIyZjQwZTRiNDBlMWYyIn0=\" target=\"_blank\" rel=\"nofollow\"><img decoding=\"async\" class=\"thumbs\" width=\"16\" height=\"16\" src=\"https:\/\/patch.com\/img\/cdn\/assets\/layout\/thumb_down_16x16.png\" data-sizes=\"(min-width: 780px) 726px, 100vw\" srcset=\"https:\/\/patch.com\/img\/cdn\/assets\/layout\/thumb_down_16x16.png?width=640 640w, https:\/\/patch.com\/img\/cdn\/assets\/layout\/thumb_down_16x16.png?width=726 726w\"\/><\/a><\/p>\n<\/div>\n<div>\n<p><b>4. Fort Myers obt\u00e9m aumento de 15% no desconto no seguro contra inunda\u00e7\u00f5es<\/b> (<a href=\"https:\/\/winknews.com\/2025\/01\/14\/fort-myers-get-15-increase-on-flood-insurance-discount\" target=\"_blank\" rel=\"nofollow\">winknews. com<\/a>) \u2013 Os residentes de Fort Myers est\u00e3o comemorando um aumento significativo no desconto do seguro contra inunda\u00e7\u00f5es da FEMA, saltando de 5% para 20%. Essa mudan\u00e7a, que entrar\u00e1 em vigor em 1\u00ba de outubro, \u00e9 um grande al\u00edvio para propriet\u00e1rios como Gary Eck, que economizar\u00e3o US$ 600 mensais. <br \/><a href=\"https:\/\/fort-myers-fl.patch.am\/rate-item?d=u&#038;h=eyJsb2MiOiI3NjkyIiwic291cmNlIjoid2lua25ld3MuY29tIiwidGl0bGUiOiJGb3J0IE15ZXJzIGdldCAxNSUgaW5jcmVhc2Ugb24gZmxvb2QgaW5zdXJhbmNlIGRpc2NvdW50IiwidXJsIjoiaHR0cHM6XC9cL3dpbmtuZXdzLmNvbVwvMjAyNVwvMDFcLzE0XC9mb3J0LW15ZXJzLWdldC0xNS1pbmNyZWFzZS1vbi1mbG9vZC1pbnN1cmFuY2UtZGlzY291bnQiLCJhcnRpZCI6Ijg2YzY2NmQ2NjUzMjU3MDJiNjBjMGQ3NGQ5MWVmOTdhIn0=\" target=\"_blank\" rel=\"nofollow\"><img decoding=\"async\" class=\"thumbs\" width=\"16\" height=\"16\" src=\"https:\/\/patch.com\/img\/cdn\/assets\/layout\/thumb_up_16x16.png\" data-rel=\"penci-gallery-image-content\"  data-sizes=\"(min-width: 780px) 726px, 100vw\" srcset=\"https:\/\/patch.com\/img\/cdn\/assets\/layout\/thumb_up_16x16.png?width=640 640w, https:\/\/patch.com\/img\/cdn\/assets\/layout\/thumb_up_16x16.png?width=726 726w\"\/><\/a>   <a href=\"https:\/\/fort-myers-fl.patch.am\/rate-item?d=d&#038;h=eyJsb2MiOiI3NjkyIiwic291cmNlIjoid2lua25ld3MuY29tIiwidGl0bGUiOiJGb3J0IE15ZXJzIGdldCAxNSUgaW5jcmVhc2Ugb24gZmxvb2QgaW5zdXJhbmNlIGRpc2NvdW50IiwidXJsIjoiaHR0cHM6XC9cL3dpbmtuZXdzLmNvbVwvMjAyNVwvMDFcLzE0XC9mb3J0LW15ZXJzLWdldC0xNS1pbmNyZWFzZS1vbi1mbG9vZC1pbnN1cmFuY2UtZGlzY291bnQiLCJhcnRpZCI6Ijg2YzY2NmQ2NjUzMjU3MDJiNjBjMGQ3NGQ5MWVmOTdhIn0=\" target=\"_blank\" rel=\"nofollow\"><img decoding=\"async\" class=\"thumbs\" width=\"16\" height=\"16\" src=\"https:\/\/patch.com\/img\/cdn\/assets\/layout\/thumb_down_16x16.png\" data-sizes=\"(min-width: 780px) 726px, 100vw\" srcset=\"https:\/\/patch.com\/img\/cdn\/assets\/layout\/thumb_down_16x16.png?width=640 640w, https:\/\/patch.com\/img\/cdn\/assets\/layout\/thumb_down_16x16.png?width=726 726w\"\/><\/a><\/p>\n<p><b>5. O levantamento de peso feminino de Fort Myers ganha o nono t\u00edtulo consecutivo da LCAC<\/b> (<a href=\"https:\/\/www.nbc-2.com\/article\/fort-myers-girls-weightlifting-wins-lcac-title\/63427097\" target=\"_blank\" rel=\"nofollow\">nbc-2.com<\/a>) \u2014 A equipe feminina de levantamento de peso da Fort Myers High School conquistou seu nono t\u00edtulo consecutivo da LCAC, mostrando sua dedica\u00e7\u00e3o e trabalho \u00e1rduo. A equipe, conhecida como Onda Verde, continua se destacando, conquistando 23 dos 60 primeiros lugares. <br \/><a href=\"https:\/\/fort-myers-fl.patch.am\/rate-item?d=u&#038;h=eyJsb2MiOiI3NjkyIiwic291cmNlIjoibmJjLTIuY29tIiwidGl0bGUiOiJGb3J0IE15ZXJzIGdpcmxzIHdlaWdodGxpZnRpbmcgd2lucyA5dGggc3RyYWlnaHQgTENBQyB0aXRsZSIsInVybCI6Imh0dHBzOlwvXC93d3cubmJjLTIuY29tXC9hcnRpY2xlXC9mb3J0LW15ZXJzLWdpcmxzLXdlaWdodGxpZnRpbmctd2lucy1sY2FjLXRpdGxlXC82MzQyNzA5NyIsImFydGlkIjoiMGIxMTg3NjgyZWNhNDRmMjFlMjBiZjM4YzE5NzY2Y2EifQ==\" target=\"_blank\" rel=\"nofollow\"><img decoding=\"async\" class=\"thumbs\" width=\"16\" height=\"16\" src=\"https:\/\/patch.com\/img\/cdn\/assets\/layout\/thumb_up_16x16.png\" data-rel=\"penci-gallery-image-content\"  data-sizes=\"(min-width: 780px) 726px, 100vw\" srcset=\"https:\/\/patch.com\/img\/cdn\/assets\/layout\/thumb_up_16x16.png?width=640 640w, https:\/\/patch.com\/img\/cdn\/assets\/layout\/thumb_up_16x16.png?width=726 726w\"\/><\/a>   <a href=\"https:\/\/fort-myers-fl.patch.am\/rate-item?d=d&#038;h=eyJsb2MiOiI3NjkyIiwic291cmNlIjoibmJjLTIuY29tIiwidGl0bGUiOiJGb3J0IE15ZXJzIGdpcmxzIHdlaWdodGxpZnRpbmcgd2lucyA5dGggc3RyYWlnaHQgTENBQyB0aXRsZSIsInVybCI6Imh0dHBzOlwvXC93d3cubmJjLTIuY29tXC9hcnRpY2xlXC9mb3J0LW15ZXJzLWdpcmxzLXdlaWdodGxpZnRpbmctd2lucy1sY2FjLXRpdGxlXC82MzQyNzA5NyIsImFydGlkIjoiMGIxMTg3NjgyZWNhNDRmMjFlMjBiZjM4YzE5NzY2Y2EifQ==\" target=\"_blank\" rel=\"nofollow\"><img decoding=\"async\" class=\"thumbs\" width=\"16\" height=\"16\" src=\"https:\/\/patch.com\/img\/cdn\/assets\/layout\/thumb_down_16x16.png\" data-sizes=\"(min-width: 780px) 726px, 100vw\" srcset=\"https:\/\/patch.com\/img\/cdn\/assets\/layout\/thumb_down_16x16.png?width=640 640w, https:\/\/patch.com\/img\/cdn\/assets\/layout\/thumb_down_16x16.png?width=726 726w\"\/><\/a><\/p>\n<\/div>\n<div>\n<hr\/>\n<h4>\ud83d\uddd3 <strong>Pr\u00f3ximos eventos em Fort Myers<\/strong><br \/><\/h4>\n<p><a href=\"https:\/\/patch.com\/florida\/fort-myers\/compose\/event\">  Adicione seu evento ao nosso calend\u00e1rio e newsletter! <\/a><\/p>\n<ul>\n<h5><span class=\"text-green-8\"><b>Quarta-feira, 15 de janeiro<\/b><\/span><\/h5>\n<li> <span> <a href=\"https:\/\/patch.com\/florida\/fort-myers\/calendar\/event\/20250115\/b51ba837-d276-4007-9aff-72d02e695d8e\/grades-4-6-homeschool-series-moden-engineering-marvels-burj-khalifa\" rel=\"ugc\"><b>4\u00aa a 6\u00aa s\u00e9rie: S\u00e9rie Homeschool &#8211; Maravilhas da Engenharia de Moden: Burj Khalifa <\/b><\/a> <\/span> <br \/>Edison &#038; Ford Winter Estates, 2350 McGregor Blvd, Fort Myers <br \/>10h00 <\/li>\n<li> <span> <a href=\"https:\/\/patch.com\/florida\/fort-myers\/calendar\/event\/20250115\/3f6c5c33-2707-44f7-8a00-cbd5f53e964f\/garden-bros-nuclear-circus\" rel=\"ugc\"><b>Circo Nuclear Garden Bros<\/b><\/a> <\/span> <br \/>Edison Mall, 4125 Cleveland Ave, Fort Myers <br \/>19h00 <\/li>\n<h5><span class=\"text-green-8\"><b>Quinta-feira, 16 de janeiro<\/b><\/span><\/h5>\n<li> <span> <b>Escolha Open House<\/b> <\/span> <br \/>Escola Secund\u00e1ria Paul Laurence Dunbar, FORT MYERS, FL 33966 <br \/>6h00 <\/li>\n<li> <span> <a href=\"https:\/\/patch.com\/florida\/fort-myers\/calendar\/event\/20250116\/f5d5eb53-a21e-4949-9096-4ee6150891bd\/lee-county-genealogical-society-monthly-meeting\" rel=\"ugc\"><b>Reuni\u00e3o Mensal da Sociedade Geneal\u00f3gica do Condado de Lee<\/b><\/a> <\/span> <br \/>8260 Cypress Lake Dr, Fort Myers <br \/>10h00 <\/li>\n<li> <span> <a href=\"https:\/\/patch.com\/florida\/fort-myers\/calendar\/event\/20250116\/85903891-4266-44d4-933a-b03981422351\/st-mark-s-episcopal-church-arts-crafts-festival\" rel=\"ugc\"><b>Festival de Artes e Of\u00edcios da Igreja Episcopal de S\u00e3o Marcos<\/b><\/a> <\/span> <br \/>1101 N Collier Blvd, Marco Island <br \/>10h00 <\/li>\n<li> <span> <a href=\"https:\/\/open.spotify.com\/concert\/7DdiXQbJoqMN4Lz1eW1Os9\" target=\"_blank\" rel=\"nofollow\"><b>Argila Walker<\/b><\/a> <\/span> <br \/>Anfiteatro Caloosa Sound, 2101 Edwards Dr, Fort Myers <br \/>18h00 <\/li>\n<li> <span> <a href=\"https:\/\/www.meetup.com\/techallianceswfl\/\" target=\"_blank\" rel=\"nofollow\"><b>\ud83c\udf87\ud83c\udf89\ud83c\udf8a Festa do Networking 2025 \ud83c\udf8a\ud83c\udf89\ud83c\udf87<\/b><\/a> <\/span> <br \/>Colaborador, 2031 Jackson St, Fort Myers <br \/>18h30 <\/li>\n<h5><span class=\"text-green-8\"><b>Sexta-feira, 17 de janeiro<\/b><\/span><\/h5>\n<li> <span> <a href=\"https:\/\/www.unation.com\/event\/gulf-coast-country-fest-55705844\/\" target=\"_blank\" rel=\"nofollow\"><b>FESTIVAL DO PA\u00cdS DA COSTA DO GOLFO,<\/b><\/a> <\/span> <br \/>Parque JetBlue, 11500 Fenway South Drive, Fort Myers <br \/>10h00 <\/li>\n<h5><span class=\"text-green-8\"><b>S\u00e1bado, 18 de janeiro<\/b><\/span><\/h5>\n<li> <span> <a href=\"https:\/\/patch.com\/florida\/fort-myers\/calendar\/event\/20250118\/93b248ba-807c-476a-a10a-6882ae55ab8d\/silk-scarf-painting-class-with-artist-marie-dyer\" rel=\"ugc\"><b>Aula de pintura de len\u00e7o de seda com a artista Marie Dyer <\/b><\/a> <\/span> <br \/>Edison &#038; Ford Winter Estates, 2350 McGregor Blvd, Fort Myers <br \/>9h00 <\/li>\n<h5><span class=\"text-green-8\"><b>Domingo, 19 de janeiro<\/b><\/span><\/h5>\n<li> <span> <a href=\"https:\/\/patch.com\/florida\/fort-myers\/calendar\/event\/20250119\/b8714373-c659-400e-af4a-2c0cc05d3289\/paws-and-petals-puppy-floral-arrangement-workshop\" rel=\"ugc\"><b>Patas e P\u00e9talas: Oficina de Arranjos Florais para Cachorrinhos <\/b><\/a> <\/span> <br \/>Edison &#038; Ford Winter Estates, 2350 McGregor Blvd, Fort Myers <br \/>10h00 <\/li>\n<h5><span class=\"text-green-8\"><b>Segunda-feira, 20 de janeiro<\/b><\/span><\/h5>\n<li> <span> <a href=\"https:\/\/patch.com\/florida\/fort-myers\/calendar\/event\/20250120\/386fcb20-edfc-493f-b29b-4192079e007f\/goodwill-mlk-jr-day-sale\" rel=\"ugc\"><b>Promo\u00e7\u00e3o do dia Goodwill MLK Jr.<\/b><\/a> <\/span> <br \/>Fort Myers <br \/>9h00 <\/li>\n<h5><span class=\"text-green-8\"><b>Ter\u00e7a-feira, 21 de janeiro<\/b><\/span><\/h5>\n<li> <span> <a href=\"https:\/\/patch.com\/florida\/fort-myers\/calendar\/event\/20250121\/7d435fd9-1a5b-482e-8f94-7465cccf228d\/digital-discussion-the-minnesota-twins-spring-training-history\" rel=\"ugc\"><b>Discuss\u00e3o digital: a hist\u00f3ria do treinamento de primavera do Minnesota Twins <\/b><\/a> <\/span> <br \/>Edison &#038; Ford Winter Estates, 2350 McGregor Blvd, Fort Myers <br \/>10h30 <\/li>\n<\/ul>\n<hr\/>\n<h4>\ud83d\uddd3 <strong>Eventos pr\u00f3ximos<\/strong><\/h4>\n<p> <em>Perdemos alguma coisa em nosso calend\u00e1rio? <a href=\"https:\/\/patch.com\/florida\/fort-myers\/compose\/event\">Adicione voc\u00ea mesmo um evento<\/a>! <\/em> Como sempre, antes de participar, confirme os detalhes do evento para garantir a precis\u00e3o. <\/p>\n<hr\/>\n<p><em>Quer um link para sua empresa neste boletim informativo? <a href=\"https:\/\/patch.com\/florida\/fort-myers\/compose\/bizpost\">Clique aqui<\/a>.<\/em><\/p>\n<hr\/>\n<p>\ud83d\udd28 <strong>Precisa de ajuda com um projeto em casa?<\/strong> Patch fez parceria com Thumbtack para tornar a contrata\u00e7\u00e3o de um profissional local confi\u00e1vel r\u00e1pida e f\u00e1cil. <a href=\"https:\/\/patch.com\/florida\/fort-myers\/businesses\" target=\"_blank\">Clique aqui para come\u00e7ar.<\/a><\/p>\n<hr\/>\n<h4>\ud83d\udcac <strong>Conversa<\/strong><\/h4>\n<p>O que seus vizinhos est\u00e3o falando nas redes sociais<\/p>\n<\/div>\n<div>\n<ul>\n<li><b>Ol\u00e1 vizinhos, tenho uma pergunta, h\u00e1 alguma boa lanchonete que voc\u00eas recomendem?<\/b> <br \/>n\u00e3o uma corrente, algo mais como &#8220;um buraco na parede&#8221; mais do tipo &#8220;Meu Deus, esse \u00e9 o hamb\u00farguer que eu quero comer quando estiver b\u00eabado&#8221; gorduroso, reconfortante, \u00f3timo\u2026 (<a href=\"https:\/\/nextdoor.com\/p\/_dqWcNZgrNfr\/?from_partner=patch&#038;share_id=_dqWcNZgrNfr&#038;utm_medium=public_api&#038;utm_source=patch&#038;utm_content=_dqWcNZgrNfr&#038;next_url=\/p\/_dqWcNZgrNfr&#038;utm_medium=email&#038;utm_campaign=pilot\" target=\"_blank\" rel=\"nofollow\">Ao lado<\/a> Cypress Pkwy) <\/li>\n<\/ul>\n<ul>\n<li>  A visibilidade est\u00e1 caindo sobre Ft Myers por causa da fuma\u00e7a que se move sobre a cidade devido a uma queimada prescrita no condado de Charlotte &#8211; normalmente nesta vista voc\u00ea&#8230; (X: <a href=\"https:\/\/twitter.com\/RobDunsTV\/status\/1879280606850535711?ref_src=twsrc%5Egoogle%7Ctwcamp%5Eserp%7Ctwgr%5Etweet\" target=\"_blank\" rel=\"nofollow\">@RobDunsTV<\/a>) <\/li>\n<li>  Vizinhos de Saint James City criam arte a partir da destrui\u00e7\u00e3o do furac\u00e3o&#8230; (X: <a href=\"https:\/\/twitter.com\/winknews\/status\/1878941093817180173?ref_src=twsrc%5Egoogle%7Ctwcamp%5Eserp%7Ctwgr%5Etweet\" target=\"_blank\" rel=\"nofollow\">@winknews<\/a>) <\/li>\n<\/ul>\n<ul>\n<li>  Lee Health publicou uma vaga de emprego para <strong>Enfermeira do Hemocentro<\/strong> em Fort Myers, Fl\u00f3rida. Inscreva-se em <a href=\"https:\/\/jobs.leehealth.org\/job\/blood-center-nurse-nursing-us-fl-fort-myers-57620-1\/?utm_campaign=google_jobs_apply&#038;utm_source=google_jobs_apply&#038;utm_medium=organic\" target=\"_blank\" rel=\"nofollow\">Lee Sa\u00fade<\/a>. <\/li>\n<li>  Vetted Health publicou uma vaga de emprego para <strong>RN &#8211; ED &#8211; Departamento de Emerg\u00eancia em Fort Myers, Fl\u00f3rida &#8211; $ 1.688\/semana<\/strong> em Fort Myers, Fl\u00f3rida. Inscreva-se em <a href=\"https:\/\/www.linkedin.com\/jobs\/view\/rn-ed-emergency-department-in-fort-myers-florida-%241-688-week-at-vetted-health-4125453638?utm_campaign=google_jobs_apply&#038;utm_source=google_jobs_apply&#038;utm_medium=organic\" target=\"_blank\" rel=\"nofollow\">LinkedIn<\/a>. <\/li>\n<\/ul>\n<hr\/>\n<p> <b>Ok Fort Myers!<\/b> Ent\u00e3o agora voc\u00ea est\u00e1 por dentro do que est\u00e1 acontecendo hoje. Obrigado pela leitura e at\u00e9 a pr\u00f3xima vez na sua caixa de entrada! <\/p>\n<p> <b>&#8211; A equipe do Patch AM<\/b> <\/p>\n<p> <em>PS A resposta para o enigma de hoje:<\/em> S\u00e1bado e domingo. Todos os outros s\u00e3o dias fracos. <\/p>\n<hr\/>\n<h4>\ud83d\udc49 <strong>Ajude a tornar o Patch AM melhor<\/strong><\/h4>\n<hr\/>\n<p> <a href=\"https:\/\/nextdoor.com\/sharekit\/?source=Fort%20Myers%20Patch%20AM&#038;body=Catch+up+on+what+you+need+to+know+from+the+Fort+Myers+Patch+AM+daily+update%3A+https%3A%2F%2Fpatch.com%2Fflorida%2Ffort-myers&#038;utm_source=patch&#038;utm_medium=email&#038;utm_campaign=pilot\" target=\"_blank\" class=\"text-weight-bold text-green-8 sans\">Compartilhar no NextDoor<\/a>     <a href=\"https:\/\/www.facebook.com\/share.php?u=https:\/\/patch.com\/florida\/fort-myers&#038;title=Catch+up+on+what+you+need+to+know+from+the+Fort+Myers+Patch+AM+daily+update%3A+https%3A%2F%2Fpatch.com%2Fflorida%2Ffort-myers\" target=\"_blank\" class=\"text-weight-bold text-light-blue-10 sans\">Compartilhar no Facebook<\/a><\/p>\n<\/div>\n<p><script async src=\"\/\/platform.twitter.com\/widgets.js\" charset=\"utf-8\"><\/script><br \/>\n<br \/><br \/>\n<br \/><a href=\"http:\/\/patch.com\/florida\/fort-myers\/discover-aquatic-plant-research-revolutionizing-florida-nodx-20250115?utm_source=article-mostrecent&#038;utm_medium=rss&#038;utm_term=community%20corner&#038;utm_campaign=recirc&#038;utm_content=aol\">Source link <\/a><\/p>","protected":false},"excerpt":{"rendered":"<p>Bom dia Fort Myers! Estamos de volta \u00e0 sua caixa de entrada esta manh\u00e3 para mant\u00ea-lo informado sobre o que est\u00e1 acontecendo na cidade e nos arredores. Pegue uma x\u00edcara&hellip;<\/p>","protected":false},"author":1,"featured_media":71100,"comment_status":"closed","ping_status":"open","sticky":false,"template":"","format":"standard","meta":{"content-type":"","footnotes":""},"categories":[1],"tags":[],"class_list":["post-91913","post","type-post","status-publish","format-standard","has-post-thumbnail","hentry","category-uncategorized"],"_links":{"self":[{"href":"https:\/\/tvbrazilusa.com\/pt\/wp-json\/wp\/v2\/posts\/91913","targetHints":{"allow":["GET"]}}],"collection":[{"href":"https:\/\/tvbrazilusa.com\/pt\/wp-json\/wp\/v2\/posts"}],"about":[{"href":"https:\/\/tvbrazilusa.com\/pt\/wp-json\/wp\/v2\/types\/post"}],"author":[{"embeddable":true,"href":"https:\/\/tvbrazilusa.com\/pt\/wp-json\/wp\/v2\/users\/1"}],"replies":[{"embeddable":true,"href":"https:\/\/tvbrazilusa.com\/pt\/wp-json\/wp\/v2\/comments?post=91913"}],"version-history":[{"count":1,"href":"https:\/\/tvbrazilusa.com\/pt\/wp-json\/wp\/v2\/posts\/91913\/revisions"}],"predecessor-version":[{"id":91914,"href":"https:\/\/tvbrazilusa.com\/pt\/wp-json\/wp\/v2\/posts\/91913\/revisions\/91914"}],"wp:featuredmedia":[{"embeddable":true,"href":"https:\/\/tvbrazilusa.com\/pt\/wp-json\/wp\/v2\/media\/71100"}],"wp:attachment":[{"href":"https:\/\/tvbrazilusa.com\/pt\/wp-json\/wp\/v2\/media?parent=91913"}],"wp:term":[{"taxonomy":"category","embeddable":true,"href":"https:\/\/tvbrazilusa.com\/pt\/wp-json\/wp\/v2\/categories?post=91913"},{"taxonomy":"post_tag","embeddable":true,"href":"https:\/\/tvbrazilusa.com\/pt\/wp-json\/wp\/v2\/tags?post=91913"}],"curies":[{"name":"wp","href":"https:\/\/api.w.org\/{rel}","templated":true}]}}