{"id":91918,"date":"2025-01-15T10:02:38","date_gmt":"2025-01-15T10:02:38","guid":{"rendered":"https:\/\/tvbrazilusa.com\/2025\/01\/15\/chefes-do-pcc-contam-com-plano-de-saude-do-crime-e-ate-realizam-procedimentos-esteticos-dentro-do-presidio\/"},"modified":"2025-01-15T10:02:40","modified_gmt":"2025-01-15T10:02:40","slug":"chefes-do-pcc-contam-com-plano-de-saude-do-crime-e-ate-realizam-procedimentos-esteticos-dentro-do-presidio","status":"publish","type":"post","link":"https:\/\/tvbrazilusa.com\/pt\/2025\/01\/15\/chefes-do-pcc-contam-com-plano-de-saude-do-crime-e-ate-realizam-procedimentos-esteticos-dentro-do-presidio\/","title":{"rendered":"Chefes do PCC contam com &#8216;plano de sa\u00fade do crime&#8217; e at\u00e9 realizam procedimentos est\u00e9ticos dentro do pres\u00eddio"},"content":{"rendered":"<p> <script async src=\"https:\/\/pagead2.googlesyndication.com\/pagead\/js\/adsbygoogle.js?client=ca-pub-8864793242727901\"\r\n     crossorigin=\"anonymous\"><\/script><br \/>\n<\/p>\n<div id=\"taboola-read-more\" style=\"display:block; width:100%\">\n<p>Membros da c\u00fapula do Primeiro Comando da Capital (PCC) receberam atendimentos m\u00e9dicos e odontol\u00f3gicos privados dentro de pres\u00eddios de S\u00e3o Paulo, inclusive para fazer procedimentos est\u00e9ticos. A descoberta foi feita pelo Minist\u00e9rio P\u00fablico e pela Pol\u00edcia Civil de S\u00e3o Paulo na investiga\u00e7\u00e3o da Opera\u00e7\u00e3o Scream Fake (falso grito, em ingl\u00eas).\n<\/p>\n<p>M\u00e9dicos e dentistas sem v\u00ednculo com o crime organizado teriam sido cooptados para consultas particulares e exclusivas de detentos faccionados e custodiados na Penitenci\u00e1ria II de Presidente Venceslau e no Centro de Readapta\u00e7\u00e3o Penitenci\u00e1ria, em Presidente Bernardes, unidade em que vigora o Regime Disciplinar Diferenciado, mais r\u00edgido.<\/p>\n<p>As consultas beneficiariam chef\u00f5es do PCC, em uma esp\u00e9cie de \u201cplano de sa\u00fade do crime organizado\u201d \u2013 um plano \u201cbastante seletivo\u201d, de acordo com a Pol\u00edcia e o Minist\u00e9rio P\u00fablico, que daria direito a procedimentos variados, como interven\u00e7\u00f5es est\u00e9ticas e at\u00e9 cir\u00fargicas.\n<\/p>\n<p>Os profissionais seriam pagos com recursos do caixa da fac\u00e7\u00e3o. A investiga\u00e7\u00e3o apontou que eles recebiam valores \u201cmajorados e expressivos\u201d, acima do mercado, repassados por dep\u00f3sitos n\u00e3o identificados e transfer\u00eancias banc\u00e1rias de contas registradas em nome de terceiros ou de advogados ligados ao PCC.\n<\/p>\n<p>Os investigadores afirmam que, muitas vezes, os atendimentos ocorriam sem que o preso tivesse conhecimento sobre valores ou forma de pagamento. Para a Pol\u00edcia Civil e o Minist\u00e9rio P\u00fablico, a din\u00e2mica comprova que os atendimentos s\u00e3o coordenados e executados pela organiza\u00e7\u00e3o criminosa em benef\u00edcio de integrantes qualificados, normalmente faccionados em fun\u00e7\u00f5es de destaque.\n<\/p>\n<p>\u201cAssim, a investiga\u00e7\u00e3o comprovou, mais uma vez, que a fac\u00e7\u00e3o financia atendimentos de sa\u00fade a alguns de seus integrantes, realizando o pagamento de tais servi\u00e7os, com sobrepre\u00e7o, atrav\u00e9s dos recursos obtidos junto ao seu caixa ilegal, alimentado com valores obtidos atrav\u00e9s das pr\u00e1ticas criminosas que desenvolve\u201d, dizem os investigadores.\n<\/p>\n<p>A Opera\u00e7\u00e3o Scream Fake, deflagrada nesta ter\u00e7a-feira, 14, mira uma ONG que teria sido usada pelo PCC para espalhar den\u00fancias falsas de abusos no sistema prisional e \u201ccolocar a opini\u00e3o p\u00fablica contra o poder estatal\u201d.\n<\/p>\n<p><strong>Estad\u00e3o Conte\u00fado<\/strong>              <\/p>\n<\/div>\n<p><br \/>\n<br \/><a href=\"https:\/\/diariodobrasilnoticias.com.br\/noticia\/chefes-do-pcc-contam-com-plano-de-saude-do-crime-e-ate-realizam-procedimentos-esteticos-dentro-do-presidio-678786b97597e\">Source link <\/a><\/p>","protected":false},"excerpt":{"rendered":"<p>Membros da c\u00fapula do Primeiro Comando da Capital (PCC) receberam atendimentos m\u00e9dicos e odontol\u00f3gicos privados dentro de pres\u00eddios de S\u00e3o Paulo, inclusive para fazer procedimentos est\u00e9ticos. A descoberta foi feita&hellip;<\/p>","protected":false},"author":1,"featured_media":91919,"comment_status":"closed","ping_status":"open","sticky":false,"template":"","format":"standard","meta":{"content-type":"","footnotes":""},"categories":[16],"tags":[123,2448,5313,1267],"class_list":["post-91918","post","type-post","status-publish","format-standard","has-post-thumbnail","hentry","category-noticias","tag-brasil","tag-diario","tag-noticia","tag-noticias"],"_links":{"self":[{"href":"https:\/\/tvbrazilusa.com\/pt\/wp-json\/wp\/v2\/posts\/91918","targetHints":{"allow":["GET"]}}],"collection":[{"href":"https:\/\/tvbrazilusa.com\/pt\/wp-json\/wp\/v2\/posts"}],"about":[{"href":"https:\/\/tvbrazilusa.com\/pt\/wp-json\/wp\/v2\/types\/post"}],"author":[{"embeddable":true,"href":"https:\/\/tvbrazilusa.com\/pt\/wp-json\/wp\/v2\/users\/1"}],"replies":[{"embeddable":true,"href":"https:\/\/tvbrazilusa.com\/pt\/wp-json\/wp\/v2\/comments?post=91918"}],"version-history":[{"count":1,"href":"https:\/\/tvbrazilusa.com\/pt\/wp-json\/wp\/v2\/posts\/91918\/revisions"}],"predecessor-version":[{"id":91920,"href":"https:\/\/tvbrazilusa.com\/pt\/wp-json\/wp\/v2\/posts\/91918\/revisions\/91920"}],"wp:featuredmedia":[{"embeddable":true,"href":"https:\/\/tvbrazilusa.com\/pt\/wp-json\/wp\/v2\/media\/91919"}],"wp:attachment":[{"href":"https:\/\/tvbrazilusa.com\/pt\/wp-json\/wp\/v2\/media?parent=91918"}],"wp:term":[{"taxonomy":"category","embeddable":true,"href":"https:\/\/tvbrazilusa.com\/pt\/wp-json\/wp\/v2\/categories?post=91918"},{"taxonomy":"post_tag","embeddable":true,"href":"https:\/\/tvbrazilusa.com\/pt\/wp-json\/wp\/v2\/tags?post=91918"}],"curies":[{"name":"wp","href":"https:\/\/api.w.org\/{rel}","templated":true}]}}