{"id":91921,"date":"2025-01-15T10:15:20","date_gmt":"2025-01-15T10:15:20","guid":{"rendered":"https:\/\/tvbrazilusa.com\/2025\/01\/15\/governo-descumpre-promessa-de-campanha-e-mantem-isencao-de-ir-limitada-a-dois-salarios-minimos\/"},"modified":"2025-01-15T10:15:22","modified_gmt":"2025-01-15T10:15:22","slug":"governo-descumpre-promessa-de-campanha-e-mantem-isencao-de-ir-limitada-a-dois-salarios-minimos","status":"publish","type":"post","link":"https:\/\/tvbrazilusa.com\/pt\/2025\/01\/15\/governo-descumpre-promessa-de-campanha-e-mantem-isencao-de-ir-limitada-a-dois-salarios-minimos\/","title":{"rendered":"Governo descumpre promessa de campanha e mant\u00e9m isen\u00e7\u00e3o de IR limitada a dois sal\u00e1rios m\u00ednimos"},"content":{"rendered":"<p> <script async src=\"https:\/\/pagead2.googlesyndication.com\/pagead\/js\/adsbygoogle.js?client=ca-pub-8864793242727901\"\r\n     crossorigin=\"anonymous\"><\/script><br \/>\n<\/p>\n<div id=\"taboola-read-more\" style=\"display:block; width:100%\">\n<p>O ministro da Fazenda, Fernando Haddad, declarou nesta ter\u00e7a-feira, 14, que n\u00e3o ir\u00e1 apresentar uma proposta para aumentar a isen\u00e7\u00e3o do Imposto de Renda at\u00e9 R$ 5 mil.\n<\/p>\n<p>Segundo Haddad, o presidente Luiz In\u00e1cio Lula da Silva orientou a manter a isen\u00e7\u00e3o do Imposto de Renda para apenas dois sal\u00e1rios m\u00ednimos em 2025.<\/p>\n<p>Questionado por jornalistas sobre a promessa da campanha eleitoral, Haddad disse que o governo est\u00e1 \u201c\u201cconsiderando essa possibilidade, para manter o ritmo de mudan\u00e7a da faixa de isen\u00e7\u00e3o\u201d.\n<\/p>\n<p>O ministro declarou que a Receita Federal est\u00e1 fazendo os estudos para propor a reforma do Imposto de Renda.\n<\/p>\n<p>\u201cVamos esperar as elei\u00e7\u00f5es no Congresso para tocar este tema\u201d, disse o ministro, salientando que \u201cn\u00e3o ser\u00e1 apenas uma lei que ir\u00e1 resolver a quest\u00e3o da reforma da renda\u201d.\n<\/p>\n<p><strong>Haddad j\u00e1 tinha anunciado isen\u00e7\u00e3o do Imposto de Renda<\/strong><br \/>Em um pronunciamento realizado no dia 27 de novembro de 2024 o ministro Haddad tinha anunciado o aumento da isen\u00e7\u00e3o do Imposto de Renda.\n<\/p>\n<p>O an\u00fancio ocorreu junto com a apresenta\u00e7\u00e3o do pacote de corte de gastos do governo, e gerou s\u00e9rias d\u00favidas sobre a capacidade do governo de equilibrar as contas p\u00fablicas.\n<\/p>\n<p>O dia seguinte do pronunciamento, o d\u00f3lar voltou a subir, ultrapassando a marca de R$ 6 pela primeira vez.\n<\/p>\n<p>Fonte: Revista Oeste              <\/p>\n<\/div>\n<p><br \/>\n<br \/><a href=\"https:\/\/diariodobrasilnoticias.com.br\/noticia\/governo-descumpre-promessa-de-campanha-e-mantem-isencao-de-ir-limitada-a-dois-salarios-minimos-6787887416c33\">Source link <\/a><\/p>","protected":false},"excerpt":{"rendered":"<p>O ministro da Fazenda, Fernando Haddad, declarou nesta ter\u00e7a-feira, 14, que n\u00e3o ir\u00e1 apresentar uma proposta para aumentar a isen\u00e7\u00e3o do Imposto de Renda at\u00e9 R$ 5 mil. Segundo Haddad,&hellip;<\/p>","protected":false},"author":1,"featured_media":91922,"comment_status":"closed","ping_status":"open","sticky":false,"template":"","format":"standard","meta":{"content-type":"","footnotes":""},"categories":[16],"tags":[123,2448,5313,1267],"class_list":["post-91921","post","type-post","status-publish","format-standard","has-post-thumbnail","hentry","category-noticias","tag-brasil","tag-diario","tag-noticia","tag-noticias"],"_links":{"self":[{"href":"https:\/\/tvbrazilusa.com\/pt\/wp-json\/wp\/v2\/posts\/91921","targetHints":{"allow":["GET"]}}],"collection":[{"href":"https:\/\/tvbrazilusa.com\/pt\/wp-json\/wp\/v2\/posts"}],"about":[{"href":"https:\/\/tvbrazilusa.com\/pt\/wp-json\/wp\/v2\/types\/post"}],"author":[{"embeddable":true,"href":"https:\/\/tvbrazilusa.com\/pt\/wp-json\/wp\/v2\/users\/1"}],"replies":[{"embeddable":true,"href":"https:\/\/tvbrazilusa.com\/pt\/wp-json\/wp\/v2\/comments?post=91921"}],"version-history":[{"count":1,"href":"https:\/\/tvbrazilusa.com\/pt\/wp-json\/wp\/v2\/posts\/91921\/revisions"}],"predecessor-version":[{"id":91923,"href":"https:\/\/tvbrazilusa.com\/pt\/wp-json\/wp\/v2\/posts\/91921\/revisions\/91923"}],"wp:featuredmedia":[{"embeddable":true,"href":"https:\/\/tvbrazilusa.com\/pt\/wp-json\/wp\/v2\/media\/91922"}],"wp:attachment":[{"href":"https:\/\/tvbrazilusa.com\/pt\/wp-json\/wp\/v2\/media?parent=91921"}],"wp:term":[{"taxonomy":"category","embeddable":true,"href":"https:\/\/tvbrazilusa.com\/pt\/wp-json\/wp\/v2\/categories?post=91921"},{"taxonomy":"post_tag","embeddable":true,"href":"https:\/\/tvbrazilusa.com\/pt\/wp-json\/wp\/v2\/tags?post=91921"}],"curies":[{"name":"wp","href":"https:\/\/api.w.org\/{rel}","templated":true}]}}