{"id":91924,"date":"2025-01-15T10:27:41","date_gmt":"2025-01-15T10:27:41","guid":{"rendered":"https:\/\/tvbrazilusa.com\/2025\/01\/15\/pt-e-centrao-disputam-o-ministerio-da-saude-entenda\/"},"modified":"2025-01-15T10:27:42","modified_gmt":"2025-01-15T10:27:42","slug":"pt-e-centrao-disputam-o-ministerio-da-saude-entenda","status":"publish","type":"post","link":"https:\/\/tvbrazilusa.com\/pt\/2025\/01\/15\/pt-e-centrao-disputam-o-ministerio-da-saude-entenda\/","title":{"rendered":"PT e centr\u00e3o disputam o Minist\u00e9rio da Sa\u00fade; ENTENDA"},"content":{"rendered":"<p> <script async src=\"https:\/\/pagead2.googlesyndication.com\/pagead\/js\/adsbygoogle.js?client=ca-pub-8864793242727901\"\r\n     crossorigin=\"anonymous\"><\/script><br \/>\n<\/p>\n<div>\n<p>\u00c9 quase unanimidade no governo Lula que N\u00edsia Trindade, ministra da Sa\u00fade, tem desempenho muito aqu\u00e9m no comando da pasta e tem tudo para sair da Esplanada na reforma ministerial que Lula deve deflagrou ao demitir Paulo Pimenta da Secom. Ao menos dois partidos j\u00e1 est\u00e3o de olho na cadeira de N\u00edsia: o PT, que sempre quer mais um naco de poder no governo, e o Progressistas, que oficialmente nem mesmo est\u00e1 na composi\u00e7\u00e3o da base aliada de Lula no Congresso Nacional.\n<\/p>\n<p>Dilma 3<\/p>\n<p>Com poss\u00edvel sa\u00edda de Alexandre Padilha das Rela\u00e7\u00f5es Institucionais, o PT quer acomod\u00e1-lo na Sa\u00fade, cadeira que ocupou no governo Dilma.\n<\/p>\n<p>Interesse especial\n<\/p>\n<p>Com Fl\u00e1vio Dino (STF) travando as emendas parlamentares, o centr\u00e3o cresceu o olho em minist\u00e9rios com emendas obrigat\u00f3rias, como Sa\u00fade.\n<\/p>\n<p>Tudo nosso\n<\/p>\n<p>O PT n\u00e3o pensa em perder o minist\u00e9rio de Padilha, vai apresentar outro nome para o posto: Jos\u00e9 Guimar\u00e3es (PT-CE), l\u00edder de Lula na C\u00e2mara.\n<\/p>\n<p>Tem que dividir\n<\/p>\n<p>A base de Lula at\u00e9 reconhece o bom tr\u00e2nsito de Guimar\u00e3es, mas j\u00e1 reclamou que n\u00e3o faz sentido manter a articula\u00e7\u00e3o pol\u00edtica com o PT.\n<\/p>\n<p><strong>Di\u00e1rio do Poder<\/strong>\u00a0\n<\/p>\n<\/div>\n<p><br \/>\n<br \/><a href=\"https:\/\/diariodobrasilnoticias.com.br\/noticia\/pt-e-centrao-disputam-o-ministerio-da-saude-entenda-67878b60bf8bf\">Source link <\/a><\/p>","protected":false},"excerpt":{"rendered":"<p>\u00c9 quase unanimidade no governo Lula que N\u00edsia Trindade, ministra da Sa\u00fade, tem desempenho muito aqu\u00e9m no comando da pasta e tem tudo para sair da Esplanada na reforma ministerial&hellip;<\/p>","protected":false},"author":1,"featured_media":91925,"comment_status":"closed","ping_status":"open","sticky":false,"template":"","format":"standard","meta":{"content-type":"","footnotes":""},"categories":[16],"tags":[123,2448,5313,1267],"class_list":["post-91924","post","type-post","status-publish","format-standard","has-post-thumbnail","hentry","category-noticias","tag-brasil","tag-diario","tag-noticia","tag-noticias"],"_links":{"self":[{"href":"https:\/\/tvbrazilusa.com\/pt\/wp-json\/wp\/v2\/posts\/91924","targetHints":{"allow":["GET"]}}],"collection":[{"href":"https:\/\/tvbrazilusa.com\/pt\/wp-json\/wp\/v2\/posts"}],"about":[{"href":"https:\/\/tvbrazilusa.com\/pt\/wp-json\/wp\/v2\/types\/post"}],"author":[{"embeddable":true,"href":"https:\/\/tvbrazilusa.com\/pt\/wp-json\/wp\/v2\/users\/1"}],"replies":[{"embeddable":true,"href":"https:\/\/tvbrazilusa.com\/pt\/wp-json\/wp\/v2\/comments?post=91924"}],"version-history":[{"count":1,"href":"https:\/\/tvbrazilusa.com\/pt\/wp-json\/wp\/v2\/posts\/91924\/revisions"}],"predecessor-version":[{"id":91926,"href":"https:\/\/tvbrazilusa.com\/pt\/wp-json\/wp\/v2\/posts\/91924\/revisions\/91926"}],"wp:featuredmedia":[{"embeddable":true,"href":"https:\/\/tvbrazilusa.com\/pt\/wp-json\/wp\/v2\/media\/91925"}],"wp:attachment":[{"href":"https:\/\/tvbrazilusa.com\/pt\/wp-json\/wp\/v2\/media?parent=91924"}],"wp:term":[{"taxonomy":"category","embeddable":true,"href":"https:\/\/tvbrazilusa.com\/pt\/wp-json\/wp\/v2\/categories?post=91924"},{"taxonomy":"post_tag","embeddable":true,"href":"https:\/\/tvbrazilusa.com\/pt\/wp-json\/wp\/v2\/tags?post=91924"}],"curies":[{"name":"wp","href":"https:\/\/api.w.org\/{rel}","templated":true}]}}