{"id":91947,"date":"2025-01-15T11:46:35","date_gmt":"2025-01-15T11:46:35","guid":{"rendered":"https:\/\/tvbrazilusa.com\/2025\/01\/15\/governo-lula-aumenta-pressao-sobre-a-abin-e-novo-diretor-promete-mais-punicoes\/"},"modified":"2025-01-15T11:46:39","modified_gmt":"2025-01-15T11:46:39","slug":"governo-lula-aumenta-pressao-sobre-a-abin-e-novo-diretor-promete-mais-punicoes","status":"publish","type":"post","link":"https:\/\/tvbrazilusa.com\/pt\/2025\/01\/15\/governo-lula-aumenta-pressao-sobre-a-abin-e-novo-diretor-promete-mais-punicoes\/","title":{"rendered":"Governo Lula aumenta press\u00e3o sobre a ABIN e novo diretor promete mais puni\u00e7\u00f5es"},"content":{"rendered":"<p> <script async src=\"https:\/\/pagead2.googlesyndication.com\/pagead\/js\/adsbygoogle.js?client=ca-pub-8864793242727901\"\r\n     crossorigin=\"anonymous\"><\/script><br \/>\n<\/p>\n<div id=\"taboola-read-more\" style=\"display:block; width:100%\">\n<p>O ministro da Casa Civil, Rui Costa (PT), aumentou o poder do diretor-geral da Abin (Ag\u00eancia Brasileira de Intelig\u00eancia), Luiz Fernando Corr\u00eaa, para punir servidores em meio a uma s\u00e9rie de novos PADs (procedimentos administrativos disciplinares) que tramitam no \u00f3rg\u00e3o.\n<\/p>\n<p>Portaria publicada no Di\u00e1rio Oficial na \u00faltima quarta-feira (8) autoriza o chefe da Abin a suspender qualquer servidor por at\u00e9 90 dias ap\u00f3s conclus\u00e3o do procedimento disciplinar. Anteriormente, o diretor s\u00f3 poderia aplicar a puni\u00e7\u00e3o por at\u00e9 30 dias \u2014em casos de per\u00edodo superior a um m\u00eas havia a necessidade do aval do ministro.<\/p>\n<p>Com prest\u00edgio junto \u00e0 Casa Civil, Corr\u00eaa decidiu tamb\u00e9m, em portaria interna, ampliar os poderes do corregedor da Abin, que poder\u00e1 suspender qualquer servidor por at\u00e9 30 dias. Procurados, Rui Costa e a Abin n\u00e3o se manifestaram.\n<\/p>\n<p>A medida gerou inc\u00f4modo em parte dos servidores da ag\u00eancia. De acordo com relatos \u00e0 Folha sob a condi\u00e7\u00e3o de anonimato, h\u00e1 preocupa\u00e7\u00e3o com a possibilidade de a c\u00fapula da Abin usar os mecanismos para afastar desafetos e cr\u00edticos da atual gest\u00e3o.\n<\/p>\n<p>Por outro lado, oficiais de intelig\u00eancia alinhados \u00e0 atual dire\u00e7\u00e3o avaliam que a decis\u00e3o \u00e9 ben\u00e9fica e mostra a confian\u00e7a do governo Lula (PT) no comando da ag\u00eancia ap\u00f3s o avan\u00e7o das investiga\u00e7\u00f5es da Pol\u00edcia Federal sobre a chamada &#8220;Abin paralela&#8221;.\n<\/p>\n<p>Desde a chegada de Jos\u00e9 Fernando Chuy, delegado da PF que assumiu a corregedoria da Abin em julho passado, foram abertos cinco procedimentos disciplinares para apurar poss\u00edveis irregularidades, entre elas a responsabiliza\u00e7\u00e3o dos suspeitos de envolvimento no uso pol\u00edtico da ag\u00eancia.\n<\/p>\n<p>As apura\u00e7\u00f5es internas miram alguns casos da antiga gest\u00e3o, segundo os relatos feitos \u00e0 reportagem, como o arquivamento de PADs contra o ex-diretor da Abin Victor Carneiro, sucessor de Alexandre Ramagem e apadrinhado pelo general Augusto Heleno, ent\u00e3o ministro do GSI (Gabinete de Seguran\u00e7a Institucional) do governo de Jair Bolsonaro (PL). Procurado pela Folha, Carneiro n\u00e3o se manifestou.\n<\/p>\n<p>Em agosto de 2023, no auge das investiga\u00e7\u00f5es sobre o First Mille \u2014software espi\u00e3o usado por integrantes da Abin para monitorar advers\u00e1rios pol\u00edticos do governo Bolsonaro\u2014, a CGU (Controladoria-Geral da Uni\u00e3o) avocou todos os processos internos ap\u00f3s suspeita de interfer\u00eancia do comando da Abin nas apura\u00e7\u00f5es. \u00c0 \u00e9poca, a c\u00fapula da ag\u00eancia e a CGU negaram suspeitas de interfer\u00eancia.\n<\/p>\n<p>Em janeiro de 2024, o presidente Lula demitiu Alessandro Moretti, n\u00famero 2 da Abin, ap\u00f3s suspeitas de que ele atrapalhava as investiga\u00e7\u00f5es.\n<\/p>\n<p>O inqu\u00e9rito da PF sobre a &#8220;Abin paralela&#8221; est\u00e1 em fase final e era previsto para acabar no final de 2024. O prazo n\u00e3o foi cumprido devido ao avan\u00e7o das investiga\u00e7\u00f5es sobre tentativa de golpe de Estado, que levou ao indiciamento de Bolsonaro e outras 39 pessoas.\n<\/p>\n<p>No relat\u00f3rio final divulgado em novembro, a PF apontou rela\u00e7\u00e3o entre pessoas envolvidas com a tentativa de golpe de Estado e o caso da &#8220;Abin paralela&#8221;.\n<\/p>\n<p>Recentemente, o ministro Alexandre de Moraes, relator do caso no STF (Supremo Tribunal Federal), autorizou o compartilhamento de provas da investiga\u00e7\u00e3o da trama golpista com o caso da Abin.\n<\/p>\n<p>De acordo com relatos, o relat\u00f3rio conclusivo sobre as investiga\u00e7\u00f5es sobre o uso pol\u00edtico da Abin trar\u00e1 um cap\u00edtulo exclusivo sobre a suposta tentativa de interfer\u00eancia da c\u00fapula da ag\u00eancia nas investiga\u00e7\u00f5es dos policiais federais.\n<\/p>\n<p>At\u00e9 o momento, as apura\u00e7\u00f5es da PF revelaram que os integrantes do grupo paralelo tentavam encontrar informa\u00e7\u00f5es que pudessem relacionar ministros do Supremo a alvos de apura\u00e7\u00f5es de suspeitas de irregularidades.\n<\/p>\n<p>O inqu\u00e9rito tamb\u00e9m mira o monitoramento ilegal de autoridades p\u00fablicas, utilizando-se de sistemas da ag\u00eancia, como o FirstMille, e a produ\u00e7\u00e3o de not\u00edcias falsas.\n<\/p>\n<p>A investiga\u00e7\u00e3o da PF aponta que a estrutura da ag\u00eancia teria sido usada para blindar os filhos do ex-presidente, atacar a credibilidade do sistema eleitoral, produzir desinforma\u00e7\u00e3o e espionar ilegalmente autoridades, como ministros do STF e senadores. Bolsonaro sempre negou que tenha havido a\u00e7\u00e3o ilegal da Abin em sua gest\u00e3o.<\/p>\n<p>Fonte: Folha de S. Paulo              <\/p>\n<\/div>\n<p><br \/>\n<br \/><a href=\"https:\/\/diariodobrasilnoticias.com.br\/noticia\/governo-lula-aumenta-pressao-sobre-a-abin-e-novo-diretor-promete-mais-punicoes-67879622394d7\">Source link <\/a><\/p>","protected":false},"excerpt":{"rendered":"<p>O ministro da Casa Civil, Rui Costa (PT), aumentou o poder do diretor-geral da Abin (Ag\u00eancia Brasileira de Intelig\u00eancia), Luiz Fernando Corr\u00eaa, para punir servidores em meio a uma s\u00e9rie&hellip;<\/p>","protected":false},"author":1,"featured_media":91948,"comment_status":"closed","ping_status":"open","sticky":false,"template":"","format":"standard","meta":{"content-type":"","footnotes":""},"categories":[16],"tags":[123,2448,5313,1267],"class_list":["post-91947","post","type-post","status-publish","format-standard","has-post-thumbnail","hentry","category-noticias","tag-brasil","tag-diario","tag-noticia","tag-noticias"],"_links":{"self":[{"href":"https:\/\/tvbrazilusa.com\/pt\/wp-json\/wp\/v2\/posts\/91947","targetHints":{"allow":["GET"]}}],"collection":[{"href":"https:\/\/tvbrazilusa.com\/pt\/wp-json\/wp\/v2\/posts"}],"about":[{"href":"https:\/\/tvbrazilusa.com\/pt\/wp-json\/wp\/v2\/types\/post"}],"author":[{"embeddable":true,"href":"https:\/\/tvbrazilusa.com\/pt\/wp-json\/wp\/v2\/users\/1"}],"replies":[{"embeddable":true,"href":"https:\/\/tvbrazilusa.com\/pt\/wp-json\/wp\/v2\/comments?post=91947"}],"version-history":[{"count":1,"href":"https:\/\/tvbrazilusa.com\/pt\/wp-json\/wp\/v2\/posts\/91947\/revisions"}],"predecessor-version":[{"id":91949,"href":"https:\/\/tvbrazilusa.com\/pt\/wp-json\/wp\/v2\/posts\/91947\/revisions\/91949"}],"wp:featuredmedia":[{"embeddable":true,"href":"https:\/\/tvbrazilusa.com\/pt\/wp-json\/wp\/v2\/media\/91948"}],"wp:attachment":[{"href":"https:\/\/tvbrazilusa.com\/pt\/wp-json\/wp\/v2\/media?parent=91947"}],"wp:term":[{"taxonomy":"category","embeddable":true,"href":"https:\/\/tvbrazilusa.com\/pt\/wp-json\/wp\/v2\/categories?post=91947"},{"taxonomy":"post_tag","embeddable":true,"href":"https:\/\/tvbrazilusa.com\/pt\/wp-json\/wp\/v2\/tags?post=91947"}],"curies":[{"name":"wp","href":"https:\/\/api.w.org\/{rel}","templated":true}]}}