{"id":91959,"date":"2025-01-15T12:27:51","date_gmt":"2025-01-15T12:27:51","guid":{"rendered":"https:\/\/tvbrazilusa.com\/2025\/01\/15\/pcc-funda-ong-para-disseminar-acusacoes-falsas-de-abusos-contra-detentos-assista\/"},"modified":"2025-01-15T12:28:04","modified_gmt":"2025-01-15T12:28:04","slug":"pcc-funda-ong-para-disseminar-acusacoes-falsas-de-abusos-contra-detentos-assista","status":"publish","type":"post","link":"https:\/\/tvbrazilusa.com\/pt\/2025\/01\/15\/pcc-funda-ong-para-disseminar-acusacoes-falsas-de-abusos-contra-detentos-assista\/","title":{"rendered":"PCC funda ONG para disseminar acusa\u00e7\u00f5es falsas de abusos contra detentos; ASSISTA"},"content":{"rendered":"<p> <script async src=\"https:\/\/pagead2.googlesyndication.com\/pagead\/js\/adsbygoogle.js?client=ca-pub-8864793242727901\"\r\n     crossorigin=\"anonymous\"><\/script><br \/>\n<\/p>\n<div>\n<p class=\"dark:base-text-neutral-high-400 base-text-[calc(theme(fontSize.xs)_*_var(--font-size,_1))] base-font-normal base-font-primary base-text-neutral-low-500 base-text-left\">A Pol\u00edcia Civil e o Minist\u00e9rio P\u00fablico de S\u00e3o Paulo descobriram uma nova \u00e1rea de atua\u00e7\u00e3o do PCC. O chamado \u201csetor das reivindica\u00e7\u00f5es\u201d promovia falsas acusa\u00e7\u00f5es de abusos sofridos por detentos no sistema prisional. As a\u00e7\u00f5es eram coordenadas por uma ONG criada pela pr\u00f3pria fac\u00e7\u00e3o. Na manh\u00e3 desta ter\u00e7a (14), agentes cumpriram 14 mandados de busca e apreens\u00e3o e 12 de pris\u00e3o.\n<\/p>\n<\/div>\n<p><br \/>\n<br \/><a href=\"https:\/\/diariodobrasilnoticias.com.br\/noticia\/pcc-funda-ong-para-disseminar-acusacoes-falsas-de-abusos-contra-detentos-assista-67878fceb814b\">Source link <\/a><\/p>","protected":false},"excerpt":{"rendered":"<p>A Pol\u00edcia Civil e o Minist\u00e9rio P\u00fablico de S\u00e3o Paulo descobriram uma nova \u00e1rea de atua\u00e7\u00e3o do PCC. O chamado \u201csetor das reivindica\u00e7\u00f5es\u201d promovia falsas acusa\u00e7\u00f5es de abusos sofridos por&hellip;<\/p>","protected":false},"author":1,"featured_media":91960,"comment_status":"closed","ping_status":"open","sticky":false,"template":"","format":"standard","meta":{"content-type":"","footnotes":""},"categories":[16],"tags":[123,2448,5313,1267],"class_list":["post-91959","post","type-post","status-publish","format-standard","has-post-thumbnail","hentry","category-noticias","tag-brasil","tag-diario","tag-noticia","tag-noticias"],"_links":{"self":[{"href":"https:\/\/tvbrazilusa.com\/pt\/wp-json\/wp\/v2\/posts\/91959","targetHints":{"allow":["GET"]}}],"collection":[{"href":"https:\/\/tvbrazilusa.com\/pt\/wp-json\/wp\/v2\/posts"}],"about":[{"href":"https:\/\/tvbrazilusa.com\/pt\/wp-json\/wp\/v2\/types\/post"}],"author":[{"embeddable":true,"href":"https:\/\/tvbrazilusa.com\/pt\/wp-json\/wp\/v2\/users\/1"}],"replies":[{"embeddable":true,"href":"https:\/\/tvbrazilusa.com\/pt\/wp-json\/wp\/v2\/comments?post=91959"}],"version-history":[{"count":1,"href":"https:\/\/tvbrazilusa.com\/pt\/wp-json\/wp\/v2\/posts\/91959\/revisions"}],"predecessor-version":[{"id":91961,"href":"https:\/\/tvbrazilusa.com\/pt\/wp-json\/wp\/v2\/posts\/91959\/revisions\/91961"}],"wp:featuredmedia":[{"embeddable":true,"href":"https:\/\/tvbrazilusa.com\/pt\/wp-json\/wp\/v2\/media\/91960"}],"wp:attachment":[{"href":"https:\/\/tvbrazilusa.com\/pt\/wp-json\/wp\/v2\/media?parent=91959"}],"wp:term":[{"taxonomy":"category","embeddable":true,"href":"https:\/\/tvbrazilusa.com\/pt\/wp-json\/wp\/v2\/categories?post=91959"},{"taxonomy":"post_tag","embeddable":true,"href":"https:\/\/tvbrazilusa.com\/pt\/wp-json\/wp\/v2\/tags?post=91959"}],"curies":[{"name":"wp","href":"https:\/\/api.w.org\/{rel}","templated":true}]}}