{"id":91962,"date":"2025-01-15T12:40:38","date_gmt":"2025-01-15T12:40:38","guid":{"rendered":"https:\/\/tvbrazilusa.com\/2025\/01\/15\/urgente-presidente-da-coreia-do-sul-e-preso-por-tentativa-de-golpe\/"},"modified":"2025-01-15T12:40:42","modified_gmt":"2025-01-15T12:40:42","slug":"urgente-presidente-da-coreia-do-sul-e-preso-por-tentativa-de-golpe","status":"publish","type":"post","link":"https:\/\/tvbrazilusa.com\/pt\/2025\/01\/15\/urgente-presidente-da-coreia-do-sul-e-preso-por-tentativa-de-golpe\/","title":{"rendered":"URGENTE: Presidente da Coreia do Sul \u00e9 preso por tentativa de golpe"},"content":{"rendered":"<p> <script async src=\"https:\/\/pagead2.googlesyndication.com\/pagead\/js\/adsbygoogle.js?client=ca-pub-8864793242727901\"\r\n     crossorigin=\"anonymous\"><\/script><br \/>\n<\/p>\n<div id=\"taboola-read-more\" style=\"display:block; width:100%\">\n<p>O presidente deposto da Coreia do Sul, Yoon Suk Yeol, foi preso na manh\u00e3 de quarta-feira, 15 (noite de ter\u00e7a-feira em Bras\u00edlia) pela imposi\u00e7\u00e3o da lei marcial em dezembro, anunciou a equipe conjunta que o investiga por suposta insurrei\u00e7\u00e3o. A pris\u00e3o ocorreu horas depois que centenas de investigadores e policiais da ag\u00eancia chegaram ao seu complexo presidencial para prend\u00ea-lo.\n<\/p>\n<p>\u201cO Escrit\u00f3rio Conjunto de Investiga\u00e7\u00e3o executou um mandado de pris\u00e3o para o presidente Yoon Suk Yeol hoje \u00e0s 10h33\u201d, disse o escrit\u00f3rio em um comunicado.<\/p>\n<p>Em uma mensagem de v\u00eddeo gravada antes de ser escoltado para a sede de uma ag\u00eancia anticorrup\u00e7\u00e3o, Yoon lamentou que o \u201cestado de direito tenha entrado em colapso total neste pa\u00eds\u201d, mas disse que estava cumprindo o mandado de pris\u00e3o para evitar confrontos entre autoridades policiais e o servi\u00e7o de seguran\u00e7a presidencial.\n<\/p>\n<p>Durante interrogat\u00f3rio, ap\u00f3s a deten\u00e7\u00e3o, Yoon se recusou a responder \u00e0s perguntas dos investigadores.\n<\/p>\n<p>Yoon, que foi afastado em um processo de impeachment e acusado de insurrei\u00e7\u00e3o por seu esfor\u00e7o de curta dura\u00e7\u00e3o para impor a lei marcial em dezembro, torna-se assim o primeiro presidente ainda no cargo a ser preso na hist\u00f3ria do pa\u00eds asi\u00e1tico.\n<\/p>\n<p>Cerca de tr\u00eas horas antes, centenas de agentes da lei entraram no complexo residencial do mandat\u00e1rio e enfrentaram resist\u00eancia de for\u00e7as de seguran\u00e7a. Uma primeira tentativa de pris\u00e3o fracassou no in\u00edcio de janeiro por conta do servi\u00e7o de seguran\u00e7a presidencial.\n<\/p>\n<p>Ap\u00f3s um impasse de horas no port\u00e3o do complexo, investigadores anticorrup\u00e7\u00e3o e policiais foram vistos subindo o complexo montanhoso. Alguns usaram escadas para escalar fileiras de \u00f4nibus colocados pelo servi\u00e7o de seguran\u00e7a presidencial perto da entrada.\n<\/p>\n<p><strong>Estad\u00e3o<\/strong>              <\/p>\n<\/div>\n<p><br \/>\n<br \/><a href=\"https:\/\/diariodobrasilnoticias.com.br\/noticia\/presidente-da-coreia-do-sul-e-preso-por-imposicao-da-lei-marcial-67878ba602980\">Source link <\/a><\/p>","protected":false},"excerpt":{"rendered":"<p>O presidente deposto da Coreia do Sul, Yoon Suk Yeol, foi preso na manh\u00e3 de quarta-feira, 15 (noite de ter\u00e7a-feira em Bras\u00edlia) pela imposi\u00e7\u00e3o da lei marcial em dezembro, anunciou&hellip;<\/p>","protected":false},"author":1,"featured_media":91963,"comment_status":"closed","ping_status":"open","sticky":false,"template":"","format":"standard","meta":{"content-type":"","footnotes":""},"categories":[16],"tags":[123,2448,5313,1267],"class_list":["post-91962","post","type-post","status-publish","format-standard","has-post-thumbnail","hentry","category-noticias","tag-brasil","tag-diario","tag-noticia","tag-noticias"],"_links":{"self":[{"href":"https:\/\/tvbrazilusa.com\/pt\/wp-json\/wp\/v2\/posts\/91962","targetHints":{"allow":["GET"]}}],"collection":[{"href":"https:\/\/tvbrazilusa.com\/pt\/wp-json\/wp\/v2\/posts"}],"about":[{"href":"https:\/\/tvbrazilusa.com\/pt\/wp-json\/wp\/v2\/types\/post"}],"author":[{"embeddable":true,"href":"https:\/\/tvbrazilusa.com\/pt\/wp-json\/wp\/v2\/users\/1"}],"replies":[{"embeddable":true,"href":"https:\/\/tvbrazilusa.com\/pt\/wp-json\/wp\/v2\/comments?post=91962"}],"version-history":[{"count":1,"href":"https:\/\/tvbrazilusa.com\/pt\/wp-json\/wp\/v2\/posts\/91962\/revisions"}],"predecessor-version":[{"id":91964,"href":"https:\/\/tvbrazilusa.com\/pt\/wp-json\/wp\/v2\/posts\/91962\/revisions\/91964"}],"wp:featuredmedia":[{"embeddable":true,"href":"https:\/\/tvbrazilusa.com\/pt\/wp-json\/wp\/v2\/media\/91963"}],"wp:attachment":[{"href":"https:\/\/tvbrazilusa.com\/pt\/wp-json\/wp\/v2\/media?parent=91962"}],"wp:term":[{"taxonomy":"category","embeddable":true,"href":"https:\/\/tvbrazilusa.com\/pt\/wp-json\/wp\/v2\/categories?post=91962"},{"taxonomy":"post_tag","embeddable":true,"href":"https:\/\/tvbrazilusa.com\/pt\/wp-json\/wp\/v2\/tags?post=91962"}],"curies":[{"name":"wp","href":"https:\/\/api.w.org\/{rel}","templated":true}]}}