{"id":91986,"date":"2025-01-15T13:45:52","date_gmt":"2025-01-15T13:45:52","guid":{"rendered":"https:\/\/tvbrazilusa.com\/2025\/01\/15\/nasa-registra-ilha-fantasma-veja\/"},"modified":"2025-01-15T13:45:55","modified_gmt":"2025-01-15T13:45:55","slug":"nasa-registra-ilha-fantasma-veja","status":"publish","type":"post","link":"https:\/\/tvbrazilusa.com\/pt\/2025\/01\/15\/nasa-registra-ilha-fantasma-veja\/","title":{"rendered":"Nasa registra \u2018ilha fantasma\u2019; VEJA"},"content":{"rendered":"<p> <script async src=\"https:\/\/pagead2.googlesyndication.com\/pagead\/js\/adsbygoogle.js?client=ca-pub-8864793242727901\"\r\n     crossorigin=\"anonymous\"><\/script><br \/>\n<\/p>\n<div id=\"taboola-read-more\" style=\"display:block; width:100%\">\n<p><span data-contrast=\"auto\">Sat\u00e9lites da Administra\u00e7\u00e3o Nacional da Aeron\u00e1utica e Espa\u00e7o dos Estados Unidos (<a href=\"https:\/\/www.correiobraziliense.com.br\/ciencia-e-saude\/2025\/01\/7029660-nasa-detalha-plano-para-trazer-amostras-de-marte-em-2026.html\">Nasa<\/a>, na sigla em ingl\u00eas) capturaram uma\u00a0\u2018ilha\u2019\u00a0no Mar C\u00e1spio\u00a0que\u00a0desapareceu completamente\u00a0ap\u00f3s pouco mais de um ano.<\/span><span data-ccp-props=\"{}\">\u00a0<\/span>\n<\/p>\n<p><span data-contrast=\"auto\">Uma massa de terra surgiu, no\u00a0in\u00edcio\u00a0de 2023,\u00a0depois da erup\u00e7\u00e3o de um vulc\u00e3o de lama\u00a0na costa do\u00a0<a href=\"https:\/\/www.correiobraziliense.com.br\/mundo\/2024\/12\/7023294-azerbaijao-afirma-que-russia-prometeu-punir-responsaveis-pelo-desastre-aereo.html\">Azerbaij\u00e3o<\/a>. No final de 2024, por\u00e9m,\u00a0ela havia sumido quase que completamente. O Observat\u00f3rio Terrestre da Nasa, que registrou imagens da ilha tempor\u00e1ria, descreveu o fen\u00f4meno \u201ccomo uma apari\u00e7\u00e3o\u201d.<\/span><span data-ccp-props=\"{}\">\u00a0<\/span><\/p>\n<p><span data-contrast=\"auto\">A ag\u00eancia espacial explica que \u201cilhas transit\u00f3rias\u201d\u00a0parecidas com a\u00a0Chigil-Deniz, como est\u00e1 sendo chamada esta \u00faltima massa de terra,\u00a0s\u00e3o registradas desde a primeira erup\u00e7\u00e3o do vulc\u00e3o de lama\u00a0Kumani\u00a0Bank, em 1861.\u00a0Situada a\u00a0cerca de 25 quil\u00f4metros da costa leste azerbaidjana,\u00a0a crista do vulc\u00e3o emerge e encolhe.<\/span><span data-ccp-props=\"{}\">\u00a0<\/span>\n<\/p>\n<p><span data-contrast=\"auto\">Conforme registraram as imagens da Nasa, a crista estava, em novembro de 2022, abaixo da superf\u00edcie do mar. Por isso, nada al\u00e9m de \u00e1gua \u00e9 visto no mesmo local em que, alguns meses depois, em fevereiro de 2023, uma ilha apareceu.\u00a0Em dezembro de 2024, \u00e9 poss\u00edvel ver apenas uma pequena por\u00e7\u00e3o de terra acima do n\u00edvel do oceano.<\/span><span data-ccp-props=\"{}\">\u00a0<\/span>\n<\/p>\n<p style=\"font-weight: 400;\"><strong><span data-ccp-props=\"{}\">Veja:<\/span><\/strong>\n<\/p>\n<p style=\"font-weight: 400;\"><strong><span data-ccp-props=\"{}\"><\/span><\/strong>\n<\/p>\n<p>(foto: Wanmei Liang\/Nasa)\n<\/p>\n<p>De acordo com observa\u00e7\u00f5es adicionais do sat\u00e9lite, Chigil-Deniz teria aparecido entre 30 de janeiro e 4 de fevereiro, e medido aproximadamente 400 metros de di\u00e2metro.\n<\/p>\n<p>Em outras oito erup\u00e7\u00f5es pr\u00e9vias do mesmo vulc\u00e3o, explos\u00f5es produziram ilhas de diferentes tamanhos. Em maio de 1861, por exemplo, o corpo de terra que apareceu pouco mais de tr\u00eas metros acima do mar tinha apenas 87 metros de largura; ele sumiu em 1862. A erup\u00e7\u00e3o mais forte, segundo a ag\u00eancia, ocorreu em 1950 e produziu uma ilha de 700 metros de largura e seis de altura.\n<\/p>\n<p><span data-contrast=\"auto\">De acordo com ge\u00f3logos, h\u00e1 mais de 300 vulc\u00f5es de lama no leste do Azerbaij\u00e3o e na costa do Mar C\u00e1spio, devido \u00e0 colis\u00e3o das placas tect\u00f4nicas da Ar\u00e1bia e da Eur\u00e1sia.<\/span><span data-ccp-props=\"{}\">\u00a0<\/span><\/p>\n<p><span data-ccp-props=\"{}\">Fonte: Correio Braziliense<\/span>              <\/p>\n<\/div>\n<p><br \/>\n<br \/><a href=\"https:\/\/diariodobrasilnoticias.com.br\/noticia\/nasa-registra-ilha-fantasma-veja-678799605a97c\">Source link <\/a><\/p>","protected":false},"excerpt":{"rendered":"<p>Sat\u00e9lites da Administra\u00e7\u00e3o Nacional da Aeron\u00e1utica e Espa\u00e7o dos Estados Unidos (Nasa, na sigla em ingl\u00eas) capturaram uma\u00a0\u2018ilha\u2019\u00a0no Mar C\u00e1spio\u00a0que\u00a0desapareceu completamente\u00a0ap\u00f3s pouco mais de um ano.\u00a0 Uma massa de terra&hellip;<\/p>","protected":false},"author":1,"featured_media":91987,"comment_status":"closed","ping_status":"open","sticky":false,"template":"","format":"standard","meta":{"content-type":"","footnotes":""},"categories":[16],"tags":[123,2448,5313,1267],"class_list":["post-91986","post","type-post","status-publish","format-standard","has-post-thumbnail","hentry","category-noticias","tag-brasil","tag-diario","tag-noticia","tag-noticias"],"_links":{"self":[{"href":"https:\/\/tvbrazilusa.com\/pt\/wp-json\/wp\/v2\/posts\/91986","targetHints":{"allow":["GET"]}}],"collection":[{"href":"https:\/\/tvbrazilusa.com\/pt\/wp-json\/wp\/v2\/posts"}],"about":[{"href":"https:\/\/tvbrazilusa.com\/pt\/wp-json\/wp\/v2\/types\/post"}],"author":[{"embeddable":true,"href":"https:\/\/tvbrazilusa.com\/pt\/wp-json\/wp\/v2\/users\/1"}],"replies":[{"embeddable":true,"href":"https:\/\/tvbrazilusa.com\/pt\/wp-json\/wp\/v2\/comments?post=91986"}],"version-history":[{"count":1,"href":"https:\/\/tvbrazilusa.com\/pt\/wp-json\/wp\/v2\/posts\/91986\/revisions"}],"predecessor-version":[{"id":91988,"href":"https:\/\/tvbrazilusa.com\/pt\/wp-json\/wp\/v2\/posts\/91986\/revisions\/91988"}],"wp:featuredmedia":[{"embeddable":true,"href":"https:\/\/tvbrazilusa.com\/pt\/wp-json\/wp\/v2\/media\/91987"}],"wp:attachment":[{"href":"https:\/\/tvbrazilusa.com\/pt\/wp-json\/wp\/v2\/media?parent=91986"}],"wp:term":[{"taxonomy":"category","embeddable":true,"href":"https:\/\/tvbrazilusa.com\/pt\/wp-json\/wp\/v2\/categories?post=91986"},{"taxonomy":"post_tag","embeddable":true,"href":"https:\/\/tvbrazilusa.com\/pt\/wp-json\/wp\/v2\/tags?post=91986"}],"curies":[{"name":"wp","href":"https:\/\/api.w.org\/{rel}","templated":true}]}}