{"id":91992,"date":"2025-01-15T14:10:07","date_gmt":"2025-01-15T14:10:07","guid":{"rendered":"https:\/\/tvbrazilusa.com\/2025\/01\/15\/defesa-de-silveira-aponta-erro-de-moraes-em-decisao\/"},"modified":"2025-01-15T14:10:08","modified_gmt":"2025-01-15T14:10:08","slug":"defesa-de-silveira-aponta-erro-de-moraes-em-decisao","status":"publish","type":"post","link":"https:\/\/tvbrazilusa.com\/pt\/2025\/01\/15\/defesa-de-silveira-aponta-erro-de-moraes-em-decisao\/","title":{"rendered":"Defesa de Silveira aponta erro de Moraes em decis\u00e3o"},"content":{"rendered":"<p> <script async src=\"https:\/\/pagead2.googlesyndication.com\/pagead\/js\/adsbygoogle.js?client=ca-pub-8864793242727901\"\r\n     crossorigin=\"anonymous\"><\/script><br \/>\n<\/p>\n<div id=\"taboola-read-more\" style=\"display:block; width:100%\">\n<p>O advogado Paulo Faria, que defende Daniel Silveira, apontou um erro material na decis\u00e3o do ministro Alexandre de Moraes, do Supremo Tribunal Federal (STF), que revogou a liberdade condicional do ex-deputado.\n<\/p>\n<p>Silveira est\u00e1 preso em Bangu 8, desde 24 de dezembro do ano passado, em virtude de supostos descumprimentos de cautelares.<\/p>\n<p>A argumenta\u00e7\u00e3o de Moraes, do dia anterior \u00e0 volta de Silveira ao c\u00e1rcere e contestada por Faria, \u00e9 a seguinte: \u201cEstranhamente, na data de hoje, a defesa juntou peti\u00e7\u00e3o informando que o sentenciado \u2014 sem qualquer autoriza\u00e7\u00e3o judicial \u2014 teria estado em um hospital, no dia 21\/12, das 22h59 \u00e0s 0:34 do dia 22\/12\u201d.\n<\/p>\n<p>\u201cO trecho \u00e9 obscuro, haja vista, inexistir em nosso ordenamento jur\u00eddico qualquer previs\u00e3o para, em emerg\u00eancia m\u00e9dica, em livramento condicional, s\u00e1bado \u00e0 noite, com crise renal, teria a obriga\u00e7\u00e3o de pedir autoriza\u00e7\u00e3o judicial para ir ao hospital\u201d, observou Faria, em embargos de declara\u00e7\u00e3o datada de 9 de janeiro. \u201cAinda, h\u00e1 erro material, pois a data de apresenta\u00e7\u00e3o das justificativas, ocorreu em 22\/12, e n\u00e3o, 23\/12, como asseverou. N\u00e3o h\u00e1 indica\u00e7\u00e3o de nenhum dispositivo supostamente violado, o que torna o ato, al\u00e9m de obscuro, omisso, necessitando de esclarecimentos.\u201d\n<\/p>\n<p>Pedidos de indulto para Daniel Silveira\n<\/p>\n<p>Faria tem apresentado pedidos de indulto a Moraes, que j\u00e1 chegam a 12. De acordo com o advogado, o benef\u00edcio natalino concedido pelo presidente Lula, no ano passado, contempla Silveira.\n<\/p>\n<p>\u201cEm 23 de dezembro de 2024, foi publicado o Decreto Presidencial n\u00ba 12.338 autorizando a declara\u00e7\u00e3o do indulto \u00e0s pessoas condenadas a pena privativa de liberdade, que estejam em livramento condicional, cujas penas remanescentes, em 25 de dezembro de 2024, n\u00e3o sejam superiores a seis anos, conforme dic\u00e7\u00e3o do Art. 9\u00ba\u201d, observou a defesa de Silveira, ao mencionar que, na ocasi\u00e3o, o ex-parlamentar j\u00e1 estava em liberdade condicional.<\/p>\n<p>Fonte: Revista Oeste              <\/p>\n<\/div>\n<p><br \/>\n<br \/><a href=\"https:\/\/diariodobrasilnoticias.com.br\/noticia\/defesa-de-silveira-aponta-erro-de-moraes-em-decisao-6787bec12d1f9\">Source link <\/a><\/p>","protected":false},"excerpt":{"rendered":"<p>O advogado Paulo Faria, que defende Daniel Silveira, apontou um erro material na decis\u00e3o do ministro Alexandre de Moraes, do Supremo Tribunal Federal (STF), que revogou a liberdade condicional do&hellip;<\/p>","protected":false},"author":1,"featured_media":91993,"comment_status":"closed","ping_status":"open","sticky":false,"template":"","format":"standard","meta":{"content-type":"","footnotes":""},"categories":[16],"tags":[123,2448,5313,1267],"class_list":["post-91992","post","type-post","status-publish","format-standard","has-post-thumbnail","hentry","category-noticias","tag-brasil","tag-diario","tag-noticia","tag-noticias"],"_links":{"self":[{"href":"https:\/\/tvbrazilusa.com\/pt\/wp-json\/wp\/v2\/posts\/91992","targetHints":{"allow":["GET"]}}],"collection":[{"href":"https:\/\/tvbrazilusa.com\/pt\/wp-json\/wp\/v2\/posts"}],"about":[{"href":"https:\/\/tvbrazilusa.com\/pt\/wp-json\/wp\/v2\/types\/post"}],"author":[{"embeddable":true,"href":"https:\/\/tvbrazilusa.com\/pt\/wp-json\/wp\/v2\/users\/1"}],"replies":[{"embeddable":true,"href":"https:\/\/tvbrazilusa.com\/pt\/wp-json\/wp\/v2\/comments?post=91992"}],"version-history":[{"count":1,"href":"https:\/\/tvbrazilusa.com\/pt\/wp-json\/wp\/v2\/posts\/91992\/revisions"}],"predecessor-version":[{"id":91994,"href":"https:\/\/tvbrazilusa.com\/pt\/wp-json\/wp\/v2\/posts\/91992\/revisions\/91994"}],"wp:featuredmedia":[{"embeddable":true,"href":"https:\/\/tvbrazilusa.com\/pt\/wp-json\/wp\/v2\/media\/91993"}],"wp:attachment":[{"href":"https:\/\/tvbrazilusa.com\/pt\/wp-json\/wp\/v2\/media?parent=91992"}],"wp:term":[{"taxonomy":"category","embeddable":true,"href":"https:\/\/tvbrazilusa.com\/pt\/wp-json\/wp\/v2\/categories?post=91992"},{"taxonomy":"post_tag","embeddable":true,"href":"https:\/\/tvbrazilusa.com\/pt\/wp-json\/wp\/v2\/tags?post=91992"}],"curies":[{"name":"wp","href":"https:\/\/api.w.org\/{rel}","templated":true}]}}