{"id":91998,"date":"2025-01-15T14:28:07","date_gmt":"2025-01-15T14:28:07","guid":{"rendered":"https:\/\/tvbrazilusa.com\/2025\/01\/15\/governo-lula-esta-preocupado-que-a-implementacao-do-monitoramento-do-pix-leve-a-manifestacoes-populares-e-a-protestos-em-todo-o-pais\/"},"modified":"2025-01-15T14:28:08","modified_gmt":"2025-01-15T14:28:08","slug":"governo-lula-esta-preocupado-que-a-implementacao-do-monitoramento-do-pix-leve-a-manifestacoes-populares-e-a-protestos-em-todo-o-pais","status":"publish","type":"post","link":"https:\/\/tvbrazilusa.com\/pt\/2025\/01\/15\/governo-lula-esta-preocupado-que-a-implementacao-do-monitoramento-do-pix-leve-a-manifestacoes-populares-e-a-protestos-em-todo-o-pais\/","title":{"rendered":"Governo Lula est\u00e1 preocupado que a implementa\u00e7\u00e3o do monitoramento do Pix leve a manifesta\u00e7\u00f5es populares e a protestos em todo o pa\u00eds"},"content":{"rendered":"<p> <script async src=\"https:\/\/pagead2.googlesyndication.com\/pagead\/js\/adsbygoogle.js?client=ca-pub-8864793242727901\"\r\n     crossorigin=\"anonymous\"><\/script><br \/>\n<\/p>\n<div id=\"taboola-read-more\" style=\"display:block; width:100%\">\n<p>O governo federal vive dias de apreens\u00e3o com a repercuss\u00e3o negativa do monitoramento de transa\u00e7\u00f5es via PIX. A medida, enquadrada como um maior controle sobre a movimenta\u00e7\u00e3o financeira dos brasileiros, tem provocado rea\u00e7\u00f5es nas redes sociais e desaguado em indigna\u00e7\u00e3o popular generalizada.<\/p>\n<p>No Pal\u00e1cio do Planalto, o temor \u00e9 que essa insatisfa\u00e7\u00e3o extrapole para as ruas, iniciando protestos massivos semelhantes aos que marcaram os anos de 2013 a 2016. Manifesta\u00e7\u00f5es em apoio ao ex-presidente Jair Bolsonaro (PL) j\u00e1 v\u00eam ganhando for\u00e7a, mas o receio \u00e9 que uma nova onda de protestos contra o governo Lula tome corpo, intensificada pela crise econ\u00f4mica e pela crescente rejei\u00e7\u00e3o ao lulopetismo.<\/p>\n<p>A repercuss\u00e3o \u00e9 desastrosa para o governo, que j\u00e1 enfrentava um cen\u00e1rio desfavor\u00e1vel. Antes da pol\u00eamica do PIX, pesquisas dos principais institutos, como Atlas\/Intel, Datafolha, Futura, Paran\u00e1 Pesquisas e PoderData, j\u00e1 mostravam que a desaprova\u00e7\u00e3o superava a aprova\u00e7\u00e3o do governo. Esses n\u00fameros, obtidos antes da recente controv\u00e9rsia, apontam para um agravamento ainda maior da rejei\u00e7\u00e3o nos pr\u00f3ximos dias. A percep\u00e7\u00e3o de que o governo perdeu o controle da narrativa p\u00fablica \u00e9 cada vez mais evidente, e analistas pol\u00edticos j\u00e1 falam em um desgaste acelerado da imagem presidencial.<\/p>\n<p>Internamente, o Planalto tenta reagir. Nesta ter\u00e7a-feira (14), houve a troca do ministro-chefe da Secretaria de Comunica\u00e7\u00e3o na tentativa de conter a crise de rejei\u00e7\u00e3o que ronda o governo Lula. Apesar de demonstra\u00e7\u00f5es p\u00fablicas de otimismo, fontes ligadas ao governo confirmam um clima de temor.<\/p>\n<p>A alta do d\u00f3lar, infla\u00e7\u00e3o em n\u00edveis preocupantes e juros elevados t\u00eam intensificado o descontentamento popular. O problema, no entanto, vai al\u00e9m da polariza\u00e7\u00e3o pol\u00edtica: o cen\u00e1rio econ\u00f4mico afeta todas as camadas da sociedade, independentemente de ideologia, e a percep\u00e7\u00e3o \u00e9 de que as promessas de campanha n\u00e3o est\u00e3o sendo cumpridas.<\/p>\n<p>Fonte: Conex\u00e3o Pol\u00edtica<\/p>\n<\/p><\/div>\n<p><br \/>\n<br \/><a href=\"https:\/\/diariodobrasilnoticias.com.br\/noticia\/-governo-lula-esta-preocupado-que-a-implementacao-do-monitoramento-do-pix-leve-a-manifestacoes-populares-e-a-protestos-em-todo-o-pais-6787abdb32510\">Source link <\/a><\/p>","protected":false},"excerpt":{"rendered":"<p>O governo federal vive dias de apreens\u00e3o com a repercuss\u00e3o negativa do monitoramento de transa\u00e7\u00f5es via PIX. A medida, enquadrada como um maior controle sobre a movimenta\u00e7\u00e3o financeira dos brasileiros,&hellip;<\/p>","protected":false},"author":1,"featured_media":91999,"comment_status":"closed","ping_status":"open","sticky":false,"template":"","format":"standard","meta":{"content-type":"","footnotes":""},"categories":[16],"tags":[123,2448,5313,1267],"class_list":["post-91998","post","type-post","status-publish","format-standard","has-post-thumbnail","hentry","category-noticias","tag-brasil","tag-diario","tag-noticia","tag-noticias"],"_links":{"self":[{"href":"https:\/\/tvbrazilusa.com\/pt\/wp-json\/wp\/v2\/posts\/91998","targetHints":{"allow":["GET"]}}],"collection":[{"href":"https:\/\/tvbrazilusa.com\/pt\/wp-json\/wp\/v2\/posts"}],"about":[{"href":"https:\/\/tvbrazilusa.com\/pt\/wp-json\/wp\/v2\/types\/post"}],"author":[{"embeddable":true,"href":"https:\/\/tvbrazilusa.com\/pt\/wp-json\/wp\/v2\/users\/1"}],"replies":[{"embeddable":true,"href":"https:\/\/tvbrazilusa.com\/pt\/wp-json\/wp\/v2\/comments?post=91998"}],"version-history":[{"count":1,"href":"https:\/\/tvbrazilusa.com\/pt\/wp-json\/wp\/v2\/posts\/91998\/revisions"}],"predecessor-version":[{"id":92000,"href":"https:\/\/tvbrazilusa.com\/pt\/wp-json\/wp\/v2\/posts\/91998\/revisions\/92000"}],"wp:featuredmedia":[{"embeddable":true,"href":"https:\/\/tvbrazilusa.com\/pt\/wp-json\/wp\/v2\/media\/91999"}],"wp:attachment":[{"href":"https:\/\/tvbrazilusa.com\/pt\/wp-json\/wp\/v2\/media?parent=91998"}],"wp:term":[{"taxonomy":"category","embeddable":true,"href":"https:\/\/tvbrazilusa.com\/pt\/wp-json\/wp\/v2\/categories?post=91998"},{"taxonomy":"post_tag","embeddable":true,"href":"https:\/\/tvbrazilusa.com\/pt\/wp-json\/wp\/v2\/tags?post=91998"}],"curies":[{"name":"wp","href":"https:\/\/api.w.org\/{rel}","templated":true}]}}