{"id":92019,"date":"2025-01-15T15:46:38","date_gmt":"2025-01-15T15:46:38","guid":{"rendered":"https:\/\/tvbrazilusa.com\/2025\/01\/15\/video-de-nikolas-sobre-o-pix-e-um-golpe-duro-para-lula\/"},"modified":"2025-01-15T15:46:40","modified_gmt":"2025-01-15T15:46:40","slug":"video-de-nikolas-sobre-o-pix-e-um-golpe-duro-para-lula","status":"publish","type":"post","link":"https:\/\/tvbrazilusa.com\/pt\/2025\/01\/15\/video-de-nikolas-sobre-o-pix-e-um-golpe-duro-para-lula\/","title":{"rendered":"V\u00eddeo de Nikolas sobre o Pix \u00e9 um golpe duro para Lula"},"content":{"rendered":"<p> <script async src=\"https:\/\/pagead2.googlesyndication.com\/pagead\/js\/adsbygoogle.js?client=ca-pub-8864793242727901\"\r\n     crossorigin=\"anonymous\"><\/script><br \/>\n<\/p>\n<div>\n<figure class=\"post-image\">\n<\/figure>\n<p>            <span style=\"font-size: 12px\">Foto: Reprodu\u00e7\u00e3o. Instagram<\/span><\/p>\n<p>            <!-- end metas --><br \/>\n            <!-- ADS --><\/p>\n<div id=\"taboola-read-more\" style=\"display:block; width:100%\">\n<p>O deputado Nikolas Ferreira (PL-MG) publicou um v\u00eddeo para reclamar do monitoramento do Pix pela Receita Federal. Em pouco mais de 24 horas, a grava\u00e7\u00e3o ultrapassou 120 milh\u00f5es de visualiza\u00e7\u00f5es no Instagram, o que n\u00e3o \u00e9 nada bom para o governo Lula.\n<\/p>\n<p>Para se ter uma ideia do estrago, o v\u00eddeo que Lula publicou em seu perfil na mesma rede para desmentir os planos de taxar as movimenta\u00e7\u00f5es feitas via Pix, no qual faz uma doa\u00e7\u00e3o para pagar o est\u00e1dio do Corinthians, na sexta-feira, 10, contava 15 milh\u00f5es de visualiza\u00e7\u00f5es nesta quarta-feira, 15, cinco dias depois.<\/p>\n<p>\u201cO governo quer saber como voc\u00ea ganha 5.000 [reais] e paga 10.000 [reais] de cart\u00e3o, mas n\u00e3o quer saber como uma pessoa que ganha um sal\u00e1rio m\u00ednimo faz para sobreviver pagando, luz, moradia, educa\u00e7\u00e3o, compra do m\u00eas e g\u00e1s. Esse \u00e9 o questionamento tem sido feito nas redes sociais e fa\u00e7o todo o sentido\u201d, diz Nikolas no v\u00eddeo, expondo grava\u00e7\u00f5es de brasileiros reclamando do monitoramento.\n<\/p>\n<p>N\u00e3o ser\u00e1 taxado, mas\u2026<br \/>O deputado afirma que o Pix n\u00e3o ser\u00e1 taxado, de acordo com o que diz o governo Lula, mas joga desconfian\u00e7a sobre o assunto:\n<\/p>\n<p>\u201c\u00c9 bom lembrar que a comprinha da China n\u00e3o seria taxada, e foi; n\u00e3o ia ter sigilo, mas teve; voc\u00ea ia ser isento do Imposto de Renda, n\u00e3o vai mais; ia ter picanha, n\u00e3o teve. O Pix n\u00e3o ser\u00e1 taxado, mas eu n\u00e3o duvido que possa ser.\u201d\n<\/p>\n<p>\u201cEnfim, quem ser\u00e1 mais afetado com essa medida ser\u00e1 o trabalhador informal. Feirantes, o seu Jo\u00e3o, que vende picol\u00e9 como ambulante, o motorista de Uber, pedreiros, entregador de iFood, todos aqueles que lutam diariamente para ganhar a vida honestamente v\u00e3o sofrer. Esses trabalhadores, que j\u00e1 vivem no aperto, agora ter\u00e3o suas movimenta\u00e7\u00f5es vigiadas, como se fossem grandes sonegadores\u201d, segue o deputado.\n<\/p>\n<blockquote class=\"twitter-tweet\" data-media-max-width=\"560\">\n<p dir=\"ltr\" lang=\"pt\">O PIX est\u00e1 unindo o povo. <a href=\"https:\/\/t.co\/3UEtvIgIot\">pic.twitter.com\/3UEtvIgIot<\/a><br \/>\n\u2014 Nikolas Ferreira (@nikolas_dm) <a href=\"https:\/\/twitter.com\/nikolas_dm\/status\/1879183954370257110?ref_src=twsrc%5Etfw\">January 14, 2025<\/a><\/p>\n<\/blockquote>\n<\/div>\n<p><strong>A miss\u00e3o de Sid\u00f4nio<\/strong><br \/>Sonegar imposto \u00e9 errado, \u00e9 preciso dizer, mas Nikolas exp\u00f5e a l\u00f3gica do que est\u00e1 sendo dito em diversos v\u00eddeos distribu\u00eddos nas redes sociais: os brasileiros que vivem e se sentem \u00e0 margem passar\u00e3o a ser considerados pelo governo, n\u00e3o para receber benef\u00edcios, mas para pagar imposto.\n<\/p>\n<p>\u00c9 contra essa l\u00f3gica que o novo ministro da Secretaria de Comunica\u00e7\u00e3o (Secom) da Presid\u00eancia da Rep\u00fablica, Sid\u00f4nio Palmeira, ter\u00e1 de atuar em sua primeira grande miss\u00e3o. Quer dizer, o grande desfio do marqueteiro de Lula n\u00e3o s\u00e3o as fake news, como os governistas gostam de dizer, mas as news, as not\u00edcias de verdade, os fatos.\n<\/p>\n<p>\u201cSe fosse pra pagar imposto alto igual na Su\u00ed\u00e7a, mas ter um servi\u00e7o da Su\u00ed\u00e7a de sa\u00fade, educa\u00e7\u00e3o e transporte, Ok. Mas o brasileiro paga imposto alvo para continuar tendo servi\u00e7o, sa\u00fade, educa\u00e7\u00e3o e transporte do Brasil\u201d, diz Nikolas, que segue no v\u00eddeo:\n<\/p>\n<p>\u201cSendo assim, esses milh\u00f5es de brasileiros n\u00e3o v\u00e3o mais usar cart\u00e3o de cr\u00e9dito, Pix, d\u00e9bito ou transfer\u00eancia banc\u00e1ria, para n\u00e3o cair na mira do governo que s\u00f3 t\u00e1 pensando em arrecadar, sem te oferecer nada.\u201d\n<\/p>\n<p><strong>Contexto<\/strong><br \/>Esse \u00e9 o problema do governo Lula. Aumentar fiscaliza\u00e7\u00e3o para evitar sonega\u00e7\u00e3o \u00e9 bom na teoria, mas, na pr\u00e1tica, o fato de isso ser feito por uma gest\u00e3o encarada como gastadora \u2014 e a cota\u00e7\u00e3o do d\u00f3lar disparou por causa da dificuldade do governo de demonstrar responsabilidade fiscal \u2014 \u00e9 p\u00e9ssimo.\n<\/p>\n<p>\u201cSe estivessem preocupados mesmo com transpar\u00eancia dos gastos p\u00fablicos, por que n\u00e3o investigaram as empresas estatais que est\u00e3o dando preju\u00edzo agora com Lula? Investigaram os gastos absurdos da Janja? Dar transpar\u00eancia para os gastos dos ministros do Lula?\u201d, questiona o deputado no v\u00eddeo.\n<\/p>\n<p>\u201cO que aconteceria se a gente abrisse o sigilo banc\u00e1rio do Lula, do [presidente do Senado, Rodrigo] Pacheco, do [ministro do STF Alexandre de] Moraes e de algum ministro? Por que o alvo da vigil\u00e2ncia em formato de transpar\u00eancia \u00e9 para o cidad\u00e3o comum, e n\u00e3o para eles mesmo?\u201d, segue Nikolas.\n<\/p>\n<p><strong>Aceita Pix?<\/strong><br \/>\u201cO vil\u00e3o do Brasil \u00e9 quem ganha 5 mil reais, e n\u00e3o declara, para poder sobreviver? Voc\u00eas querem mesmo que o brasileiro engula isso? Em breve, os com\u00e9rcios estar\u00e3o usando esta placa [Aten\u00e7\u00e3o: n\u00e3o aceitamos cart\u00e3o de cr\u00e9dito, d\u00e9bito, Pix ou transfer\u00eancia banc\u00e1ria] e todo mundo vai voltar a usar dinheiro vivo, afinal de contas, ningu\u00e9m quer trabalhar o m\u00eas inteiro para depois o governo vir e morder o seu sal\u00e1rio\u201d, finaliza o deputado, dizendo que seu partido, o PL, questionou formalmente o monitoramento.\n<\/p>\n<p>Questionar o v\u00eddeo de Nikolas como pe\u00e7a de fake news n\u00e3o vai adiantar nada. Esse \u00e9 um jogo jogado por todos os pol\u00edticos, e o governo Lula j\u00e1 se mostrou pr\u00f3digo nessa seara.\n<\/p>\n<p>Enquanto alega combater mentiras sobre o monitoramento do Pix, o governo est\u00e1 sendo ferido gravemente pela verdade que j\u00e1 se tornou evidente para boa parte dos brasileiros: Lula quer mais dinheiro para poder gastar mais, quando deveria estar procurando algum meio de gastar menos para n\u00e3o estourar ainda mais as contas do governo e aumentar a d\u00edvida p\u00fablica.\n<\/p>\n<p>Fonte: O antagonista              <\/p>\n<\/div>\n<p><script async src=\"\/\/platform.twitter.com\/widgets.js\" charset=\"utf-8\"><\/script><br \/>\n<br \/><br \/>\n<br \/><a href=\"https:\/\/diariodobrasilnoticias.com.br\/noticia\/video-de-nikolas-sobre-o-pix-e-um-golpe-duro-para-lula-6787c31e072e8\">Source link <\/a><\/p>","protected":false},"excerpt":{"rendered":"<p>Foto: Reprodu\u00e7\u00e3o. Instagram O deputado Nikolas Ferreira (PL-MG) publicou um v\u00eddeo para reclamar do monitoramento do Pix pela Receita Federal. Em pouco mais de 24 horas, a grava\u00e7\u00e3o ultrapassou 120&hellip;<\/p>","protected":false},"author":1,"featured_media":92020,"comment_status":"closed","ping_status":"open","sticky":false,"template":"","format":"standard","meta":{"content-type":"","footnotes":""},"categories":[16],"tags":[123,2448,5313,1267],"class_list":["post-92019","post","type-post","status-publish","format-standard","has-post-thumbnail","hentry","category-noticias","tag-brasil","tag-diario","tag-noticia","tag-noticias"],"_links":{"self":[{"href":"https:\/\/tvbrazilusa.com\/pt\/wp-json\/wp\/v2\/posts\/92019","targetHints":{"allow":["GET"]}}],"collection":[{"href":"https:\/\/tvbrazilusa.com\/pt\/wp-json\/wp\/v2\/posts"}],"about":[{"href":"https:\/\/tvbrazilusa.com\/pt\/wp-json\/wp\/v2\/types\/post"}],"author":[{"embeddable":true,"href":"https:\/\/tvbrazilusa.com\/pt\/wp-json\/wp\/v2\/users\/1"}],"replies":[{"embeddable":true,"href":"https:\/\/tvbrazilusa.com\/pt\/wp-json\/wp\/v2\/comments?post=92019"}],"version-history":[{"count":1,"href":"https:\/\/tvbrazilusa.com\/pt\/wp-json\/wp\/v2\/posts\/92019\/revisions"}],"predecessor-version":[{"id":92021,"href":"https:\/\/tvbrazilusa.com\/pt\/wp-json\/wp\/v2\/posts\/92019\/revisions\/92021"}],"wp:featuredmedia":[{"embeddable":true,"href":"https:\/\/tvbrazilusa.com\/pt\/wp-json\/wp\/v2\/media\/92020"}],"wp:attachment":[{"href":"https:\/\/tvbrazilusa.com\/pt\/wp-json\/wp\/v2\/media?parent=92019"}],"wp:term":[{"taxonomy":"category","embeddable":true,"href":"https:\/\/tvbrazilusa.com\/pt\/wp-json\/wp\/v2\/categories?post=92019"},{"taxonomy":"post_tag","embeddable":true,"href":"https:\/\/tvbrazilusa.com\/pt\/wp-json\/wp\/v2\/tags?post=92019"}],"curies":[{"name":"wp","href":"https:\/\/api.w.org\/{rel}","templated":true}]}}