{"id":92022,"date":"2025-01-15T15:58:48","date_gmt":"2025-01-15T15:58:48","guid":{"rendered":"https:\/\/tvbrazilusa.com\/2025\/01\/15\/tatica-de-guerra-blindado-da-pm-nao-sobe-na-favela-por-sabotagem-dos-bandidos-veja-video\/"},"modified":"2025-01-15T15:58:49","modified_gmt":"2025-01-15T15:58:49","slug":"tatica-de-guerra-blindado-da-pm-nao-sobe-na-favela-por-sabotagem-dos-bandidos-veja-video","status":"publish","type":"post","link":"https:\/\/tvbrazilusa.com\/pt\/2025\/01\/15\/tatica-de-guerra-blindado-da-pm-nao-sobe-na-favela-por-sabotagem-dos-bandidos-veja-video\/","title":{"rendered":"T\u00e1tica de Guerra: blindado da PM n\u00e3o sobe na favela por sabotagem dos bandidos; VEJA V\u00cdDEO"},"content":{"rendered":"<p> <script async src=\"https:\/\/pagead2.googlesyndication.com\/pagead\/js\/adsbygoogle.js?client=ca-pub-8864793242727901\"\r\n     crossorigin=\"anonymous\"><\/script><br \/>\n<br \/>T\u00e1tica de Guerra: blindado da PM n\u00e3o sobe na favela por sabotagem dos bandidos; VEJA V\u00cdDEO<br \/>\n<br \/><br \/>\n<br \/><a href=\"https:\/\/diariodobrasilnoticias.com.br\/noticia\/tatica-de-guerra-blindado-da-pm-nao-sobe-na-favela-por-sabotagem-dos-bandidos-veja-video-6787c75bd7e72\">Source link <\/a><\/p>","protected":false},"excerpt":{"rendered":"<p>T\u00e1tica de Guerra: blindado da PM n\u00e3o sobe na favela por sabotagem dos bandidos; VEJA V\u00cdDEO Source link<\/p>","protected":false},"author":1,"featured_media":92023,"comment_status":"closed","ping_status":"open","sticky":false,"template":"","format":"standard","meta":{"content-type":"","footnotes":""},"categories":[16],"tags":[123,2448,5313,1267],"class_list":["post-92022","post","type-post","status-publish","format-standard","has-post-thumbnail","hentry","category-noticias","tag-brasil","tag-diario","tag-noticia","tag-noticias"],"_links":{"self":[{"href":"https:\/\/tvbrazilusa.com\/pt\/wp-json\/wp\/v2\/posts\/92022","targetHints":{"allow":["GET"]}}],"collection":[{"href":"https:\/\/tvbrazilusa.com\/pt\/wp-json\/wp\/v2\/posts"}],"about":[{"href":"https:\/\/tvbrazilusa.com\/pt\/wp-json\/wp\/v2\/types\/post"}],"author":[{"embeddable":true,"href":"https:\/\/tvbrazilusa.com\/pt\/wp-json\/wp\/v2\/users\/1"}],"replies":[{"embeddable":true,"href":"https:\/\/tvbrazilusa.com\/pt\/wp-json\/wp\/v2\/comments?post=92022"}],"version-history":[{"count":1,"href":"https:\/\/tvbrazilusa.com\/pt\/wp-json\/wp\/v2\/posts\/92022\/revisions"}],"predecessor-version":[{"id":92024,"href":"https:\/\/tvbrazilusa.com\/pt\/wp-json\/wp\/v2\/posts\/92022\/revisions\/92024"}],"wp:featuredmedia":[{"embeddable":true,"href":"https:\/\/tvbrazilusa.com\/pt\/wp-json\/wp\/v2\/media\/92023"}],"wp:attachment":[{"href":"https:\/\/tvbrazilusa.com\/pt\/wp-json\/wp\/v2\/media?parent=92022"}],"wp:term":[{"taxonomy":"category","embeddable":true,"href":"https:\/\/tvbrazilusa.com\/pt\/wp-json\/wp\/v2\/categories?post=92022"},{"taxonomy":"post_tag","embeddable":true,"href":"https:\/\/tvbrazilusa.com\/pt\/wp-json\/wp\/v2\/tags?post=92022"}],"curies":[{"name":"wp","href":"https:\/\/api.w.org\/{rel}","templated":true}]}}