{"id":92025,"date":"2025-01-15T15:53:13","date_gmt":"2025-01-15T15:53:13","guid":{"rendered":"https:\/\/tvbrazilusa.com\/2025\/01\/15\/menos-criancas-na-florida-estao-recebendo-vacinas-de-rotina-jacksonville-hoje\/"},"modified":"2025-01-15T16:02:34","modified_gmt":"2025-01-15T16:02:34","slug":"menos-criancas-na-florida-estao-recebendo-vacinas-de-rotina-jacksonville-hoje","status":"publish","type":"post","link":"https:\/\/tvbrazilusa.com\/pt\/2025\/01\/15\/menos-criancas-na-florida-estao-recebendo-vacinas-de-rotina-jacksonville-hoje\/","title":{"rendered":"Menos crian\u00e7as na Fl\u00f3rida est\u00e3o recebendo vacinas de rotina | Jacksonville hoje"},"content":{"rendered":"<p> <script async src=\"https:\/\/pagead2.googlesyndication.com\/pagead\/js\/adsbygoogle.js?client=ca-pub-8864793242727901\"\r\n     crossorigin=\"anonymous\"><\/script><br \/>\n<\/p>\n<div>\n<p>As taxas de vacina\u00e7\u00e3o infantil na Fl\u00f3rida continuam a diminuir, parte de uma tend\u00eancia nacional \u00e0 medida que a desinforma\u00e7\u00e3o se espalha mais amplamente e a hesita\u00e7\u00e3o aumenta, disseram especialistas em sa\u00fade.<\/p>\n<p>No ano letivo de 2023-24, 88,1% dos alunos do jardim de inf\u00e2ncia completaram as vacinas exigidas que protegem contra doen\u00e7as graves, incluindo sarampo, poliomielite e varicela, <a class=\"Link\" href=\"https:\/\/www.cdc.gov\/schoolvaxview\/data\/index.html?utm_source=newsletter&#038;utm_medium=email&#038;utm_campaign=newsletter_axiosam&#038;stream=top\" target=\"_blank\" rel=\"noopener nofollow\">de acordo com o<\/a> Centros dos EUA para Controle e Preven\u00e7\u00e3o de Doen\u00e7as.<\/p>\n<p>\u00c9 uma das taxas mais baixas do pa\u00eds e preocupa m\u00e9dicos como a Dra. Jennifer Takagishi, vice-presidente do cap\u00edtulo da Fl\u00f3rida da Academia Americana de Pediatria e professora da Universidade do Sul da Fl\u00f3rida.<\/p>\n<p><b>LEIA MAIS: <\/b><a class=\"Link\" href=\"https:\/\/www.wusf.org\/2024-03-24\/the-measles-spike-in-florida-and-vaccine-misinformation\" rel=\"nofollow noopener\" target=\"_blank\">O aumento do sarampo na Fl\u00f3rida e a desinforma\u00e7\u00e3o sobre vacinas<\/a><\/p>\n<p>Altas taxas de vacina\u00e7\u00e3o s\u00e3o fundamentais para preservar a imunidade da popula\u00e7\u00e3o, disse ela, para que aqueles que n\u00e3o conseguem tomar as vacinas ainda estejam protegidos. Isso inclui pessoas com problemas m\u00e9dicos ou crian\u00e7as que n\u00e3o t\u00eam idade suficiente para se qualificarem para uma dose espec\u00edfica.<\/p>\n<p>O sarampo, por exemplo, exige que 95% das pessoas sejam vacinadas com duas doses para manter o que \u00e9 conhecido como imunidade coletiva.<\/p>\n<p>\u201cMesmo nos \u00faltimos anos temos tido cada vez mais surtos de sarampo porque as pessoas n\u00e3o cumprem essas recomenda\u00e7\u00f5es\u201d, disse Takagishi. \u201cN\u00f3s os vimos em Ohio e tivemos <a class=\"Link\" href=\"https:\/\/www.wusf.org\/health-news-florida\/2024-02-28\/floridas-response-to-measles-outbreak-troubles-public-health-experts\" target=\"_blank\" rel=\"noopener nofollow\">v\u00e1rios na Fl\u00f3rida<\/a> nos \u00faltimos dois anos.\u201d<\/p>\n<h3 class=\"\">Fl\u00f3rida lidera Sudeste em isen\u00e7\u00f5es<\/h3>\n<p>A m\u00e9dia nacional para todas as vacinas caiu para 92,3% dos alunos do jardim de inf\u00e2ncia, enquanto as isen\u00e7\u00f5es para uma ou mais vacinas aumentaram de 3% para 3,3%.<\/p>\n<p>As isen\u00e7\u00f5es na Fl\u00f3rida foram muito mais altas, com 4,8% dos alunos do jardim de inf\u00e2ncia no estado recebendo isen\u00e7\u00f5es, quase todas por raz\u00f5es n\u00e3o m\u00e9dicas. O estado lidera o Sudeste nessas isen\u00e7\u00f5es.<\/p>\n<p>A maioria dos pacientes do consult\u00f3rio do Dr. David Berger em Tampa, Pediatria Integral e Cuidados Familiares, recebe as vacinas infantis recomendadas. Mas cada vez mais pais est\u00e3o a expressar preocupa\u00e7\u00f5es de que os riscos dos efeitos secund\u00e1rios superam os benef\u00edcios da protec\u00e7\u00e3o, disse ele.<\/p>\n<p><b>LEIA MAIS: <\/b><a class=\"Link\" href=\"https:\/\/www.wusf.org\/health-news-florida\/2024-05-25\/four-ways-vaccine-skeptics-misled-you-on-measles-and-more\" rel=\"nofollow noopener\" target=\"_blank\">Quatro maneiras pelas quais os c\u00e9ticos da vacina enganaram voc\u00ea sobre o sarampo e muito mais<\/a><\/p>\n<p>Berger conversa com esses pais sobre quais vacinas ele acredita serem \u201cmais relevantes\u201d para seus filhos.<\/p>\n<p>\u201cSe uma fam\u00edlia opta por um caminho alternativo, falamos sobre aqueles que s\u00e3o mais relevantes e que podem ser mais \u00fateis para as crian\u00e7as, como a tosse convulsa\u201d, disse ele, tamb\u00e9m conhecida como coqueluche. \u201cH\u00e1 mais tosse convulsa por a\u00ed do que todos esses [childhood vaccine] doen\u00e7as, e est\u00e1 em ascens\u00e3o. Considerando que a poliomielite, a menos que voc\u00ea viaje para o Chade ou o Paquist\u00e3o, voc\u00ea tem poucas chances de ser exposto \u00e0 poliomielite.\u201d<\/p>\n<p>Algumas destas doen\u00e7as mortais s\u00e3o t\u00e3o raras nos EUA porque muitas pessoas foram vacinadas contra elas nas \u00faltimas d\u00e9cadas, disse Takagishi.<\/p>\n<p>\u201cMas quanto mais diminuirmos nossas vacinas, mais elas aumentar\u00e3o\u201d, disse ela. \u201cA maioria dessas doen\u00e7as existe h\u00e1 s\u00e9culos e s\u00e3o muito inteligentes. Eles sabem como nos enganar e, portanto, a \u00fanica prote\u00e7\u00e3o que temos para a maioria deles \u00e9 a vacina\u00e7\u00e3o.\u201d<\/p>\n<h3 class=\"\">COVID e m\u00eddia social alimentaram hesita\u00e7\u00e3o<\/h3>\n<p>A hesita\u00e7\u00e3o em vacinar j\u00e1 existe h\u00e1 muito tempo, disse Takagishi, mas ela notou um aumento desde a pandemia de COVID-19.<\/p>\n<p>Os c\u00e9ticos das vacinas, incluindo algumas personalidades das redes sociais, e <a class=\"Link\" href=\"https:\/\/www.wusf.org\/health-news-florida\/2024-11-13\/what-happens-when-a-vaccine-skeptic-leads-health-policy-ask-florida\" target=\"_blank\" rel=\"noopener nofollow\">funcion\u00e1rios do governo como<\/a> O Cirurgi\u00e3o Geral da Fl\u00f3rida, Dr. Joseph Ladapo, aconselhou as pessoas contra <a href=\"https:\/\/jaxtoday.org\/2024\/01\/04\/floridas-surgeon-general-calls-for-halt-in-covid-19-vaccines\/\">recebendo as vacinas de mRNA<\/a> desenvolvido para prote\u00e7\u00e3o contra o coronav\u00edrus.<\/p>\n<p>A desinforma\u00e7\u00e3o espalhou-se rapidamente, disse Takagishi, e ajudou a alimentar a hesita\u00e7\u00e3o sobre todas as imuniza\u00e7\u00f5es. Embora as alega\u00e7\u00f5es de que a vacina contra o sarampo esteja ligada ao autismo em crian\u00e7as tenham sido desmentidas, <a class=\"Link\" href=\"https:\/\/www.kff.org\/health-misinformation-monitor-volume-06\/\" target=\"_blank\" rel=\"noopener nofollow\">uma enquete de 2024<\/a> da organiza\u00e7\u00e3o de pesquisa em sa\u00fade KFF descobriu que mais da metade dos americanos expressaram alguma incerteza sobre se a vacina era mais perigosa do que a pr\u00f3pria doen\u00e7a.<\/p>\n<p>Evid\u00eancia <a class=\"Link\" href=\"https:\/\/www.cdc.gov\/vaccines-children\/about\/index.html\" target=\"_blank\" rel=\"noopener nofollow\">do CDC<\/a> e outras grandes organiza\u00e7\u00f5es de sa\u00fade mostram que as vacinas infantis s\u00e3o seguras e eficazes, disse Takagishi, que sublinhou que \u00e9 importante que os pais falem sobre as suas preocupa\u00e7\u00f5es com os pediatras.<\/p>\n<p>Tamb\u00e9m \u00e9 fundamental que os m\u00e9dicos n\u00e3o envergonhem as fam\u00edlias por se sentirem inseguras sobre as vacinas, disse Berger, pois isso poderia afast\u00e1-los da procura de cuidados de sa\u00fade em geral.<\/p>\n<p>\u201cEu tenho muitos que ficam tipo, &#8216;Quer saber? N\u00e3o sei se quero dar tudo isso [recommended vaccines] aos 2 meses de idade, podemos separ\u00e1-los?&#8217; ou &#8216;Ei, acho que isso \u00e9 mais relevante; podemos cuidar disso antes de passarmos para outros que considero menos relevantes&#8217;, ent\u00e3o esse tipo de coisa\u201d, disse Berger.<\/p>\n<p>Alguns pediatras <a class=\"Link\" href=\"https:\/\/jamanetwork.com\/journals\/jama\/fullarticle\/2770611\" target=\"_blank\" rel=\"noopener nofollow\">recusar-se a tratar<\/a> fam\u00edlias que n\u00e3o vacinam os seus filhos, o que Berger chama de \u201cpol\u00edtica equivocada\u201d que pode fazer com que as crian\u00e7as deixem de receber cuidados preventivos de fontes qualificadas.<\/p>\n<p>O presidente eleito Donald Trump nomeou Robert F. Kennedy Jr., um <a class=\"Link\" href=\"https:\/\/www.wusf.org\/2024-11-29\/kennedys-stance-on-vaccines-could-affect-the-lives-of-millions-of-people\" target=\"_blank\" rel=\"noopener nofollow\">proeminente c\u00e9tico em rela\u00e7\u00e3o \u00e0 vacina,<\/a> para servir como Secret\u00e1rio de Sa\u00fade e Servi\u00e7os Humanos, e alguns pediatras como Takagishi temem que possa haver mudan\u00e7as nas pol\u00edticas relativas aos requisitos de vacinas e aumento da hesita\u00e7\u00e3o entre o p\u00fablico.<\/p>\n<p>A Academia Americana de Pediatria \u201ccontinuar\u00e1 a seguir a ci\u00eancia\u201d, disse ela.<\/p>\n<p>\u201cEu odiaria que volt\u00e1ssemos a um estado onde n\u00e3o tenhamos vacina\u00e7\u00f5es de rotina e vejamos pessoas morrendo de doen\u00e7as que podemos prevenir\u201d, disse Takagishi.<\/p>\n<p>Direitos autorais 2025 WUSF 89.7<\/p>\n<\/div>\n<p><br \/>\n<br \/><a href=\"https:\/\/jaxtoday.org\/2025\/01\/15\/vaccination-decline-florida-children\/\">Source link <\/a><\/p>","protected":false},"excerpt":{"rendered":"<p>As taxas de vacina\u00e7\u00e3o infantil na Fl\u00f3rida continuam a diminuir, parte de uma tend\u00eancia nacional \u00e0 medida que a desinforma\u00e7\u00e3o se espalha mais amplamente e a hesita\u00e7\u00e3o aumenta, disseram especialistas&hellip;<\/p>","protected":false},"author":1,"featured_media":92026,"comment_status":"closed","ping_status":"open","sticky":false,"template":"","format":"standard","meta":{"content-type":"","footnotes":""},"categories":[1],"tags":[1267,1268,32451,17463],"class_list":["post-92025","post","type-post","status-publish","format-standard","has-post-thumbnail","hentry","category-uncategorized","tag-noticias","tag-noticias-do-estado","tag-sarampo","tag-vacinas"],"_links":{"self":[{"href":"https:\/\/tvbrazilusa.com\/pt\/wp-json\/wp\/v2\/posts\/92025","targetHints":{"allow":["GET"]}}],"collection":[{"href":"https:\/\/tvbrazilusa.com\/pt\/wp-json\/wp\/v2\/posts"}],"about":[{"href":"https:\/\/tvbrazilusa.com\/pt\/wp-json\/wp\/v2\/types\/post"}],"author":[{"embeddable":true,"href":"https:\/\/tvbrazilusa.com\/pt\/wp-json\/wp\/v2\/users\/1"}],"replies":[{"embeddable":true,"href":"https:\/\/tvbrazilusa.com\/pt\/wp-json\/wp\/v2\/comments?post=92025"}],"version-history":[{"count":1,"href":"https:\/\/tvbrazilusa.com\/pt\/wp-json\/wp\/v2\/posts\/92025\/revisions"}],"predecessor-version":[{"id":92027,"href":"https:\/\/tvbrazilusa.com\/pt\/wp-json\/wp\/v2\/posts\/92025\/revisions\/92027"}],"wp:featuredmedia":[{"embeddable":true,"href":"https:\/\/tvbrazilusa.com\/pt\/wp-json\/wp\/v2\/media\/92026"}],"wp:attachment":[{"href":"https:\/\/tvbrazilusa.com\/pt\/wp-json\/wp\/v2\/media?parent=92025"}],"wp:term":[{"taxonomy":"category","embeddable":true,"href":"https:\/\/tvbrazilusa.com\/pt\/wp-json\/wp\/v2\/categories?post=92025"},{"taxonomy":"post_tag","embeddable":true,"href":"https:\/\/tvbrazilusa.com\/pt\/wp-json\/wp\/v2\/tags?post=92025"}],"curies":[{"name":"wp","href":"https:\/\/api.w.org\/{rel}","templated":true}]}}