{"id":92031,"date":"2025-01-15T16:11:23","date_gmt":"2025-01-15T16:11:23","guid":{"rendered":"https:\/\/tvbrazilusa.com\/2025\/01\/15\/inflacao-despenca-na-argentina-a-maior-queda-em-decadas\/"},"modified":"2025-01-15T16:11:24","modified_gmt":"2025-01-15T16:11:24","slug":"inflacao-despenca-na-argentina-a-maior-queda-em-decadas","status":"publish","type":"post","link":"https:\/\/tvbrazilusa.com\/pt\/2025\/01\/15\/inflacao-despenca-na-argentina-a-maior-queda-em-decadas\/","title":{"rendered":"Infla\u00e7\u00e3o despenca na Argentina, a maior queda em d\u00e9cadas"},"content":{"rendered":"<p> <script async src=\"https:\/\/pagead2.googlesyndication.com\/pagead\/js\/adsbygoogle.js?client=ca-pub-8864793242727901\"\r\n     crossorigin=\"anonymous\"><\/script><br \/>\n<\/p>\n<div id=\"taboola-read-more\" style=\"display:block; width:100%\">\n<p>Argentina encerrou 2024 com uma taxa de infla\u00e7\u00e3o de 117,8%, uma redu\u00e7\u00e3o hist\u00f3rica em rela\u00e7\u00e3o aos 211,4% registrados no ano anterior.\n<\/p>\n<p>O n\u00famero, divulgado pelo Instituto Nacional de Estat\u00edstica e Censos (Indec) nesta ter\u00e7a-feira, 14, reflete a primeira desacelera\u00e7\u00e3o consistente do \u00edndice em quase uma d\u00e9cada e \u00e9 uma vit\u00f3ria pol\u00edtica para o presidente Javier Milei, que assumiu a Casa Rosada em dezembro de 2023 prometendo controlar a infla\u00e7\u00e3o descontrolada.<\/p>\n<p>ntre as medidas mais impactantes adotadas pelo governo Milei, destaca-se a austeridade fiscal. O presidente reduziu o n\u00famero de minist\u00e9rios pela metade, suspendeu a maioria das obras p\u00fablicas e cortou repasses para sa\u00fade, educa\u00e7\u00e3o e prov\u00edncias.\n<\/p>\n<p>Apesar de controversas, as a\u00e7\u00f5es come\u00e7aram a produzir resultados econ\u00f4micos concretos j\u00e1 no terceiro trimestre de 2024, quando o pa\u00eds saiu da recess\u00e3o, registrando um crescimento de 3,9% no PIB.\n<\/p>\n<p>Em dezembro, a infla\u00e7\u00e3o mensal foi de 2,7%, um aumento discreto de 0,3 ponto percentual em rela\u00e7\u00e3o a novembro. Setores como habita\u00e7\u00e3o, \u00e1gua, eletricidade e g\u00e1s foram os principais respons\u00e1veis pelo \u00edndice do m\u00eas, com altas de at\u00e9 5,3%. J\u00e1 segmentos como equipamentos dom\u00e9sticos e vestu\u00e1rio tiveram varia\u00e7\u00f5es m\u00ednimas, consolidando um al\u00edvio para os consumidores.\n<\/p>\n<p>A redu\u00e7\u00e3o na taxa b\u00e1sica de juros pelo Banco Central, de 35% para 32%, refor\u00e7ou a confian\u00e7a nos mercados. \u201cAs expectativas de baixa infla\u00e7\u00e3o se consolidaram\u201d, afirmou a entidade em comunicado.\n<\/p>\n<p>Embora a austeridade tenha sido criticada por reduzir investimentos em setores estrat\u00e9gicos, os resultados n\u00e3o podem ser ignorados. Al\u00e9m da infla\u00e7\u00e3o em queda, o consumo interno voltou a crescer, puxado por setores como agricultura e minera\u00e7\u00e3o, que registraram avan\u00e7os de 13,2% e 6,6%, respectivamente.\n<\/p>\n<p>Para Javier Milei, os n\u00fameros representam um marco: \u201cEstamos virando a p\u00e1gina de d\u00e9cadas de descontrole econ\u00f4mico\u201d, disse o presidente em pronunciamento. Apesar disso, analistas alertam que a sustentabilidade dessas pol\u00edticas depender\u00e1 de ajustes cont\u00ednuos e de um equil\u00edbrio entre conten\u00e7\u00e3o fiscal e est\u00edmulo ao crescimento.<\/p>\n<p>Fonte: O antagonista              <\/p>\n<\/div>\n<p><br \/>\n<br \/><a href=\"https:\/\/diariodobrasilnoticias.com.br\/noticia\/inflacao-despenca-na-argentina-a-maior-queda-em-decadas-6787c5f1ab60e\">Source link <\/a><\/p>","protected":false},"excerpt":{"rendered":"<p>Argentina encerrou 2024 com uma taxa de infla\u00e7\u00e3o de 117,8%, uma redu\u00e7\u00e3o hist\u00f3rica em rela\u00e7\u00e3o aos 211,4% registrados no ano anterior. O n\u00famero, divulgado pelo Instituto Nacional de Estat\u00edstica e&hellip;<\/p>","protected":false},"author":1,"featured_media":92032,"comment_status":"closed","ping_status":"open","sticky":false,"template":"","format":"standard","meta":{"content-type":"","footnotes":""},"categories":[16],"tags":[123,2448,5313,1267],"class_list":["post-92031","post","type-post","status-publish","format-standard","has-post-thumbnail","hentry","category-noticias","tag-brasil","tag-diario","tag-noticia","tag-noticias"],"_links":{"self":[{"href":"https:\/\/tvbrazilusa.com\/pt\/wp-json\/wp\/v2\/posts\/92031","targetHints":{"allow":["GET"]}}],"collection":[{"href":"https:\/\/tvbrazilusa.com\/pt\/wp-json\/wp\/v2\/posts"}],"about":[{"href":"https:\/\/tvbrazilusa.com\/pt\/wp-json\/wp\/v2\/types\/post"}],"author":[{"embeddable":true,"href":"https:\/\/tvbrazilusa.com\/pt\/wp-json\/wp\/v2\/users\/1"}],"replies":[{"embeddable":true,"href":"https:\/\/tvbrazilusa.com\/pt\/wp-json\/wp\/v2\/comments?post=92031"}],"version-history":[{"count":1,"href":"https:\/\/tvbrazilusa.com\/pt\/wp-json\/wp\/v2\/posts\/92031\/revisions"}],"predecessor-version":[{"id":92033,"href":"https:\/\/tvbrazilusa.com\/pt\/wp-json\/wp\/v2\/posts\/92031\/revisions\/92033"}],"wp:featuredmedia":[{"embeddable":true,"href":"https:\/\/tvbrazilusa.com\/pt\/wp-json\/wp\/v2\/media\/92032"}],"wp:attachment":[{"href":"https:\/\/tvbrazilusa.com\/pt\/wp-json\/wp\/v2\/media?parent=92031"}],"wp:term":[{"taxonomy":"category","embeddable":true,"href":"https:\/\/tvbrazilusa.com\/pt\/wp-json\/wp\/v2\/categories?post=92031"},{"taxonomy":"post_tag","embeddable":true,"href":"https:\/\/tvbrazilusa.com\/pt\/wp-json\/wp\/v2\/tags?post=92031"}],"curies":[{"name":"wp","href":"https:\/\/api.w.org\/{rel}","templated":true}]}}