{"id":92034,"date":"2025-01-15T16:24:40","date_gmt":"2025-01-15T16:24:40","guid":{"rendered":"https:\/\/tvbrazilusa.com\/2025\/01\/15\/conheca-a-ong-suspeita-de-ter-sido-criada-pelo-pcc-12-foram-presos-em-operacao\/"},"modified":"2025-01-15T16:24:42","modified_gmt":"2025-01-15T16:24:42","slug":"conheca-a-ong-suspeita-de-ter-sido-criada-pelo-pcc-12-foram-presos-em-operacao","status":"publish","type":"post","link":"https:\/\/tvbrazilusa.com\/pt\/2025\/01\/15\/conheca-a-ong-suspeita-de-ter-sido-criada-pelo-pcc-12-foram-presos-em-operacao\/","title":{"rendered":"Conhe\u00e7a a ONG suspeita de ter sido criada pelo PCC, 12 foram presos em opera\u00e7\u00e3o"},"content":{"rendered":"<p> <script async src=\"https:\/\/pagead2.googlesyndication.com\/pagead\/js\/adsbygoogle.js?client=ca-pub-8864793242727901\"\r\n     crossorigin=\"anonymous\"><\/script><br \/>\n<\/p>\n<div>\n<figure class=\"post-image\">\n<\/figure>\n<p>            <span style=\"font-size: 12px\">Opera\u00e7\u00e3o Scream Fake prendeu 12 pessoas envolvidas com PCC (Divulga\u00e7\u00e3o)<\/span><\/p>\n<p>            <!-- end metas --><br \/>\n            <!-- ADS --><\/p>\n<div id=\"taboola-read-more\" style=\"display:block; width:100%\">\n<p>Uma opera\u00e7\u00e3o realizada em conjunto pelo Minist\u00e9rio P\u00fablico e pela Pol\u00edcia Civil de S\u00e3o Paulo resultou na pris\u00e3o de 12 indiv\u00edduos suspeitos de v\u00ednculos com o Primeiro Comando da Capital (PCC). Entre os detidos est\u00e3o o presidente e o vice-presidente da ONG Pacto Social &#038; Carcer\u00e1rio, que se dedica a apoiar presos e ex-detentos. Al\u00e9m deles, tr\u00eas advogados tamb\u00e9m foram capturados durante a a\u00e7\u00e3o. Denominada Scream Fake, a opera\u00e7\u00e3o cumpriu 14 mandados de busca e apreens\u00e3o em diversas localidades do estado de S\u00e3o Paulo e na cidade de Londrina, no Paran\u00e1. Durante a a\u00e7\u00e3o, as autoridades conseguiram apreender celulares, documentos e anota\u00e7\u00f5es que podem ser relevantes para as investiga\u00e7\u00f5es.\n<\/p>\n<p>As investiga\u00e7\u00f5es tiveram in\u00edcio h\u00e1 aproximadamente tr\u00eas anos, ap\u00f3s a descoberta de cart\u00f5es de mem\u00f3ria que um visitante tentou introduzir na Penitenci\u00e1ria 2 de Presidente Venceslau. An\u00e1lises de manuscritos de detentos revelaram a exist\u00eancia de pr\u00e1ticas criminosas do PCC, organizadas em n\u00facleos como \u201cgravatas\u201d (advogados), \u201csa\u00fade\u201d e \u201cfinanceiro\u201d. A ONG estava supostamente envolvida em a\u00e7\u00f5es para desestabilizar o sistema judici\u00e1rio. O promotor Lincoln Gakiya destacou que as manifesta\u00e7\u00f5es promovidas pela ONG eram orquestradas por membros do PCC, que utilizavam a organiza\u00e7\u00e3o como uma fachada. Ele tamb\u00e9m mencionou que a ONG n\u00e3o recebia recursos p\u00fablicos ou privados, o que levanta quest\u00f5es sobre sua legitimidade.<\/p>\n<p>Como resultado das investiga\u00e7\u00f5es, a Justi\u00e7a de S\u00e3o Paulo decidiu suspender as atividades da ONG e remover seu conte\u00fado das plataformas de redes sociais. Os advogados detidos eram respons\u00e1veis por gerenciar o setor de sa\u00fade da organiza\u00e7\u00e3o criminosa, selecionando profissionais para atender os presos do PCC, incluindo servi\u00e7os est\u00e9ticos. Esses servi\u00e7os eram financiados por recursos oriundos de atividades il\u00edcitas e eram oferecidos apenas a membros privilegiados da fac\u00e7\u00e3o, evidenciando a estrutura hier\u00e1rquica e os privil\u00e9gios dentro do PCC.<\/p>\n<p>Fonte: Jovem Pan\n<\/p>\n<p>\u00a0<\/p>\n<\/p><\/div>\n<p>                        <!-- Scripts para conteudo --><\/p>\n<p>            <!-- .\/Scripts para conteudo --><br \/>\n            <!-- .\/Mat\u00e9ria --><\/p>\n<div class=\"row mt-3\">\n<div class=\"col-sm-6\">\n                <!-- Whatsapp channel 3--><br \/>\n                <a href=\"https:\/\/chat.whatsapp.com\/B8Qy6Erx4kb6yTzj3kaDco\" target=\"_blank\"><br \/>\n                  <img decoding=\"async\" src=\"https:\/\/diariodobrasilnoticias.com.br\/assets-site\/images\/bot_whatsapp.png\"\/><\/a>\n              <\/div>\n<div class=\"col-sm-6\">\n                <a href=\"https:\/\/t.me\/+_4gTmi5LKo03OTM5\" target=\"_blank\"><br \/>\n                  <img decoding=\"async\" src=\"https:\/\/diariodobrasilnoticias.com.br\/assets-site\/images\/bot_telegram.png\"\/><\/a>\n              <\/div>\n<\/p><\/div>\n<p>            <!-- end post-navigation --><\/p>\n<p>              <!-- end row --><\/p>\n<p>              <!-- end col-12-->\n                      <\/div>\n<p><br \/>\n<br \/><a href=\"https:\/\/diariodobrasilnoticias.com.br\/noticia\/conheca-a-ong-suspeita-de-ter-sido-criada-pelo-pcc-12-foram-presos-em-operacao-6787c8aa9e4d1\">Source link <\/a><\/p>","protected":false},"excerpt":{"rendered":"<p>Opera\u00e7\u00e3o Scream Fake prendeu 12 pessoas envolvidas com PCC (Divulga\u00e7\u00e3o) Uma opera\u00e7\u00e3o realizada em conjunto pelo Minist\u00e9rio P\u00fablico e pela Pol\u00edcia Civil de S\u00e3o Paulo resultou na pris\u00e3o de 12&hellip;<\/p>","protected":false},"author":1,"featured_media":92035,"comment_status":"closed","ping_status":"open","sticky":false,"template":"","format":"standard","meta":{"content-type":"","footnotes":""},"categories":[16],"tags":[123,2448,5313,1267],"class_list":["post-92034","post","type-post","status-publish","format-standard","has-post-thumbnail","hentry","category-noticias","tag-brasil","tag-diario","tag-noticia","tag-noticias"],"_links":{"self":[{"href":"https:\/\/tvbrazilusa.com\/pt\/wp-json\/wp\/v2\/posts\/92034","targetHints":{"allow":["GET"]}}],"collection":[{"href":"https:\/\/tvbrazilusa.com\/pt\/wp-json\/wp\/v2\/posts"}],"about":[{"href":"https:\/\/tvbrazilusa.com\/pt\/wp-json\/wp\/v2\/types\/post"}],"author":[{"embeddable":true,"href":"https:\/\/tvbrazilusa.com\/pt\/wp-json\/wp\/v2\/users\/1"}],"replies":[{"embeddable":true,"href":"https:\/\/tvbrazilusa.com\/pt\/wp-json\/wp\/v2\/comments?post=92034"}],"version-history":[{"count":1,"href":"https:\/\/tvbrazilusa.com\/pt\/wp-json\/wp\/v2\/posts\/92034\/revisions"}],"predecessor-version":[{"id":92036,"href":"https:\/\/tvbrazilusa.com\/pt\/wp-json\/wp\/v2\/posts\/92034\/revisions\/92036"}],"wp:featuredmedia":[{"embeddable":true,"href":"https:\/\/tvbrazilusa.com\/pt\/wp-json\/wp\/v2\/media\/92035"}],"wp:attachment":[{"href":"https:\/\/tvbrazilusa.com\/pt\/wp-json\/wp\/v2\/media?parent=92034"}],"wp:term":[{"taxonomy":"category","embeddable":true,"href":"https:\/\/tvbrazilusa.com\/pt\/wp-json\/wp\/v2\/categories?post=92034"},{"taxonomy":"post_tag","embeddable":true,"href":"https:\/\/tvbrazilusa.com\/pt\/wp-json\/wp\/v2\/tags?post=92034"}],"curies":[{"name":"wp","href":"https:\/\/api.w.org\/{rel}","templated":true}]}}