{"id":92072,"date":"2025-01-15T17:50:16","date_gmt":"2025-01-15T17:50:16","guid":{"rendered":"https:\/\/tvbrazilusa.com\/2025\/01\/15\/farra-saiba-quanto-as-estatais-desperdicaram-no-janjapalooza\/"},"modified":"2025-01-15T17:50:17","modified_gmt":"2025-01-15T17:50:17","slug":"farra-saiba-quanto-as-estatais-desperdicaram-no-janjapalooza","status":"publish","type":"post","link":"https:\/\/tvbrazilusa.com\/pt\/2025\/01\/15\/farra-saiba-quanto-as-estatais-desperdicaram-no-janjapalooza\/","title":{"rendered":"Farra: Saiba quanto as estatais desperdi\u00e7aram no \u2018Janjapalooza\u2019"},"content":{"rendered":"<p> <script async src=\"https:\/\/pagead2.googlesyndication.com\/pagead\/js\/adsbygoogle.js?client=ca-pub-8864793242727901\"\r\n     crossorigin=\"anonymous\"><\/script><br \/>\n<\/p>\n<div id=\"taboola-read-more\" style=\"display:block; width:100%\">\n<p>Empresas estatais brasileiras, como Banco do Brasil (BB), Caixa Econ\u00f4mica Federal (Caixa), Banco Nacional de Desenvolvimento Econ\u00f4mico e Social (BNDES) e Petrobras, investiram at\u00e9 R$ 83,45 milh\u00f5es na organiza\u00e7\u00e3o do G20 e do \u201cAlian\u00e7a Global Festival Contra Fome e a Pobreza\u201d que ficou conhecido como \u201cJanjapalooza\u201d.\n<\/p>\n<p>O dinheiro foi destinado \u00e0 Organiza\u00e7\u00e3o dos Estados Ibero-americanos (OEI) por meio de um acordo de coopera\u00e7\u00e3o internacional. Cada estatal se comprometeu a contribuir com at\u00e9 R$ 18,5 milh\u00f5es, totalizando R$ 74 milh\u00f5es, mas a Petrobras afirmou ter pago R$ 12,95 milh\u00f5es.<\/p>\n<p>A Itaipu Binacional, que n\u00e3o fazia parte do acordo, tamb\u00e9m contribuiu com R$ 15 milh\u00f5es.\n<\/p>\n<p>De acordo com o Minist\u00e9rio da Cultura, o valor total investido foi de R$ 77,3 milh\u00f5es, provenientes das estatais e da Prefeitura do Rio. O governo alegou que n\u00e3o houve apoio de empresas privadas.\n<\/p>\n<p>Os valores finais ainda est\u00e3o sendo apurados pela OEI. As informa\u00e7\u00f5es s\u00e3o do Estad\u00e3o.\n<\/p>\n<p>Os documentos obtidos indicam que o festival musical, o G-20 Social e a c\u00fapula de l\u00edderes tiveram custos diferenciados. O festival estava or\u00e7ado em R$ 28,3 milh\u00f5es, enquanto o G-20 Social teria um custo de R$ 27,2 milh\u00f5es. A c\u00fapula de l\u00edderes, principal evento do G-20, teve previs\u00e3o de R$ 13 milh\u00f5es, sendo o de menor valor entre as atividades.\n<\/p>\n<p>A OEI tamb\u00e9m cobraria uma taxa de administra\u00e7\u00e3o de 8% sobre os recursos recebidos, o que poderia representar at\u00e9 R$ 5,4 milh\u00f5es.\n<\/p>\n<p>O detalhamento do or\u00e7amento revela que os gastos com o festival foram expressivos. A maior parte foi destinada \u00e0 cenografia e infraestruturas (R$ 7,9 milh\u00f5es) e \u00e0 loca\u00e7\u00e3o de equipamentos (R$ 5,1 milh\u00f5es).\n<\/p>\n<p>Al\u00e9m disso, a presta\u00e7\u00e3o de contas da OEI sobre os recursos destinados ao festival n\u00e3o apresentava informa\u00e7\u00f5es completas, o que gerou questionamentos sobre o uso dos recursos p\u00fablicos.\n<\/p>\n<p>A primeira-dama Janja Lula da Silva esteve envolvida na organiza\u00e7\u00e3o do G-20 e na curadoria do festival musical, que foi chamado de \u201cJanjapalooza\u201d por uma pessoa da plateia, o que gerou um desconforto durante o evento.\n<\/p>\n<p>O nome foi associado \u00e0 primeira-dama, mas ela n\u00e3o gostou da alus\u00e3o, corrigindo a pessoa em p\u00fablico.\n<\/p>\n<p>\u201cN\u00e3o, filha, \u00e9 Alian\u00e7a Global contra a Fome e a Pobreza. Vamos ver se consegue entender a mensagem, t\u00e1?\u201d, respondeu Janja ao ouvir o apelido do evento pr\u00e9vio \u00e0 reuni\u00e3o do G20 no Rio de Janeiro.\n<\/p>\n<p>Embora a Petrobras tenha informado que n\u00e3o destinou recursos para o festival, o BNDES, o BB e a Caixa ainda est\u00e3o em processo de an\u00e1lise final dos gastos, e a presta\u00e7\u00e3o de contas completa ser\u00e1 divulgada quando o processo for conclu\u00eddo.\n<\/p>\n<p>As estatais justificaram os aportes como investimentos em um evento de grande relev\u00e2ncia global, com o objetivo de promover novos neg\u00f3cios e parcerias internacionais, al\u00e9m de refor\u00e7ar suas pol\u00edticas de desenvolvimento socioecon\u00f4mico e sustent\u00e1vel.<\/p>\n<p>Fonte: Di\u00e1rio do Poder              <\/p>\n<\/div>\n<p><br \/>\n<br \/><a href=\"https:\/\/diariodobrasilnoticias.com.br\/noticia\/farra-saiba-quanto-as-estatais-desperdicaram-no-janjapalooza-6787cc1338022\">Source link <\/a><\/p>","protected":false},"excerpt":{"rendered":"<p>Empresas estatais brasileiras, como Banco do Brasil (BB), Caixa Econ\u00f4mica Federal (Caixa), Banco Nacional de Desenvolvimento Econ\u00f4mico e Social (BNDES) e Petrobras, investiram at\u00e9 R$ 83,45 milh\u00f5es na organiza\u00e7\u00e3o do&hellip;<\/p>","protected":false},"author":1,"featured_media":92073,"comment_status":"closed","ping_status":"open","sticky":false,"template":"","format":"standard","meta":{"content-type":"","footnotes":""},"categories":[16],"tags":[123,2448,5313,1267],"class_list":["post-92072","post","type-post","status-publish","format-standard","has-post-thumbnail","hentry","category-noticias","tag-brasil","tag-diario","tag-noticia","tag-noticias"],"_links":{"self":[{"href":"https:\/\/tvbrazilusa.com\/pt\/wp-json\/wp\/v2\/posts\/92072","targetHints":{"allow":["GET"]}}],"collection":[{"href":"https:\/\/tvbrazilusa.com\/pt\/wp-json\/wp\/v2\/posts"}],"about":[{"href":"https:\/\/tvbrazilusa.com\/pt\/wp-json\/wp\/v2\/types\/post"}],"author":[{"embeddable":true,"href":"https:\/\/tvbrazilusa.com\/pt\/wp-json\/wp\/v2\/users\/1"}],"replies":[{"embeddable":true,"href":"https:\/\/tvbrazilusa.com\/pt\/wp-json\/wp\/v2\/comments?post=92072"}],"version-history":[{"count":1,"href":"https:\/\/tvbrazilusa.com\/pt\/wp-json\/wp\/v2\/posts\/92072\/revisions"}],"predecessor-version":[{"id":92074,"href":"https:\/\/tvbrazilusa.com\/pt\/wp-json\/wp\/v2\/posts\/92072\/revisions\/92074"}],"wp:featuredmedia":[{"embeddable":true,"href":"https:\/\/tvbrazilusa.com\/pt\/wp-json\/wp\/v2\/media\/92073"}],"wp:attachment":[{"href":"https:\/\/tvbrazilusa.com\/pt\/wp-json\/wp\/v2\/media?parent=92072"}],"wp:term":[{"taxonomy":"category","embeddable":true,"href":"https:\/\/tvbrazilusa.com\/pt\/wp-json\/wp\/v2\/categories?post=92072"},{"taxonomy":"post_tag","embeddable":true,"href":"https:\/\/tvbrazilusa.com\/pt\/wp-json\/wp\/v2\/tags?post=92072"}],"curies":[{"name":"wp","href":"https:\/\/api.w.org\/{rel}","templated":true}]}}