{"id":92078,"date":"2025-01-15T18:13:44","date_gmt":"2025-01-15T18:13:44","guid":{"rendered":"https:\/\/tvbrazilusa.com\/2025\/01\/15\/concorrente-de-roberto-carlos-nos-anos-60-revela-rivalidade-que-o-afetou-foi-cruel-comigo\/"},"modified":"2025-01-15T18:13:45","modified_gmt":"2025-01-15T18:13:45","slug":"concorrente-de-roberto-carlos-nos-anos-60-revela-rivalidade-que-o-afetou-foi-cruel-comigo","status":"publish","type":"post","link":"https:\/\/tvbrazilusa.com\/pt\/2025\/01\/15\/concorrente-de-roberto-carlos-nos-anos-60-revela-rivalidade-que-o-afetou-foi-cruel-comigo\/","title":{"rendered":"&#8216;Concorrente&#8217; de Roberto Carlos nos anos 60 revela rivalidade que o afetou: &#8216;Foi cruel comigo&#8217;"},"content":{"rendered":"<p> <script async src=\"https:\/\/pagead2.googlesyndication.com\/pagead\/js\/adsbygoogle.js?client=ca-pub-8864793242727901\"\r\n     crossorigin=\"anonymous\"><\/script><br \/>\n<\/p>\n<div id=\"taboola-read-more\" style=\"display:block; width:100%\">\n<p>O programa \u2018Jovem Guarda\u2019, da TV Record, foi criado h\u00e1 60 anos. Gerava alta audi\u00eancia nas tardes de domingo. Era apresentado por Roberto Carlos, Erasmo Carlos e Wanderl\u00e9a.\u00a0\n<\/p>\n<p>Antes da estreia, o nome de Ronnie Von chegou a ser cotado. Os caminhos dele, apelidado \u2018Pr\u00edncipe da Jovem Guarda\u2019, apesar de nunca ter feito parte daquele movimento musical, sempre se cruzaram com os do \u2018Rei\u2019 Roberto Carlos.<\/p>\n<p>Na \u00e9poca, o p\u00fablico n\u00e3o imaginava a tens\u00e3o entre os dois atr\u00e1s das c\u00e2meras. No podcast \u2018Papagaio Falante\u2019, de S\u00e9rgio Mallandro e Renato Rabelo, o apresentador disse ter sofrido uma campanha difamat\u00f3ria.\u00a0\n<\/p>\n<p>\u201cA equipe dele, a assessoria dele, foi muito cruel comigo. Cheguei a ouvir uma vez, no r\u00e1dio, e r\u00e1dio \u00e9 importante, \u2018esse filhinho de papai, esse calcinha de veludo, est\u00e1 tirando o lugar de algu\u00e9m que precisa\u2019.\u201d\u00a0\n<\/p>\n<p>Ronnie explicou que eram mais aceitos os artistas com \u201corigem muito humilde, tinha de vir da favela\u201d, caso contr\u00e1rio, sofriam \u201cpreconceito \u00e0s avessas\u201d. Ele, de classe m\u00e9dia, teria sido alvo de segrega\u00e7\u00e3o. \u00a0\n<\/p>\n<p>\u201cIsso era fomentado pelo pessoal da assessoria dele, do Roberto\u201d, afirmou. O artista ressalta que hoje s\u00e3o \u201camigos\u201d, e nega que seu caminho foi f\u00e1cil. Contou ter vendido o carro para vir do Rio a S\u00e3o Paulo tentar a sorte no universo art\u00edstico. Alugou um quarto \u201cnum hotel de quinta (categoria).\u201d\u00a0\n<\/p>\n<p>\u201cEu estava morando no fim da Avenida S\u00e3o Jo\u00e3o, ali chamavam \u2018Boca do Lixo\u2019, era um ponto daquelas mo\u00e7as de vida dif\u00edcil\u201d, relembrou. \u201cEu tinha conhecido o lado bom da vida (quando vivia com a fam\u00edlia), eu precisava, eu estava perseguindo um sonho.\u201d\u00a0\n<\/p>\n<p>Quando j\u00e1 despontava para o sucesso, Ronnie Von foi convidado pela TV Excelsior para ter um programa no mesmo hor\u00e1rio do \u2018Jovem Guarda\u2019. Ao saber da proposta, o dono da Record, Paulo Machado de Carvalho, o procurou para impedir a concorr\u00eancia. Convenceu o \u2018Pr\u00edncipe\u2019 a ter uma atra\u00e7\u00e3o na emissora, em outra faixa.\u00a0\n<\/p>\n<p>\u201cMontaram o \u2018Pequeno Mundo de Ronnie Von\u2019. Quem fizesse o \u2018Pequeno Mundo de Ronnie Von\u2019 n\u00e3o poderia fazer o \u2018Jovem Guarda\u2019 nunca\u201d, relembra. \u201cEra proibido. Quem proibiu eu n\u00e3o sei, mas era proibido.\u201d\u00a0\n<\/p>\n<p>O programa de Ronnie deu visibilidade a jovens artistas como Rita Lee, Caetano Veloso, Gilberto Gil e Gal Costa. A atra\u00e7\u00e3o durou dois anos, at\u00e9 1968, mesmo ano em que acabou a produ\u00e7\u00e3o dominical que projetou ainda mais Roberto Carlos, hoje com 83 anos.\u00a0\n<\/p>\n<p>Em 1974, o \u2018Rei\u2019 estreou seu especial de fim de ano na Globo. Paralelamente \u00e0 carreira musical, Ronnie Von continuou a fazer TV. Passou pela TV Tupi, TV Gazeta, fez novela na Globo e hoje comanda o \u2018Companhia Certa\u2019 na RedeTV. Est\u00e1 com 80 anos.\n<\/p>\n<p>Fonte: Reda\u00e7\u00e3o Terra              <\/p>\n<\/div>\n<p><br \/>\n<br \/><a href=\"https:\/\/diariodobrasilnoticias.com.br\/noticia\/-concorrente-de-roberto-carlos-nos-anos-60-revela-rivalidade-que-o-afetou-foi-cruel-comigo-6787ccbc245da\">Source link <\/a><\/p>","protected":false},"excerpt":{"rendered":"<p>O programa \u2018Jovem Guarda\u2019, da TV Record, foi criado h\u00e1 60 anos. Gerava alta audi\u00eancia nas tardes de domingo. Era apresentado por Roberto Carlos, Erasmo Carlos e Wanderl\u00e9a.\u00a0 Antes da&hellip;<\/p>","protected":false},"author":1,"featured_media":92079,"comment_status":"closed","ping_status":"open","sticky":false,"template":"","format":"standard","meta":{"content-type":"","footnotes":""},"categories":[16],"tags":[123,2448,5313,1267],"class_list":["post-92078","post","type-post","status-publish","format-standard","has-post-thumbnail","hentry","category-noticias","tag-brasil","tag-diario","tag-noticia","tag-noticias"],"_links":{"self":[{"href":"https:\/\/tvbrazilusa.com\/pt\/wp-json\/wp\/v2\/posts\/92078","targetHints":{"allow":["GET"]}}],"collection":[{"href":"https:\/\/tvbrazilusa.com\/pt\/wp-json\/wp\/v2\/posts"}],"about":[{"href":"https:\/\/tvbrazilusa.com\/pt\/wp-json\/wp\/v2\/types\/post"}],"author":[{"embeddable":true,"href":"https:\/\/tvbrazilusa.com\/pt\/wp-json\/wp\/v2\/users\/1"}],"replies":[{"embeddable":true,"href":"https:\/\/tvbrazilusa.com\/pt\/wp-json\/wp\/v2\/comments?post=92078"}],"version-history":[{"count":1,"href":"https:\/\/tvbrazilusa.com\/pt\/wp-json\/wp\/v2\/posts\/92078\/revisions"}],"predecessor-version":[{"id":92080,"href":"https:\/\/tvbrazilusa.com\/pt\/wp-json\/wp\/v2\/posts\/92078\/revisions\/92080"}],"wp:featuredmedia":[{"embeddable":true,"href":"https:\/\/tvbrazilusa.com\/pt\/wp-json\/wp\/v2\/media\/92079"}],"wp:attachment":[{"href":"https:\/\/tvbrazilusa.com\/pt\/wp-json\/wp\/v2\/media?parent=92078"}],"wp:term":[{"taxonomy":"category","embeddable":true,"href":"https:\/\/tvbrazilusa.com\/pt\/wp-json\/wp\/v2\/categories?post=92078"},{"taxonomy":"post_tag","embeddable":true,"href":"https:\/\/tvbrazilusa.com\/pt\/wp-json\/wp\/v2\/tags?post=92078"}],"curies":[{"name":"wp","href":"https:\/\/api.w.org\/{rel}","templated":true}]}}