{"id":92090,"date":"2025-01-15T18:56:11","date_gmt":"2025-01-15T18:56:11","guid":{"rendered":"https:\/\/tvbrazilusa.com\/2025\/01\/15\/onu-investiga-desvio-de-recursos-e-aumenta-tensao-com-o-ministerio-publico\/"},"modified":"2025-01-15T18:56:12","modified_gmt":"2025-01-15T18:56:12","slug":"onu-investiga-desvio-de-recursos-e-aumenta-tensao-com-o-ministerio-publico","status":"publish","type":"post","link":"https:\/\/tvbrazilusa.com\/pt\/2025\/01\/15\/onu-investiga-desvio-de-recursos-e-aumenta-tensao-com-o-ministerio-publico\/","title":{"rendered":"ONU investiga desvio de recursos e aumenta tens\u00e3o com o Minist\u00e9rio P\u00fablico"},"content":{"rendered":"<p> <script async src=\"https:\/\/pagead2.googlesyndication.com\/pagead\/js\/adsbygoogle.js?client=ca-pub-8864793242727901\"\r\n     crossorigin=\"anonymous\"><\/script><br \/>\n<\/p>\n<div id=\"taboola-read-more\" style=\"display:block; width:100%\">\n<p>A Organiza\u00e7\u00e3o Internacional do Trabalho (OIT) conduz uma investiga\u00e7\u00e3o confidencial sobre o uso indevido de recursos p\u00fablicos em projetos realizados no Brasil com verba proveniente do Minist\u00e9rio P\u00fablico do Trabalho (MPT).\n<\/p>\n<p>A apura\u00e7\u00e3o veio \u00e0 tona por meio de e-mails trocados entre representantes das duas institui\u00e7\u00f5es. Com sede em Genebra, na Su\u00ed\u00e7a, a OIT \u00e9 a ag\u00eancia da ONU respons\u00e1vel por fomentar o trabalho digno em condi\u00e7\u00f5es de seguran\u00e7a e equidade.<\/p>\n<p>O MPT, por sua vez, atua na fiscaliza\u00e7\u00e3o do cumprimento das leis trabalhistas no Brasil. Em 2017, firmou parceria com o escrit\u00f3rio brasileiro da OIT\/ONU para promover capacita\u00e7\u00e3o profissional de imigrantes em situa\u00e7\u00e3o de vulnerabilidade. Os projetos s\u00e3o financiados com recursos provenientes de multas e indeniza\u00e7\u00f5es obtidas por decis\u00f5es judiciais. A OIT gerencia as atividades e realiza os pagamentos aos profissionais envolvidos.\n<\/p>\n<p>Um dos principais projetos da parceria, o \u00c0w\u00fare, foi direcionado a comunidades quilombolas e ind\u00edgenas. De 2018 a 2024, o MPT repassou R$ 23 milh\u00f5es para a OIT. Outros R$ 30 milh\u00f5es foram destinados a iniciativas similares.\n<\/p>\n<p>Contudo, a partir do segundo semestre de 2023, atividades vinculadas ao projeto foram interrompidas sem explica\u00e7\u00e3o clara. Procuradores do Trabalho revelaram que cursos de capacita\u00e7\u00e3o para comunidades ind\u00edgenas no Norte e pescadores no litoral baiano, assim como aux\u00edlios a povos tradicionais no Rio Grande do Sul e aos guaranis-kaiow\u00e1s em Mato Grosso do Sul, est\u00e3o entre as atividades suspensas.\n<\/p>\n<p>Crise entre ONU e MPT<br \/>A subprocuradora-geral do Trabalho, Edelamare Barbosa Melo, enviou em 1\u00ba de julho de 2024 um of\u00edcio \u00e0 OIT. No documento, ela cobrou explica\u00e7\u00f5es e provid\u00eancias. Dias depois, Ana Virginia Moreira Gomes, diretora regional da OIT para Am\u00e9rica Latina e Caribe, respondeu. Informou sobre uma investiga\u00e7\u00e3o interna para apurar irregularidades no uso dos fundos do projeto \u00c0w\u00fare. A diretora destacou que a investiga\u00e7\u00e3o seguia normas confidenciais. Ressaltou que os resultados seriam compartilhados com autoridades brasileiras.\n<\/p>\n<p>Em dezembro, o portal UOL divulgou que dois funcion\u00e1rios da OIT eram investigados por suspeitas de ass\u00e9dio moral e racismo. A ag\u00eancia afirmou que n\u00e3o recebeu notifica\u00e7\u00e3o formal do MPT sobre essas acusa\u00e7\u00f5es. O impasse entre as institui\u00e7\u00f5es levou o Conselho Superior da Justi\u00e7a do Trabalho a editar, em setembro de 2024, uma norma que restringe o repasse de recursos a entidades internacionais que n\u00e3o apresentem presta\u00e7\u00e3o de contas.\n<\/p>\n<p>A crise exp\u00f5e tens\u00f5es sobre a administra\u00e7\u00e3o dos recursos e a autonomia da OIT. Segundo a subprocuradora, a ag\u00eancia tenta evitar o controle previsto no termo de coopera\u00e7\u00e3o. Ela ressaltou a import\u00e2ncia do acompanhamento para garantir transpar\u00eancia na aplica\u00e7\u00e3o do dinheiro p\u00fablico. A OIT, por sua vez, defendeu seus procedimentos internos. Reiterou o compromisso com altos padr\u00f5es de conduta em suas opera\u00e7\u00f5es.<\/p>\n<p>Fonte: Revista Oeste              <\/p>\n<\/div>\n<p><br \/>\n<br \/><a href=\"https:\/\/diariodobrasilnoticias.com.br\/noticia\/onu-investiga-desvio-de-recursos-e-aumenta-tensao-com-o-ministerio-publico-6787d9a862f73\">Source link <\/a><\/p>","protected":false},"excerpt":{"rendered":"<p>A Organiza\u00e7\u00e3o Internacional do Trabalho (OIT) conduz uma investiga\u00e7\u00e3o confidencial sobre o uso indevido de recursos p\u00fablicos em projetos realizados no Brasil com verba proveniente do Minist\u00e9rio P\u00fablico do Trabalho&hellip;<\/p>","protected":false},"author":1,"featured_media":92091,"comment_status":"closed","ping_status":"open","sticky":false,"template":"","format":"standard","meta":{"content-type":"","footnotes":""},"categories":[16],"tags":[123,2448,5313,1267],"class_list":["post-92090","post","type-post","status-publish","format-standard","has-post-thumbnail","hentry","category-noticias","tag-brasil","tag-diario","tag-noticia","tag-noticias"],"_links":{"self":[{"href":"https:\/\/tvbrazilusa.com\/pt\/wp-json\/wp\/v2\/posts\/92090","targetHints":{"allow":["GET"]}}],"collection":[{"href":"https:\/\/tvbrazilusa.com\/pt\/wp-json\/wp\/v2\/posts"}],"about":[{"href":"https:\/\/tvbrazilusa.com\/pt\/wp-json\/wp\/v2\/types\/post"}],"author":[{"embeddable":true,"href":"https:\/\/tvbrazilusa.com\/pt\/wp-json\/wp\/v2\/users\/1"}],"replies":[{"embeddable":true,"href":"https:\/\/tvbrazilusa.com\/pt\/wp-json\/wp\/v2\/comments?post=92090"}],"version-history":[{"count":1,"href":"https:\/\/tvbrazilusa.com\/pt\/wp-json\/wp\/v2\/posts\/92090\/revisions"}],"predecessor-version":[{"id":92092,"href":"https:\/\/tvbrazilusa.com\/pt\/wp-json\/wp\/v2\/posts\/92090\/revisions\/92092"}],"wp:featuredmedia":[{"embeddable":true,"href":"https:\/\/tvbrazilusa.com\/pt\/wp-json\/wp\/v2\/media\/92091"}],"wp:attachment":[{"href":"https:\/\/tvbrazilusa.com\/pt\/wp-json\/wp\/v2\/media?parent=92090"}],"wp:term":[{"taxonomy":"category","embeddable":true,"href":"https:\/\/tvbrazilusa.com\/pt\/wp-json\/wp\/v2\/categories?post=92090"},{"taxonomy":"post_tag","embeddable":true,"href":"https:\/\/tvbrazilusa.com\/pt\/wp-json\/wp\/v2\/tags?post=92090"}],"curies":[{"name":"wp","href":"https:\/\/api.w.org\/{rel}","templated":true}]}}