{"id":92102,"date":"2025-01-15T19:31:41","date_gmt":"2025-01-15T19:31:41","guid":{"rendered":"https:\/\/tvbrazilusa.com\/2025\/01\/15\/biden-e-trump-correm-para-viabilizar-o-acordo-entre-israel-e-hamas\/"},"modified":"2025-01-15T19:31:43","modified_gmt":"2025-01-15T19:31:43","slug":"biden-e-trump-correm-para-viabilizar-o-acordo-entre-israel-e-hamas","status":"publish","type":"post","link":"https:\/\/tvbrazilusa.com\/pt\/2025\/01\/15\/biden-e-trump-correm-para-viabilizar-o-acordo-entre-israel-e-hamas\/","title":{"rendered":"Biden e Trump correm para viabilizar o acordo entre Israel e Hamas"},"content":{"rendered":"<p> <script async src=\"https:\/\/pagead2.googlesyndication.com\/pagead\/js\/adsbygoogle.js?client=ca-pub-8864793242727901\"\r\n     crossorigin=\"anonymous\"><\/script><br \/>\n<\/p>\n<div id=\"taboola-read-more\" style=\"display:block; width:100%\">\n<p>Os termos do acordo para o cessar-fogo em Gaza e a liberta\u00e7\u00e3o de ref\u00e9ns, que Israel e Hamas anunciaram nesta quinta-feira (15), s\u00e3o os mesmos que foram propostos pelo governo Biden e estavam desde maio sobre a mesa de negocia\u00e7\u00f5es.\n<\/p>\n<p>O que muda agora \u00e9 o timing \u2014 a posse do presidente dos EUA, na pr\u00f3xima segunda-feira \u2014 e a efic\u00e1cia da press\u00e3o que Donald Trump exerceu sobre o primeiro-ministro de Israel, Benjamin Netanyahu.<\/p>\n<p>O futuro presidente despachou para Doha, no Catar, Steven Witkoff, seu enviado para o Oriente M\u00e9dio, com o objetivo de destravar o impasse para um cessar-fogo e for\u00e7ar o premi\u00ea a ceder \u00e0s exig\u00eancias que ele alegava serem intranspon\u00edveis junto aos representantes de Joe Biden: primeiro, a persegui\u00e7\u00e3o da vit\u00f3ria total sobre o Hamas; depois, a manuten\u00e7\u00e3o das tropas israelenses no Corredor Filad\u00e9lfia, uma zona-tamp\u00e3o entre a Faixa de Gaza e o Egito.\n<\/p>\n<p>Empres\u00e1rio do ramo imobili\u00e1rio da Fl\u00f3rida e sem experi\u00eancia no campo diplom\u00e1tico, Witkoff est\u00e1 habituado a resultados r\u00e1pidos. Convocou Netanyahu para uma reuni\u00e3o no s\u00e1bado, dia de descanso para os judeus, em Jerusal\u00e9m, e depois voltou para Doha.\n<\/p>\n<p>Na semana passada, Trump amea\u00e7ou o Hamas, prometendo que o grupo terrorista conheceria o inferno se os ref\u00e9ns n\u00e3o fossem libertados at\u00e9 o dia 20.\n<\/p>\n<p>Enquanto isso, Biden corria por fora, acelerando as negocia\u00e7\u00f5es, para demarcar o seu legado no Oriente M\u00e9dio, antes de deixar o cargo. O presidente americano antecipou a imin\u00eancia de um acordo, como fez, sem sucesso, em outras ocasi\u00f5es:\n<\/p>\n<p>\u201cEstamos prestes a concretizar a proposta que apresentei em detalhes meses atr\u00e1s. Com muitos anos de vida p\u00fablica, aprendi a nunca, nunca desistir.\u201d<br \/>Num gesto raro, tanto Biden como Trump enviaram seus representantes \u00e0s negocia\u00e7\u00f5es para a tr\u00e9gua e devolu\u00e7\u00e3o dos ref\u00e9ns mantidos pelo Hamas h\u00e1 467 dias. Ambos tentar\u00e3o levar o cr\u00e9dito caso o acordo se concretize e imagens do retorno dos primeiros ref\u00e9ns a Israel sejam divulgadas antes de segunda-feira.\n<\/p>\n<p>Se as negocia\u00e7\u00f5es tivessem fracassado na \u00faltima hora, Biden teria Trump para dividir a responsabilidade.\n<\/p>\n<p>O atual presidente prop\u00f4s, em maio, um plano de cessar-fogo em etapas, costurado com Israel, mas esbarrou na resist\u00eancia de Netanyahu, pressionado pelos membros radicais de sua coaliz\u00e3o.\n<\/p>\n<p>Contr\u00e1rio ao fim dos combates, um dos expoentes da extrema-direita do governo, o ministro da Seguran\u00e7a Nacional, Itamar Ben Gvir, disse claramente que conseguiu frustrar as tentativas anteriores de acordo de cessar-fogo com o Hamas.\n<\/p>\n<p>O ministro tenta novamente exercer press\u00e3o sobre o premi\u00ea, amea\u00e7ando abandonar a coaliz\u00e3o e derrubar o governo, mas Netanyahu, ao que tudo indica, conseguiu novos apoios internos para prosseguir com a perspectiva da tr\u00e9gua.\n<\/p>\n<p>Se o acordo vingar, como expressam as partes com a habitual cautela, na primeira fase, o Hamas libertar\u00e1 33 ref\u00e9ns &#8211; tr\u00eas por vez -, entre mulheres, crian\u00e7as, idosos e feridos. Em troca, Israel soltar\u00e1 30 prisioneiros palestinos para cada ref\u00e9m civil e 50 para cada militar. Estima-se que mais de mil ser\u00e3o libertados.\n<\/p>\n<p>Neste per\u00edodo, os combates cessar\u00e3o. Ap\u00f3s o 16\u00ba dia, come\u00e7a a segunda fase, prevista para durar 42 dias, e considerada a mais fr\u00e1gil. \u00c9 criticada pelos parentes das v\u00edtimas, que temem que os ref\u00e9ns que permanecerem em Gaza, sirvam de escudo para o grupo terrorista obter novas concess\u00f5es.\n<\/p>\n<p>A segunda etapa prev\u00ea que o Hamas liberte os ref\u00e9ns homens restantes, em troca de um n\u00famero ainda a ser negociado de prisioneiros palestinos e a retirada total das tropas do territ\u00f3rio, segundo um rascunho obtido pela ag\u00eancia de not\u00edcias Associated Press.\n<\/p>\n<p>Os planos para a administra\u00e7\u00e3o e a reconstru\u00e7\u00e3o de Gaza, ainda indefinidos, ficam para a terceira fase, juntamente com a devolu\u00e7\u00e3o de corpos de combatentes dos dois campos.\n<\/p>\n<p>A ansiedade pelo acordo mobiliza a sociedade israelense, conforme mostraram manifesta\u00e7\u00f5es favor\u00e1veis em maior n\u00famero, e contr\u00e1rias ao cessar-fogo.\n<\/p>\n<p>Conforme ponderou o Amos Harel, analista militar do jornal \u201cHaaretz\u201d, este \u00e9 um pre\u00e7o alto, mas inevit\u00e1vel para come\u00e7ar o processo para libertar os ref\u00e9ns. E a mudan\u00e7a de presidente nos Estados Unidos, sem d\u00favida, empurrou o resistente Netanyahu para a rodada final das negocia\u00e7\u00f5es.\n<\/p>\n<p>Fonte: G1              <\/p>\n<\/div>\n<p><br \/>\n<br \/><a href=\"https:\/\/diariodobrasilnoticias.com.br\/noticia\/biden-e-trump-correm-para-viabilizar-o-acordo-entre-israel-e-hamas-6787f405dbeb8\">Source link <\/a><\/p>","protected":false},"excerpt":{"rendered":"<p>Os termos do acordo para o cessar-fogo em Gaza e a liberta\u00e7\u00e3o de ref\u00e9ns, que Israel e Hamas anunciaram nesta quinta-feira (15), s\u00e3o os mesmos que foram propostos pelo governo&hellip;<\/p>","protected":false},"author":1,"featured_media":92103,"comment_status":"closed","ping_status":"open","sticky":false,"template":"","format":"standard","meta":{"content-type":"","footnotes":""},"categories":[16],"tags":[123,2448,5313,1267],"class_list":["post-92102","post","type-post","status-publish","format-standard","has-post-thumbnail","hentry","category-noticias","tag-brasil","tag-diario","tag-noticia","tag-noticias"],"_links":{"self":[{"href":"https:\/\/tvbrazilusa.com\/pt\/wp-json\/wp\/v2\/posts\/92102","targetHints":{"allow":["GET"]}}],"collection":[{"href":"https:\/\/tvbrazilusa.com\/pt\/wp-json\/wp\/v2\/posts"}],"about":[{"href":"https:\/\/tvbrazilusa.com\/pt\/wp-json\/wp\/v2\/types\/post"}],"author":[{"embeddable":true,"href":"https:\/\/tvbrazilusa.com\/pt\/wp-json\/wp\/v2\/users\/1"}],"replies":[{"embeddable":true,"href":"https:\/\/tvbrazilusa.com\/pt\/wp-json\/wp\/v2\/comments?post=92102"}],"version-history":[{"count":1,"href":"https:\/\/tvbrazilusa.com\/pt\/wp-json\/wp\/v2\/posts\/92102\/revisions"}],"predecessor-version":[{"id":92104,"href":"https:\/\/tvbrazilusa.com\/pt\/wp-json\/wp\/v2\/posts\/92102\/revisions\/92104"}],"wp:featuredmedia":[{"embeddable":true,"href":"https:\/\/tvbrazilusa.com\/pt\/wp-json\/wp\/v2\/media\/92103"}],"wp:attachment":[{"href":"https:\/\/tvbrazilusa.com\/pt\/wp-json\/wp\/v2\/media?parent=92102"}],"wp:term":[{"taxonomy":"category","embeddable":true,"href":"https:\/\/tvbrazilusa.com\/pt\/wp-json\/wp\/v2\/categories?post=92102"},{"taxonomy":"post_tag","embeddable":true,"href":"https:\/\/tvbrazilusa.com\/pt\/wp-json\/wp\/v2\/tags?post=92102"}],"curies":[{"name":"wp","href":"https:\/\/api.w.org\/{rel}","templated":true}]}}