{"id":92123,"date":"2025-01-15T20:24:03","date_gmt":"2025-01-15T20:24:03","guid":{"rendered":"https:\/\/tvbrazilusa.com\/2025\/01\/15\/jose-mayer-opta-por-nao-voltar-a-globo-apos-ser-chamado-para-novela-das-21h\/"},"modified":"2025-01-15T20:24:05","modified_gmt":"2025-01-15T20:24:05","slug":"jose-mayer-opta-por-nao-voltar-a-globo-apos-ser-chamado-para-novela-das-21h","status":"publish","type":"post","link":"https:\/\/tvbrazilusa.com\/pt\/2025\/01\/15\/jose-mayer-opta-por-nao-voltar-a-globo-apos-ser-chamado-para-novela-das-21h\/","title":{"rendered":"Jos\u00e9 Mayer opta por n\u00e3o voltar \u00e0 Globo ap\u00f3s ser chamado para novela das 21h"},"content":{"rendered":"<p> <script async src=\"https:\/\/pagead2.googlesyndication.com\/pagead\/js\/adsbygoogle.js?client=ca-pub-8864793242727901\"\r\n     crossorigin=\"anonymous\"><\/script><br \/>\n<\/p>\n<div id=\"taboola-read-more\" style=\"display:block; width:100%\">\n<p>Aguinaldo Silva, renomado autor de novelas brasileiras, expressou seu desejo de contar com Jos\u00e9 Mayer em seu pr\u00f3ximo projeto para a Rede Globo. A novela, intitulada \u201cTr\u00eas Gra\u00e7as\u201d, est\u00e1 programada para estrear em 2026, seguindo o remake de \u201cVale Tudo\u201d e a nova obra de Gl\u00f3ria Perez. Mayer, entretanto, recusou o convite, marcando sua aposentadoria do cen\u00e1rio art\u00edstico.\n<\/p>\n<p>Jos\u00e9 Mayer, ausente das telas desde 2016, quando participou de \u201cA Lei do Amor\u201d, foi considerado para um papel significativo no novo projeto de Silva. A colabora\u00e7\u00e3o entre os dois tem uma longa hist\u00f3ria, com Mayer tendo participado de v\u00e1rias obras de sucesso do autor, como \u201cTieta\u201d e \u201cImp\u00e9rio\u201d. A recusa refor\u00e7a a decis\u00e3o de Mayer de se afastar permanentemente das atua\u00e7\u00f5es.<\/p>\n<p>O enredo de \u201cTr\u00eas Gra\u00e7as\u201d se passa no vibrante Rio de Janeiro, trazendo \u00e0 tona a saga de tr\u00eas gera\u00e7\u00f5es de uma fam\u00edlia. A hist\u00f3ria gira em torno da av\u00f3, da filha e da neta, destacando-se as complexidades de suas rela\u00e7\u00f5es e desafios. O elenco contar\u00e1 com nomes de peso como Betty Faria, Marina Ruy Barbosa e Lilia Cabral, aumentando as expectativas sobre a produ\u00e7\u00e3o.\n<\/p>\n<p>Aguinaldo Silva, conhecido por sua vis\u00e3o cr\u00edtica e ousada sobre o cen\u00e1rio televisivo, compartilhou suas opini\u00f5es em uma entrevista \u00e0 Veja. Ele afirmou que muitos autores est\u00e3o tentando inovar o g\u00eanero das novelas de maneira infrut\u00edfera. Segundo ele, as novelas s\u00e3o essencialmente melodram\u00e1ticas e os temas familiares e as hist\u00f3rias de amor continuam sendo seu n\u00facleo.\n<\/p>\n<p>Quais autores ainda representam a ess\u00eancia das novelas?<br \/>Durante a entrevista, Silva elogiou Gl\u00f3ria Perez, Jo\u00e3o Emanuel Carneiro e Walcyr Carrasco por manterem viva a ess\u00eancia das novelas. Para ele, s\u00e3o esses autores que conseguem equilibrar a modernidade com os elementos tradicionais pilares deste g\u00eanero televisivo.\n<\/p>\n<p>\u201cMuitos autores est\u00e3o preocupados demais em renovar o g\u00eanero, mas ele n\u00e3o \u00e9 renov\u00e1vel. Novela \u00e9 um melodrama, \u00e9 o drama exacerbado, a paix\u00e3o desvairada. N\u00e3o adianta: os temas centrais de toda novela s\u00e3o as disputas familiares pelo poder e um grande amor entre duas pessoas que sofrem durante 180 cap\u00edtulos at\u00e9 tudo dar certo. Game of Thrones, aquela s\u00e9rie fant\u00e1stica, nada mais \u00e9 do que um melodrama muito bem-feito\u201d, disse Aguinaldo.\n<\/p>\n<p>Qual o futuro das novelas Globo e a vis\u00e3o de seus roteiristas?\n<\/p>\n<p>A percep\u00e7\u00e3o de Aguinaldo sobre a ind\u00fastria televisiva, especialmente no que tange \u00e0s novelas da Globo, reflete uma preocupa\u00e7\u00e3o com a dire\u00e7\u00e3o atual do g\u00eanero. Com produ\u00e7\u00f5es cada vez mais diversificadas, os roteiristas enfrentam o desafio de manter a audi\u00eancia engajada enquanto preservam a identidade rica e caracter\u00edstica das telenovelas brasileiras.\n<\/p>\n<p>Em um cen\u00e1rio em constante evolu\u00e7\u00e3o, o equil\u00edbrio entre a tradi\u00e7\u00e3o e a inova\u00e7\u00e3o narrativas ser\u00e1 fundamental para o sucesso das pr\u00f3ximas produ\u00e7\u00f5es. A decis\u00e3o de Jos\u00e9 Mayer de se afastar das artes destaca ainda mais as mudan\u00e7as din\u00e2micas e as transi\u00e7\u00f5es vividas pela ind\u00fastria ao longo dos anos.\n<\/p>\n<p>Fonte: Terra Brasil Not\u00edcias              <\/p>\n<\/div>\n<p><br \/>\n<br \/><a href=\"https:\/\/diariodobrasilnoticias.com.br\/noticia\/jose-mayer-opta-por-nao-voltar-a-globo-apos-ser-chamado-para-novela-das-21h-6787f70c438eb\">Source link <\/a><\/p>","protected":false},"excerpt":{"rendered":"<p>Aguinaldo Silva, renomado autor de novelas brasileiras, expressou seu desejo de contar com Jos\u00e9 Mayer em seu pr\u00f3ximo projeto para a Rede Globo. A novela, intitulada \u201cTr\u00eas Gra\u00e7as\u201d, est\u00e1 programada&hellip;<\/p>","protected":false},"author":1,"featured_media":92124,"comment_status":"closed","ping_status":"open","sticky":false,"template":"","format":"standard","meta":{"content-type":"","footnotes":""},"categories":[16],"tags":[123,2448,5313,1267],"class_list":["post-92123","post","type-post","status-publish","format-standard","has-post-thumbnail","hentry","category-noticias","tag-brasil","tag-diario","tag-noticia","tag-noticias"],"_links":{"self":[{"href":"https:\/\/tvbrazilusa.com\/pt\/wp-json\/wp\/v2\/posts\/92123","targetHints":{"allow":["GET"]}}],"collection":[{"href":"https:\/\/tvbrazilusa.com\/pt\/wp-json\/wp\/v2\/posts"}],"about":[{"href":"https:\/\/tvbrazilusa.com\/pt\/wp-json\/wp\/v2\/types\/post"}],"author":[{"embeddable":true,"href":"https:\/\/tvbrazilusa.com\/pt\/wp-json\/wp\/v2\/users\/1"}],"replies":[{"embeddable":true,"href":"https:\/\/tvbrazilusa.com\/pt\/wp-json\/wp\/v2\/comments?post=92123"}],"version-history":[{"count":1,"href":"https:\/\/tvbrazilusa.com\/pt\/wp-json\/wp\/v2\/posts\/92123\/revisions"}],"predecessor-version":[{"id":92125,"href":"https:\/\/tvbrazilusa.com\/pt\/wp-json\/wp\/v2\/posts\/92123\/revisions\/92125"}],"wp:featuredmedia":[{"embeddable":true,"href":"https:\/\/tvbrazilusa.com\/pt\/wp-json\/wp\/v2\/media\/92124"}],"wp:attachment":[{"href":"https:\/\/tvbrazilusa.com\/pt\/wp-json\/wp\/v2\/media?parent=92123"}],"wp:term":[{"taxonomy":"category","embeddable":true,"href":"https:\/\/tvbrazilusa.com\/pt\/wp-json\/wp\/v2\/categories?post=92123"},{"taxonomy":"post_tag","embeddable":true,"href":"https:\/\/tvbrazilusa.com\/pt\/wp-json\/wp\/v2\/tags?post=92123"}],"curies":[{"name":"wp","href":"https:\/\/api.w.org\/{rel}","templated":true}]}}