{"id":92135,"date":"2025-01-15T21:07:32","date_gmt":"2025-01-15T21:07:32","guid":{"rendered":"https:\/\/tvbrazilusa.com\/2025\/01\/15\/um-homem-foi-flagrado-surfando-nas-aguas-de-rio-doce-veja-video\/"},"modified":"2025-01-15T21:07:33","modified_gmt":"2025-01-15T21:07:33","slug":"um-homem-foi-flagrado-surfando-nas-aguas-de-rio-doce-veja-video","status":"publish","type":"post","link":"https:\/\/tvbrazilusa.com\/pt\/2025\/01\/15\/um-homem-foi-flagrado-surfando-nas-aguas-de-rio-doce-veja-video\/","title":{"rendered":"Um homem foi flagrado surfando nas \u00e1guas de Rio Doce; VEJA V\u00cdDEO"},"content":{"rendered":"<p> <script async src=\"https:\/\/pagead2.googlesyndication.com\/pagead\/js\/adsbygoogle.js?client=ca-pub-8864793242727901\"\r\n     crossorigin=\"anonymous\"><\/script><br \/>\n<\/p>\n<div id=\"taboola-read-more\" style=\"display:block; width:100%\">\n<p>Um homem foi flagrado surfando nas \u00e1guas do Rio Doce. Isso foi em Governador Valadares, interior de Minas Gerais.<\/p>\n<p>Embora a cena seja curiosa, a pr\u00e1tica \u00e9 extremamente arriscada. A Defesa Civil recomenda que os moradores mantenham dist\u00e2ncia do rio, que est\u00e1 com um volume muito acima do normal devido as chuvas.\n<\/p>\n<p><strong>ASSISTA:<\/strong><\/p>\n<p>Fonte: @bandnewstv \/ Instagram              <\/p>\n<\/div>\n<p><br \/>\n<br \/><a href=\"https:\/\/diariodobrasilnoticias.com.br\/noticia\/um-homem-foi-flagrado-surfando-nas-aguas-de-rio-doce-veja-video-67880253db77d\">Source link <\/a><\/p>","protected":false},"excerpt":{"rendered":"<p>Um homem foi flagrado surfando nas \u00e1guas do Rio Doce. Isso foi em Governador Valadares, interior de Minas Gerais. Embora a cena seja curiosa, a pr\u00e1tica \u00e9 extremamente arriscada. A&hellip;<\/p>","protected":false},"author":1,"featured_media":92136,"comment_status":"closed","ping_status":"open","sticky":false,"template":"","format":"standard","meta":{"content-type":"","footnotes":""},"categories":[16],"tags":[123,2448,5313,1267],"class_list":["post-92135","post","type-post","status-publish","format-standard","has-post-thumbnail","hentry","category-noticias","tag-brasil","tag-diario","tag-noticia","tag-noticias"],"_links":{"self":[{"href":"https:\/\/tvbrazilusa.com\/pt\/wp-json\/wp\/v2\/posts\/92135","targetHints":{"allow":["GET"]}}],"collection":[{"href":"https:\/\/tvbrazilusa.com\/pt\/wp-json\/wp\/v2\/posts"}],"about":[{"href":"https:\/\/tvbrazilusa.com\/pt\/wp-json\/wp\/v2\/types\/post"}],"author":[{"embeddable":true,"href":"https:\/\/tvbrazilusa.com\/pt\/wp-json\/wp\/v2\/users\/1"}],"replies":[{"embeddable":true,"href":"https:\/\/tvbrazilusa.com\/pt\/wp-json\/wp\/v2\/comments?post=92135"}],"version-history":[{"count":1,"href":"https:\/\/tvbrazilusa.com\/pt\/wp-json\/wp\/v2\/posts\/92135\/revisions"}],"predecessor-version":[{"id":92137,"href":"https:\/\/tvbrazilusa.com\/pt\/wp-json\/wp\/v2\/posts\/92135\/revisions\/92137"}],"wp:featuredmedia":[{"embeddable":true,"href":"https:\/\/tvbrazilusa.com\/pt\/wp-json\/wp\/v2\/media\/92136"}],"wp:attachment":[{"href":"https:\/\/tvbrazilusa.com\/pt\/wp-json\/wp\/v2\/media?parent=92135"}],"wp:term":[{"taxonomy":"category","embeddable":true,"href":"https:\/\/tvbrazilusa.com\/pt\/wp-json\/wp\/v2\/categories?post=92135"},{"taxonomy":"post_tag","embeddable":true,"href":"https:\/\/tvbrazilusa.com\/pt\/wp-json\/wp\/v2\/tags?post=92135"}],"curies":[{"name":"wp","href":"https:\/\/api.w.org\/{rel}","templated":true}]}}