{"id":92138,"date":"2025-01-15T21:19:58","date_gmt":"2025-01-15T21:19:58","guid":{"rendered":"https:\/\/tvbrazilusa.com\/2025\/01\/15\/comentarista-da-globo-admitiu-que-tregua-entre-hamas-e-israel-so-foi-possivel-por-imposicao-de-trump-veja-video\/"},"modified":"2025-01-15T21:19:59","modified_gmt":"2025-01-15T21:19:59","slug":"comentarista-da-globo-admitiu-que-tregua-entre-hamas-e-israel-so-foi-possivel-por-imposicao-de-trump-veja-video","status":"publish","type":"post","link":"https:\/\/tvbrazilusa.com\/pt\/2025\/01\/15\/comentarista-da-globo-admitiu-que-tregua-entre-hamas-e-israel-so-foi-possivel-por-imposicao-de-trump-veja-video\/","title":{"rendered":"Comentarista da Globo admitiu que tr\u00e9gua entre Hamas e Israel s\u00f3 foi poss\u00edvel por imposi\u00e7\u00e3o de Trump, VEJA V\u00cdDEO"},"content":{"rendered":"<p> <script async src=\"https:\/\/pagead2.googlesyndication.com\/pagead\/js\/adsbygoogle.js?client=ca-pub-8864793242727901\"\r\n     crossorigin=\"anonymous\"><\/script><br \/>\n<br \/>Comentarista da Globo admitiu que tr\u00e9gua entre Hamas e Israel s\u00f3 foi poss\u00edvel por imposi\u00e7\u00e3o de Trump<br \/>\n<br \/><br \/>\n<br \/><a href=\"https:\/\/diariodobrasilnoticias.com.br\/noticia\/comentarista-da-globo-admitiu-que-tregua-entre-hamas-e-israel-so-foi-possivel-por-imposicao-de-trump-veja-video-678803793fa9b\">Source link <\/a><\/p>","protected":false},"excerpt":{"rendered":"<p>Comentarista da Globo admitiu que tr\u00e9gua entre Hamas e Israel s\u00f3 foi poss\u00edvel por imposi\u00e7\u00e3o de Trump Source link<\/p>","protected":false},"author":1,"featured_media":92139,"comment_status":"closed","ping_status":"open","sticky":false,"template":"","format":"standard","meta":{"content-type":"","footnotes":""},"categories":[16],"tags":[123,2448,5313,1267],"class_list":["post-92138","post","type-post","status-publish","format-standard","has-post-thumbnail","hentry","category-noticias","tag-brasil","tag-diario","tag-noticia","tag-noticias"],"_links":{"self":[{"href":"https:\/\/tvbrazilusa.com\/pt\/wp-json\/wp\/v2\/posts\/92138","targetHints":{"allow":["GET"]}}],"collection":[{"href":"https:\/\/tvbrazilusa.com\/pt\/wp-json\/wp\/v2\/posts"}],"about":[{"href":"https:\/\/tvbrazilusa.com\/pt\/wp-json\/wp\/v2\/types\/post"}],"author":[{"embeddable":true,"href":"https:\/\/tvbrazilusa.com\/pt\/wp-json\/wp\/v2\/users\/1"}],"replies":[{"embeddable":true,"href":"https:\/\/tvbrazilusa.com\/pt\/wp-json\/wp\/v2\/comments?post=92138"}],"version-history":[{"count":1,"href":"https:\/\/tvbrazilusa.com\/pt\/wp-json\/wp\/v2\/posts\/92138\/revisions"}],"predecessor-version":[{"id":92140,"href":"https:\/\/tvbrazilusa.com\/pt\/wp-json\/wp\/v2\/posts\/92138\/revisions\/92140"}],"wp:featuredmedia":[{"embeddable":true,"href":"https:\/\/tvbrazilusa.com\/pt\/wp-json\/wp\/v2\/media\/92139"}],"wp:attachment":[{"href":"https:\/\/tvbrazilusa.com\/pt\/wp-json\/wp\/v2\/media?parent=92138"}],"wp:term":[{"taxonomy":"category","embeddable":true,"href":"https:\/\/tvbrazilusa.com\/pt\/wp-json\/wp\/v2\/categories?post=92138"},{"taxonomy":"post_tag","embeddable":true,"href":"https:\/\/tvbrazilusa.com\/pt\/wp-json\/wp\/v2\/tags?post=92138"}],"curies":[{"name":"wp","href":"https:\/\/api.w.org\/{rel}","templated":true}]}}