{"id":92143,"date":"2025-01-15T21:31:42","date_gmt":"2025-01-15T21:31:42","guid":{"rendered":"https:\/\/tvbrazilusa.com\/2025\/01\/15\/colisao-buggy-colide-com-carro-4x4-em-duna-veja-video\/"},"modified":"2025-01-15T21:31:43","modified_gmt":"2025-01-15T21:31:43","slug":"colisao-buggy-colide-com-carro-4x4-em-duna-veja-video","status":"publish","type":"post","link":"https:\/\/tvbrazilusa.com\/pt\/2025\/01\/15\/colisao-buggy-colide-com-carro-4x4-em-duna-veja-video\/","title":{"rendered":"Colis\u00e3o: Buggy colide com carro 4&#215;4 em duna; VEJA V\u00cdDEO"},"content":{"rendered":"<p> <script async src=\"https:\/\/pagead2.googlesyndication.com\/pagead\/js\/adsbygoogle.js?client=ca-pub-8864793242727901\"\r\n     crossorigin=\"anonymous\"><\/script><br \/>\n<\/p>\n<div id=\"taboola-read-more\" style=\"display:block; width:100%\">\n<p>Um buggy que transportava turistas colidiu de frente com uma caminhonete em uma trilha nas dunas da Praia de Canoa Quebrada, em Aracati, no litoral do Cear\u00e1, no \u00faltimo domingo (12). O acidente foi registrado em v\u00eddeo por um ocupante de outro buggy que acompanhava o passeio.<\/p>\n<p>De acordo com a Prefeitura de Aracati, duas pessoas foram encaminhadas \u00e0 Unidade de Pronto Atendimento (UPA) da regi\u00e3o. Ap\u00f3s exames, ambas foram liberadas sem diagn\u00f3stico de traumas graves.\n<\/p>\n<p><strong>ASSISTA:<\/strong><\/p>\n<p>Fonte:@novonoticias \/ Instagram              <\/p>\n<\/div>\n<p><br \/>\n<br \/><a href=\"https:\/\/diariodobrasilnoticias.com.br\/noticia\/colisao-buggy-colide-com-carro-4x4-em-duna-veja-video-678804150df3b\">Source link <\/a><\/p>","protected":false},"excerpt":{"rendered":"<p>Um buggy que transportava turistas colidiu de frente com uma caminhonete em uma trilha nas dunas da Praia de Canoa Quebrada, em Aracati, no litoral do Cear\u00e1, no \u00faltimo domingo&hellip;<\/p>","protected":false},"author":1,"featured_media":92144,"comment_status":"closed","ping_status":"open","sticky":false,"template":"","format":"standard","meta":{"content-type":"","footnotes":""},"categories":[16],"tags":[123,2448,5313,1267],"class_list":["post-92143","post","type-post","status-publish","format-standard","has-post-thumbnail","hentry","category-noticias","tag-brasil","tag-diario","tag-noticia","tag-noticias"],"_links":{"self":[{"href":"https:\/\/tvbrazilusa.com\/pt\/wp-json\/wp\/v2\/posts\/92143","targetHints":{"allow":["GET"]}}],"collection":[{"href":"https:\/\/tvbrazilusa.com\/pt\/wp-json\/wp\/v2\/posts"}],"about":[{"href":"https:\/\/tvbrazilusa.com\/pt\/wp-json\/wp\/v2\/types\/post"}],"author":[{"embeddable":true,"href":"https:\/\/tvbrazilusa.com\/pt\/wp-json\/wp\/v2\/users\/1"}],"replies":[{"embeddable":true,"href":"https:\/\/tvbrazilusa.com\/pt\/wp-json\/wp\/v2\/comments?post=92143"}],"version-history":[{"count":1,"href":"https:\/\/tvbrazilusa.com\/pt\/wp-json\/wp\/v2\/posts\/92143\/revisions"}],"predecessor-version":[{"id":92145,"href":"https:\/\/tvbrazilusa.com\/pt\/wp-json\/wp\/v2\/posts\/92143\/revisions\/92145"}],"wp:featuredmedia":[{"embeddable":true,"href":"https:\/\/tvbrazilusa.com\/pt\/wp-json\/wp\/v2\/media\/92144"}],"wp:attachment":[{"href":"https:\/\/tvbrazilusa.com\/pt\/wp-json\/wp\/v2\/media?parent=92143"}],"wp:term":[{"taxonomy":"category","embeddable":true,"href":"https:\/\/tvbrazilusa.com\/pt\/wp-json\/wp\/v2\/categories?post=92143"},{"taxonomy":"post_tag","embeddable":true,"href":"https:\/\/tvbrazilusa.com\/pt\/wp-json\/wp\/v2\/tags?post=92143"}],"curies":[{"name":"wp","href":"https:\/\/api.w.org\/{rel}","templated":true}]}}