{"id":92164,"date":"2025-01-15T22:21:59","date_gmt":"2025-01-15T22:21:59","guid":{"rendered":"https:\/\/tvbrazilusa.com\/2025\/01\/15\/urgente-pf-vai-investigar-politicos-por-falas-sobre-monitoramento-do-pix\/"},"modified":"2025-01-15T22:22:00","modified_gmt":"2025-01-15T22:22:00","slug":"urgente-pf-vai-investigar-politicos-por-falas-sobre-monitoramento-do-pix","status":"publish","type":"post","link":"https:\/\/tvbrazilusa.com\/pt\/2025\/01\/15\/urgente-pf-vai-investigar-politicos-por-falas-sobre-monitoramento-do-pix\/","title":{"rendered":"URGENTE: PF vai investigar pol\u00edticos por falas sobre monitoramento do Pix"},"content":{"rendered":"<p> <script async src=\"https:\/\/pagead2.googlesyndication.com\/pagead\/js\/adsbygoogle.js?client=ca-pub-8864793242727901\"\r\n     crossorigin=\"anonymous\"><\/script><br \/>\n<\/p>\n<div id=\"taboola-read-more\" style=\"display:block; width:100%\">\n<p>O advogado-geral da Uni\u00e3o, Jorge Messias, disse ter acionado a Pol\u00edcia Federal (PF) para investigar os \u201catores que criaram essa narrativa\u201d de que o Pix no Brasil seria taxado. O an\u00fancio ocorreu nesta quarta-feira, 15, depois de o governo Lula recuar e revogar o monitoramento dessas transa\u00e7\u00f5es acima de R$ 5 mil.\n<\/p>\n<p>Messias disse que discursos produzidos por \u201cesses pol\u00edticos\u201d levaram e \u201cestimularam pessoas de boa f\u00e9, comerciantes, cidad\u00e3os em geral\u201d a ca\u00edrem em golpes contra a economia popular.<\/p>\n<p>\u201cEnt\u00e3o, n\u00f3s identificamos crimes contra a economia popular e \u00e9 por isso que n\u00f3s estamos pedindo \u00e0 Pol\u00edcia Federal que abra o inqu\u00e9rito para investigar todos os crimes contra a economia popular e tamb\u00e9m crimes utilizando os s\u00edmbolos, a logomarca do governo federal, do Minist\u00e9rio da Fazenda e da Secretaria da Receita Federal\u201d, declarou.\n<\/p>\n<p>Nas redes sociais, parlamentares da oposi\u00e7\u00e3o do governo Lula se mobilizaram com imenso apoio popular para pressionar pela suspens\u00e3o do monitoramento das transa\u00e7\u00f5es Pix acima de R$ 5 mil para pessoas f\u00edsicas.\n<\/p>\n<p>Em um v\u00eddeo publicado nas redes sociais, o deputado federal Nikolas Ferreira (PL-MG) criticou duramente a medida. O v\u00eddeo teve mais de 200 milh\u00f5es de visualiza\u00e7\u00f5es em cerca de 24h.\n<\/p>\n<p>Haddad diz que parlamentares agiram contra o Estado ao abordar monitoramento do Pix<br \/>Tamb\u00e9m depois da reuni\u00e3o com Lula, o ministro da Fazenda, Fernando Haddad, disse que \u201cesses inescrupulosos, inclusive senador da Rep\u00fablica e deputado federal, agiram contra o Estado brasileiro\u201d.\n<\/p>\n<p>Haddad sinalizou que os discursos com supostas \u201cfake news\u201d causaram um grande \u201cdano\u201d. \u201cEssas pessoas est\u00e3o, na nossa opini\u00e3o, cometendo um crime\u201d, declarou. \u201cPorque quando voc\u00ea desacredita em um instrumento p\u00fablico, voc\u00ea est\u00e1 cometendo um crime.\u201d\n<\/p>\n<p>\u201cEssas pessoas v\u00e3o ter que responder pelo que fizeram\u201d, afirmou. \u201cMas n\u00f3s n\u00e3o queremos contaminar a tramita\u00e7\u00e3o da Medida Provis\u00f3ria no Congresso Nacional, at\u00e9 que se esclare\u00e7a no \u00e2mbito do Congresso o que de fato aconteceu nos \u00faltimos dias em rela\u00e7\u00e3o a uma coisa s\u00e9ria que a Receita Federal estava fazendo.\u201d\n<\/p>\n<p>Fonte: Revista Oeste              <\/p>\n<\/div>\n<p><br \/>\n<br \/><a href=\"https:\/\/diariodobrasilnoticias.com.br\/noticia\/agu-quer-que-pf-investigue-politicos-por-falas-sobre-monitoramento-do-pix-678820703658f\">Source link <\/a><\/p>","protected":false},"excerpt":{"rendered":"<p>O advogado-geral da Uni\u00e3o, Jorge Messias, disse ter acionado a Pol\u00edcia Federal (PF) para investigar os \u201catores que criaram essa narrativa\u201d de que o Pix no Brasil seria taxado. O&hellip;<\/p>","protected":false},"author":1,"featured_media":92165,"comment_status":"closed","ping_status":"open","sticky":false,"template":"","format":"standard","meta":{"content-type":"","footnotes":""},"categories":[16],"tags":[123,2448,5313,1267],"class_list":["post-92164","post","type-post","status-publish","format-standard","has-post-thumbnail","hentry","category-noticias","tag-brasil","tag-diario","tag-noticia","tag-noticias"],"_links":{"self":[{"href":"https:\/\/tvbrazilusa.com\/pt\/wp-json\/wp\/v2\/posts\/92164","targetHints":{"allow":["GET"]}}],"collection":[{"href":"https:\/\/tvbrazilusa.com\/pt\/wp-json\/wp\/v2\/posts"}],"about":[{"href":"https:\/\/tvbrazilusa.com\/pt\/wp-json\/wp\/v2\/types\/post"}],"author":[{"embeddable":true,"href":"https:\/\/tvbrazilusa.com\/pt\/wp-json\/wp\/v2\/users\/1"}],"replies":[{"embeddable":true,"href":"https:\/\/tvbrazilusa.com\/pt\/wp-json\/wp\/v2\/comments?post=92164"}],"version-history":[{"count":1,"href":"https:\/\/tvbrazilusa.com\/pt\/wp-json\/wp\/v2\/posts\/92164\/revisions"}],"predecessor-version":[{"id":92166,"href":"https:\/\/tvbrazilusa.com\/pt\/wp-json\/wp\/v2\/posts\/92164\/revisions\/92166"}],"wp:featuredmedia":[{"embeddable":true,"href":"https:\/\/tvbrazilusa.com\/pt\/wp-json\/wp\/v2\/media\/92165"}],"wp:attachment":[{"href":"https:\/\/tvbrazilusa.com\/pt\/wp-json\/wp\/v2\/media?parent=92164"}],"wp:term":[{"taxonomy":"category","embeddable":true,"href":"https:\/\/tvbrazilusa.com\/pt\/wp-json\/wp\/v2\/categories?post=92164"},{"taxonomy":"post_tag","embeddable":true,"href":"https:\/\/tvbrazilusa.com\/pt\/wp-json\/wp\/v2\/tags?post=92164"}],"curies":[{"name":"wp","href":"https:\/\/api.w.org\/{rel}","templated":true}]}}