{"id":92169,"date":"2025-01-15T22:33:29","date_gmt":"2025-01-15T22:33:29","guid":{"rendered":"https:\/\/tvbrazilusa.com\/2025\/01\/15\/banda-da-pm-do-parana-toca-sertanejo-na-beira-da-praia-para-publico-veja-video\/"},"modified":"2025-01-15T22:33:30","modified_gmt":"2025-01-15T22:33:30","slug":"banda-da-pm-do-parana-toca-sertanejo-na-beira-da-praia-para-publico-veja-video","status":"publish","type":"post","link":"https:\/\/tvbrazilusa.com\/pt\/2025\/01\/15\/banda-da-pm-do-parana-toca-sertanejo-na-beira-da-praia-para-publico-veja-video\/","title":{"rendered":"Banda da PM do Paran\u00e1 toca sertanejo na beira da praia para p\u00fablico; VEJA V\u00cdDEO"},"content":{"rendered":"<p> <script async src=\"https:\/\/pagead2.googlesyndication.com\/pagead\/js\/adsbygoogle.js?client=ca-pub-8864793242727901\"\r\n     crossorigin=\"anonymous\"><\/script><br \/>\n<br \/>Banda da PM do Paran\u00e1 toca sertanejo na beira da praia para p\u00fablico<br \/>\n<br \/><br \/>\n<br \/><a href=\"https:\/\/diariodobrasilnoticias.com.br\/noticia\/banda-da-pm-do-parana-toca-sertanejo-na-beira-da-praia-para-publico-veja-video-67881c86c345d\">Source link <\/a><\/p>","protected":false},"excerpt":{"rendered":"<p>Banda da PM do Paran\u00e1 toca sertanejo na beira da praia para p\u00fablico Source link<\/p>","protected":false},"author":1,"featured_media":92170,"comment_status":"closed","ping_status":"open","sticky":false,"template":"","format":"standard","meta":{"content-type":"","footnotes":""},"categories":[16],"tags":[123,2448,5313,1267],"class_list":["post-92169","post","type-post","status-publish","format-standard","has-post-thumbnail","hentry","category-noticias","tag-brasil","tag-diario","tag-noticia","tag-noticias"],"_links":{"self":[{"href":"https:\/\/tvbrazilusa.com\/pt\/wp-json\/wp\/v2\/posts\/92169","targetHints":{"allow":["GET"]}}],"collection":[{"href":"https:\/\/tvbrazilusa.com\/pt\/wp-json\/wp\/v2\/posts"}],"about":[{"href":"https:\/\/tvbrazilusa.com\/pt\/wp-json\/wp\/v2\/types\/post"}],"author":[{"embeddable":true,"href":"https:\/\/tvbrazilusa.com\/pt\/wp-json\/wp\/v2\/users\/1"}],"replies":[{"embeddable":true,"href":"https:\/\/tvbrazilusa.com\/pt\/wp-json\/wp\/v2\/comments?post=92169"}],"version-history":[{"count":1,"href":"https:\/\/tvbrazilusa.com\/pt\/wp-json\/wp\/v2\/posts\/92169\/revisions"}],"predecessor-version":[{"id":92171,"href":"https:\/\/tvbrazilusa.com\/pt\/wp-json\/wp\/v2\/posts\/92169\/revisions\/92171"}],"wp:featuredmedia":[{"embeddable":true,"href":"https:\/\/tvbrazilusa.com\/pt\/wp-json\/wp\/v2\/media\/92170"}],"wp:attachment":[{"href":"https:\/\/tvbrazilusa.com\/pt\/wp-json\/wp\/v2\/media?parent=92169"}],"wp:term":[{"taxonomy":"category","embeddable":true,"href":"https:\/\/tvbrazilusa.com\/pt\/wp-json\/wp\/v2\/categories?post=92169"},{"taxonomy":"post_tag","embeddable":true,"href":"https:\/\/tvbrazilusa.com\/pt\/wp-json\/wp\/v2\/tags?post=92169"}],"curies":[{"name":"wp","href":"https:\/\/api.w.org\/{rel}","templated":true}]}}