{"id":92172,"date":"2025-01-15T22:46:31","date_gmt":"2025-01-15T22:46:31","guid":{"rendered":"https:\/\/tvbrazilusa.com\/2025\/01\/15\/venezuela-nao-e-governada-por-um-governo-mas-por-uma-organizacao-de-narcotrafico\/"},"modified":"2025-01-15T22:46:32","modified_gmt":"2025-01-15T22:46:32","slug":"venezuela-nao-e-governada-por-um-governo-mas-por-uma-organizacao-de-narcotrafico","status":"publish","type":"post","link":"https:\/\/tvbrazilusa.com\/pt\/2025\/01\/15\/venezuela-nao-e-governada-por-um-governo-mas-por-uma-organizacao-de-narcotrafico\/","title":{"rendered":"&#8216;Venezuela n\u00e3o \u00e9 governada por um governo, mas por uma organiza\u00e7\u00e3o de narcotr\u00e1fico&#8217;"},"content":{"rendered":"<p> <script async src=\"https:\/\/pagead2.googlesyndication.com\/pagead\/js\/adsbygoogle.js?client=ca-pub-8864793242727901\"\r\n     crossorigin=\"anonymous\"><\/script><br \/>\n<\/p>\n<div id=\"taboola-read-more\" style=\"display:block; width:100%\">\n<p>O senador Marco Rubio est\u00e1 se preparando para assumir o cargo de Secret\u00e1rio de Estado dos Estados Unidos.\n<\/p>\n<p>Durante sua sabatina, Rubio adotou um tom s\u00e9rio ao discutir sua vis\u00e3o sobre regimes ditatoriais, mas tamb\u00e9m manteve um tom leve em algumas intera\u00e7\u00f5es com os senadores.<\/p>\n<p>O senador Marco Rubio est\u00e1 se preparando para assumir o cargo de Secret\u00e1rio de Estado dos Estados Unidos.\n<\/p>\n<p>Durante sua sabatina, Rubio adotou um tom s\u00e9rio ao discutir sua vis\u00e3o sobre regimes ditatoriais, mas tamb\u00e9m manteve um tom leve em algumas intera\u00e7\u00f5es com os senadores.\n<\/p>\n<p>O Secret\u00e1rio de Estado ocupa a quarta posi\u00e7\u00e3o na linha de sucess\u00e3o presidencial e \u00e9 o respons\u00e1vel pela pol\u00edtica externa dos EUA.\n<\/p>\n<p>Venezuela e Am\u00e9rica Latina<br \/>O pr\u00f3ximo Secret\u00e1rio de Estado dos Estados Unidos acusou a Venezuela de ser governada por uma \u201corganiza\u00e7\u00e3o narcotraficante\u201d e alertou que iranianos j\u00e1 est\u00e3o produzindo drones no pa\u00eds sul-americano.\n<\/p>\n<p>\u201cLamentavelmente, Venezuela n\u00e3o \u00e9 governada por um governo, mas por uma organiza\u00e7\u00e3o de narcotr\u00e1fico que se empoderou como um Estado nacional\u201d, disse Rubio, criticando, em seguida, a administra\u00e7\u00e3o Biden por ter acreditado que Maduro cumpriria os acordos de Barbados.\n<\/p>\n<p>Ele tamb\u00e9m expressou preocupa\u00e7\u00e3o com a crescente presen\u00e7a da China na Am\u00e9rica Latina e manifestou seu desejo de focar na regi\u00e3o em sua nova fun\u00e7\u00e3o, algo considerado sem precedentes por muitos aliados.\n<\/p>\n<p>Nos \u00faltimos dois anos, Rubio tem criticado e atuado nos bastidores, acusando o governo Lula de ajudar Nicolas Maduro e outros l\u00edderes de esquerda na regi\u00e3o.\n<\/p>\n<p>R\u00fassia e Otan<br \/>A senadora Jeanne Shaheen (D-New Hampshire), principal democrata do painel, destacou a qualifica\u00e7\u00e3o de Rubio para o cargo, mas questionou suas perspectivas sobre alian\u00e7as dos EUA com a Otan e a Ucr\u00e2nia.\n<\/p>\n<p>Em resposta, Rubio afirmou que seguiria as diretrizes de Trump como chefe do Departamento de Estado, reiterou seu compromisso com a defesa da Otan e criticou o ditador russo Vladimir Putin.\n<\/p>\n<p>\u201cN\u00e3o h\u00e1 d\u00favida disso, mas esta guerra precisa terminar\u201d, disse Rubio. \u201cE eu acho que deveria ser a pol\u00edtica oficial dos Estados Unidos que queremos v\u00ea-la chegar ao fim.\u201d\n<\/p>\n<p>Ele acrescentou que Putin busca ter m\u00e1xima influ\u00eancia na situa\u00e7\u00e3o atual, mas que a Ucr\u00e2nia tamb\u00e9m deve ter seu espa\u00e7o negociador.\n<\/p>\n<p>Israel e Hamas<br \/>Rubio comentou ainda sobre as negocia\u00e7\u00f5es em andamento para um poss\u00edvel cessar-fogo entre Israel e Hamas e expressou otimismo quanto \u00e0 colabora\u00e7\u00e3o entre as administra\u00e7\u00f5es Biden e Trump durante o per\u00edodo de transi\u00e7\u00e3o para garantir a liberta\u00e7\u00e3o imediata de ref\u00e9ns.\n<\/p>\n<p>Confirma\u00e7\u00e3o de Rubio<br \/>A trajet\u00f3ria para a confirma\u00e7\u00e3o de Rubio parece ser mais tranquila do que a enfrentada por outros indicados por Trump at\u00e9 agora. Como um membro experiente do Comit\u00ea de Rela\u00e7\u00f5es Exteriores do Senado, ele \u00e9 amplamente conhecido pelos legisladores que o interrogam.\n<\/p>\n<p>Caso seja confirmado, o republicano da Fl\u00f3rida se tornar\u00e1 o primeiro latino a ocupar o cargo mais alto da diplomacia americana.\n<\/p>\n<p>Nascido na Fl\u00f3rida como filho de imigrantes cubanos, foi eleito senador pela primeira vez em 2010 e construiu uma reputa\u00e7\u00e3o como uma voz forte contra regimes autorit\u00e1rios na China, Ir\u00e3, Cuba e Venezuela.\n<\/p>\n<p>Fonte: O Antagonista              <\/p>\n<\/div>\n<p><br \/>\n<br \/><a href=\"https:\/\/diariodobrasilnoticias.com.br\/noticia\/-venezuela-nao-e-governada-por-um-governo-mas-por-uma-organizacao-de-narcotrafico-678822896c4f8\">Source link <\/a><\/p>","protected":false},"excerpt":{"rendered":"<p>O senador Marco Rubio est\u00e1 se preparando para assumir o cargo de Secret\u00e1rio de Estado dos Estados Unidos. Durante sua sabatina, Rubio adotou um tom s\u00e9rio ao discutir sua vis\u00e3o&hellip;<\/p>","protected":false},"author":1,"featured_media":92173,"comment_status":"closed","ping_status":"open","sticky":false,"template":"","format":"standard","meta":{"content-type":"","footnotes":""},"categories":[16],"tags":[123,2448,5313,1267],"class_list":["post-92172","post","type-post","status-publish","format-standard","has-post-thumbnail","hentry","category-noticias","tag-brasil","tag-diario","tag-noticia","tag-noticias"],"_links":{"self":[{"href":"https:\/\/tvbrazilusa.com\/pt\/wp-json\/wp\/v2\/posts\/92172","targetHints":{"allow":["GET"]}}],"collection":[{"href":"https:\/\/tvbrazilusa.com\/pt\/wp-json\/wp\/v2\/posts"}],"about":[{"href":"https:\/\/tvbrazilusa.com\/pt\/wp-json\/wp\/v2\/types\/post"}],"author":[{"embeddable":true,"href":"https:\/\/tvbrazilusa.com\/pt\/wp-json\/wp\/v2\/users\/1"}],"replies":[{"embeddable":true,"href":"https:\/\/tvbrazilusa.com\/pt\/wp-json\/wp\/v2\/comments?post=92172"}],"version-history":[{"count":1,"href":"https:\/\/tvbrazilusa.com\/pt\/wp-json\/wp\/v2\/posts\/92172\/revisions"}],"predecessor-version":[{"id":92174,"href":"https:\/\/tvbrazilusa.com\/pt\/wp-json\/wp\/v2\/posts\/92172\/revisions\/92174"}],"wp:featuredmedia":[{"embeddable":true,"href":"https:\/\/tvbrazilusa.com\/pt\/wp-json\/wp\/v2\/media\/92173"}],"wp:attachment":[{"href":"https:\/\/tvbrazilusa.com\/pt\/wp-json\/wp\/v2\/media?parent=92172"}],"wp:term":[{"taxonomy":"category","embeddable":true,"href":"https:\/\/tvbrazilusa.com\/pt\/wp-json\/wp\/v2\/categories?post=92172"},{"taxonomy":"post_tag","embeddable":true,"href":"https:\/\/tvbrazilusa.com\/pt\/wp-json\/wp\/v2\/tags?post=92172"}],"curies":[{"name":"wp","href":"https:\/\/api.w.org\/{rel}","templated":true}]}}