{"id":92190,"date":"2025-01-15T23:12:33","date_gmt":"2025-01-15T23:12:33","guid":{"rendered":"https:\/\/tvbrazilusa.com\/2025\/01\/15\/homem-que-cresceu-em-bloomfield-entre-os-primeiros-americanos-a-serem-libertados-de-gaza-na-primeira-fase-do-acordo-de-cessar-fogo\/"},"modified":"2025-01-15T23:33:12","modified_gmt":"2025-01-15T23:33:12","slug":"homem-que-cresceu-em-bloomfield-entre-os-primeiros-americanos-a-serem-libertados-de-gaza-na-primeira-fase-do-acordo-de-cessar-fogo","status":"publish","type":"post","link":"https:\/\/tvbrazilusa.com\/pt\/2025\/01\/15\/homem-que-cresceu-em-bloomfield-entre-os-primeiros-americanos-a-serem-libertados-de-gaza-na-primeira-fase-do-acordo-de-cessar-fogo\/","title":{"rendered":"Homem que cresceu em Bloomfield entre os primeiros americanos a serem libertados de Gaza na primeira fase do acordo de cessar-fogo"},"content":{"rendered":"<script async src=\"https:\/\/pagead2.googlesyndication.com\/pagead\/js\/adsbygoogle.js?client=ca-pub-8864793242727901\"\r\n     crossorigin=\"anonymous\"><\/script>\n<p>NEW HAVEN, Connecticut (WTNH) \u2013 Um homem que cresceu em Bloomfield e outro americano est\u00e3o <a href=\"https:\/\/www.wtnh.com\/hill-politics\/two-americans-to-be-released-from-gaza-in-first-phase-of-ceasefire-deal\/\" data-type=\"link\" data-id=\"https:\/\/www.wtnh.com\/hill-politics\/two-americans-to-be-released-from-gaza-in-first-phase-of-ceasefire-deal\/\">dever\u00e1 ser libertado como parte da primeira fase do acordo de cessar-fogo Israel-Hamas<\/a> que surgiu na quarta-feira depois de ter sido detido durante 15 meses pelo Hamas desde o in\u00edcio da guerra em Gaza, de acordo com um alto funcion\u00e1rio da administra\u00e7\u00e3o.<\/p>\n<div class=\"nlp-ignore-block article-content rich-text\">\n<aside class=\"promo-link\">\n\t<a href=\"https:\/\/www.wtnh.com\/news\/national\/israel-and-hamas-agree-to-a-gaza-ceasefire-officials-say\/?ipid=promo-link-block1\" class=\"promo-link__link\"><\/p>\n<p>\t\tAutoridades apregoam cessar-fogo em Gaza e acordo de ref\u00e9ns enquanto Israel diz que os detalhes ainda est\u00e3o mudando\t<\/a><br \/>\n<\/aside>\n<\/div>\n<p><a href=\"https:\/\/www.wtnh.com\/news\/connecticut\/hartford\/man-who-grew-up-in-bloomfield-among-hamas-hostages-family-says\/\" data-type=\"post\" data-id=\"1600236\">Sagui Dekel-Chen foi feito ref\u00e9m<\/a> ap\u00f3s os ataques de 7 de outubro de 2023. Dekel-Chen, que tem dupla cidadania americana e israelense, foi visto pela \u00faltima vez beijando sua esposa gr\u00e1vida enquanto trancava ela e suas duas filhas em um quarto seguro.<\/p>\n<p>O acordo inclui a liberta\u00e7\u00e3o de homens mais velhos e feridos em 7 de outubro, dos quais se aplicam Dekel-Chen e Keith Siegel. A primeira fase inclui no total a liberta\u00e7\u00e3o de ref\u00e9ns que s\u00e3o mulheres, idosos do sexo masculino e doentes e feridos.<\/p>\n<div class=\"nlp-ignore-block article-content rich-text\">\n<aside class=\"promo-link\">\n\t<a href=\"https:\/\/www.wtnh.com\/news\/connecticut\/how-connecticut-lawmakers-are-reacting-to-the-israel-hamas-ceasefire-deal\/?ipid=promo-link-block2\" class=\"promo-link__link\"><\/p>\n<p>\t\tComo Connecticut est\u00e1 reagindo ao acordo de cessar-fogo Israel-Hamas\t<\/a><br \/>\n<\/aside>\n<\/div>\n<p>O terceiro americano detido pelo Hamas, Edan Alexander, \u00e9 um americano-israelense de 21 anos que serviu nas FDI. Soldados uniformizados fazem parte da segunda fase do acordo. <\/p>\n<p>\u201cVeremos \u2013 e n\u00e3o quero dizer at\u00e9 que realmente os vejamos \u2013 mas Keith Siegel e Sagui Dekel-Chen sair\u00e3o no primeiro dia, e Edan sair\u00e1 de Gaza, sem d\u00favida\u201d, disse o oficial disse.<\/p>\n<div class=\"nlp-ignore-block article-content rich-text\">\n<aside class=\"promo-link\">\n\t<a href=\"https:\/\/www.wtnh.com\/news\/connecticut\/hartford\/family-of-hamas-hostage-with-bloomfield-ties-to-attend-state-of-the-union\/?ipid=promo-link-block3\" class=\"promo-link__link\"><\/p>\n<p>\t\tFam\u00edlia de ref\u00e9ns do Hamas com la\u00e7os com Bloomfield participar\u00e1 do Estado da Uni\u00e3o\t<\/a><br \/>\n<\/aside>\n<\/div>\n<p>A administra\u00e7\u00e3o est\u00e1 em contacto regular com as fam\u00edlias dos americanos detidos e est\u00e1 \u201cempenhada\u201d em retir\u00e1-los todos, vivos ou n\u00e3o, segundo o respons\u00e1vel.<\/p>\n<p><em>The Hill contribuiu para este relat\u00f3rio.<\/em> <em>Volte para atualiza\u00e7\u00f5es.<\/em><\/p>\n<p><br \/>\n<br \/><a href=\"https:\/\/www.wtnh.com\/news\/connecticut\/man-who-grew-up-in-bloomfield-among-first-americans-to-be-released-from-gaza-in-first-phase-of-ceasefire-deal\/\">Source link <\/a><\/p>","protected":false},"excerpt":{"rendered":"<p>NEW HAVEN, Connecticut (WTNH) \u2013 Um homem que cresceu em Bloomfield e outro americano est\u00e3o dever\u00e1 ser libertado como parte da primeira fase do acordo de cessar-fogo Israel-Hamas que surgiu&hellip;<\/p>","protected":false},"author":1,"featured_media":92191,"comment_status":"closed","ping_status":"open","sticky":false,"template":"","format":"standard","meta":{"content-type":"","footnotes":""},"categories":[1],"tags":[],"class_list":["post-92190","post","type-post","status-publish","format-standard","has-post-thumbnail","hentry","category-uncategorized"],"_links":{"self":[{"href":"https:\/\/tvbrazilusa.com\/pt\/wp-json\/wp\/v2\/posts\/92190","targetHints":{"allow":["GET"]}}],"collection":[{"href":"https:\/\/tvbrazilusa.com\/pt\/wp-json\/wp\/v2\/posts"}],"about":[{"href":"https:\/\/tvbrazilusa.com\/pt\/wp-json\/wp\/v2\/types\/post"}],"author":[{"embeddable":true,"href":"https:\/\/tvbrazilusa.com\/pt\/wp-json\/wp\/v2\/users\/1"}],"replies":[{"embeddable":true,"href":"https:\/\/tvbrazilusa.com\/pt\/wp-json\/wp\/v2\/comments?post=92190"}],"version-history":[{"count":1,"href":"https:\/\/tvbrazilusa.com\/pt\/wp-json\/wp\/v2\/posts\/92190\/revisions"}],"predecessor-version":[{"id":92192,"href":"https:\/\/tvbrazilusa.com\/pt\/wp-json\/wp\/v2\/posts\/92190\/revisions\/92192"}],"wp:featuredmedia":[{"embeddable":true,"href":"https:\/\/tvbrazilusa.com\/pt\/wp-json\/wp\/v2\/media\/92191"}],"wp:attachment":[{"href":"https:\/\/tvbrazilusa.com\/pt\/wp-json\/wp\/v2\/media?parent=92190"}],"wp:term":[{"taxonomy":"category","embeddable":true,"href":"https:\/\/tvbrazilusa.com\/pt\/wp-json\/wp\/v2\/categories?post=92190"},{"taxonomy":"post_tag","embeddable":true,"href":"https:\/\/tvbrazilusa.com\/pt\/wp-json\/wp\/v2\/tags?post=92190"}],"curies":[{"name":"wp","href":"https:\/\/api.w.org\/{rel}","templated":true}]}}