{"id":92207,"date":"2025-01-16T00:19:34","date_gmt":"2025-01-16T00:19:34","guid":{"rendered":"https:\/\/tvbrazilusa.com\/2025\/01\/16\/biden-publica-carta-de-despedida\/"},"modified":"2025-01-16T00:19:36","modified_gmt":"2025-01-16T00:19:36","slug":"biden-publica-carta-de-despedida","status":"publish","type":"post","link":"https:\/\/tvbrazilusa.com\/pt\/2025\/01\/16\/biden-publica-carta-de-despedida\/","title":{"rendered":"Biden publica carta de despedida"},"content":{"rendered":"<p> <script async src=\"https:\/\/pagead2.googlesyndication.com\/pagead\/js\/adsbygoogle.js?client=ca-pub-8864793242727901\"\r\n     crossorigin=\"anonymous\"><\/script><br \/>\n<\/p>\n<div>\n<figure class=\"post-image\">\n<\/figure>\n<p>            <span style=\"font-size: 12px\"> Foto: EFE\/EPA\/AARON SCHWARTZ \/ POOL<\/span><\/p>\n<p>            <!-- end metas --><br \/>\n            <!-- ADS --><\/p>\n<div id=\"taboola-read-more\" style=\"display:block; width:100%\">\n<p>O presidente dos Estados Unidos, Joe Biden, far\u00e1 um discurso de despedida, nesta quarta-feira (15). O democrata j\u00e1 publicou uma carta na qual critica Donald Trump, por\u00e9m sem mencionar o republicano.\n<\/p>\n<p>No texto, Biden diz que se candidatou porque acreditava que a alma do pa\u00eds estava em jogo. Para ele, \u201cesse continua sendo o caso\u201d.<\/p>\n<p>Eu me candidatei \u00e0 Presid\u00eancia porque acreditava que a alma da Am\u00e9rica estava em jogo. A pr\u00f3pria natureza de quem somos estava em jogo. E esse continua sendo o caso \u2013 disse.\n<\/p>\n<p>E acrescentou:\n<\/p>\n<p>\u2013 A hist\u00f3ria est\u00e1 em suas m\u00e3os. O poder est\u00e1 em suas m\u00e3os. A ideia dos Estados Unidos est\u00e1 em suas m\u00e3os. S\u00f3 temos que manter a f\u00e9 e lembrar quem somos.\n<\/p>\n<p>Segundo ele, os EUA est\u00e3o mais fortes do que h\u00e1 quatro anos, quando definharam na esteira do primeiro mandato de Trump, da pandemia de Covid-19 e do que chamou de \u201co pior ataque\u201d \u00e0 \u201cdemocracia desde a guerra civil\u201d. As informa\u00e7\u00f5es s\u00e3o da AFP.\n<\/p>\n<p>Fonte: Pleno News              <\/p>\n<\/div>\n<p>                        <!-- Scripts para conteudo --><\/p>\n<p>            <!-- .\/Scripts para conteudo --><br \/>\n            <!-- .\/Mat\u00e9ria --><\/p>\n<div class=\"row mt-3\">\n<div class=\"col-sm-6\">\n                <!-- Whatsapp channel 3--><br \/>\n                <a href=\"https:\/\/chat.whatsapp.com\/B8Qy6Erx4kb6yTzj3kaDco\" target=\"_blank\"><br \/>\n                  <img decoding=\"async\" src=\"https:\/\/diariodobrasilnoticias.com.br\/assets-site\/images\/bot_whatsapp.png\"\/><\/a>\n              <\/div>\n<div class=\"col-sm-6\">\n                <a href=\"https:\/\/t.me\/+_4gTmi5LKo03OTM5\" target=\"_blank\"><br \/>\n                  <img decoding=\"async\" src=\"https:\/\/diariodobrasilnoticias.com.br\/assets-site\/images\/bot_telegram.png\"\/><\/a>\n              <\/div>\n<\/p><\/div>\n<p>            <!-- end post-navigation --><\/p>\n<p>              <!-- end row --><\/p>\n<p>              <!-- end col-12-->\n                      <\/div>\n<p><br \/>\n<br \/><a href=\"https:\/\/diariodobrasilnoticias.com.br\/noticia\/biden-publica-carta-de-despedida-67882aaad3ae2\">Source link <\/a><\/p>","protected":false},"excerpt":{"rendered":"<p>Foto: EFE\/EPA\/AARON SCHWARTZ \/ POOL O presidente dos Estados Unidos, Joe Biden, far\u00e1 um discurso de despedida, nesta quarta-feira (15). O democrata j\u00e1 publicou uma carta na qual critica Donald&hellip;<\/p>","protected":false},"author":1,"featured_media":92208,"comment_status":"closed","ping_status":"open","sticky":false,"template":"","format":"standard","meta":{"content-type":"","footnotes":""},"categories":[16],"tags":[123,2448,5313,1267],"class_list":["post-92207","post","type-post","status-publish","format-standard","has-post-thumbnail","hentry","category-noticias","tag-brasil","tag-diario","tag-noticia","tag-noticias"],"_links":{"self":[{"href":"https:\/\/tvbrazilusa.com\/pt\/wp-json\/wp\/v2\/posts\/92207","targetHints":{"allow":["GET"]}}],"collection":[{"href":"https:\/\/tvbrazilusa.com\/pt\/wp-json\/wp\/v2\/posts"}],"about":[{"href":"https:\/\/tvbrazilusa.com\/pt\/wp-json\/wp\/v2\/types\/post"}],"author":[{"embeddable":true,"href":"https:\/\/tvbrazilusa.com\/pt\/wp-json\/wp\/v2\/users\/1"}],"replies":[{"embeddable":true,"href":"https:\/\/tvbrazilusa.com\/pt\/wp-json\/wp\/v2\/comments?post=92207"}],"version-history":[{"count":1,"href":"https:\/\/tvbrazilusa.com\/pt\/wp-json\/wp\/v2\/posts\/92207\/revisions"}],"predecessor-version":[{"id":92209,"href":"https:\/\/tvbrazilusa.com\/pt\/wp-json\/wp\/v2\/posts\/92207\/revisions\/92209"}],"wp:featuredmedia":[{"embeddable":true,"href":"https:\/\/tvbrazilusa.com\/pt\/wp-json\/wp\/v2\/media\/92208"}],"wp:attachment":[{"href":"https:\/\/tvbrazilusa.com\/pt\/wp-json\/wp\/v2\/media?parent=92207"}],"wp:term":[{"taxonomy":"category","embeddable":true,"href":"https:\/\/tvbrazilusa.com\/pt\/wp-json\/wp\/v2\/categories?post=92207"},{"taxonomy":"post_tag","embeddable":true,"href":"https:\/\/tvbrazilusa.com\/pt\/wp-json\/wp\/v2\/tags?post=92207"}],"curies":[{"name":"wp","href":"https:\/\/api.w.org\/{rel}","templated":true}]}}