{"id":92238,"date":"2025-01-16T02:00:26","date_gmt":"2025-01-16T02:00:26","guid":{"rendered":"https:\/\/tvbrazilusa.com\/2025\/01\/16\/governo-brasileiro-faz-declaracoes-sobre-o-cessar-fogo-na-faixa-de-gaza\/"},"modified":"2025-01-16T02:00:28","modified_gmt":"2025-01-16T02:00:28","slug":"governo-brasileiro-faz-declaracoes-sobre-o-cessar-fogo-na-faixa-de-gaza","status":"publish","type":"post","link":"https:\/\/tvbrazilusa.com\/pt\/2025\/01\/16\/governo-brasileiro-faz-declaracoes-sobre-o-cessar-fogo-na-faixa-de-gaza\/","title":{"rendered":"Governo brasileiro faz declara\u00e7\u00f5es sobre o cessar-fogo na Faixa de Gaza"},"content":{"rendered":"<p> <script async src=\"https:\/\/pagead2.googlesyndication.com\/pagead\/js\/adsbygoogle.js?client=ca-pub-8864793242727901\"\r\n     crossorigin=\"anonymous\"><\/script><br \/>\n<\/p>\n<div id=\"taboola-read-more\" style=\"display:block; width:100%\">\n<p>O Minist\u00e9rio das Rela\u00e7\u00f5es Exteriores (MRE) se manifestou sobre o acordo de cessar-fogo entre Israel e Hamas para interromper das hostilidades na Faixa de Gaza. Em nota, o governo brasileiro comemorou a decis\u00e3o.\n<\/p>\n<p>\u201cSe confirmado oficialmente pelas partes envolvidas, o acordo interrompe conflito que, em 15 meses, vitimou fatalmente mais de 46 mil palestinos, com grande propor\u00e7\u00e3o de mulheres e crian\u00e7as, e mais de 1.200 israelenses, al\u00e9m de mais de 160 jornalistas e 265 funcion\u00e1rios das Na\u00e7\u00f5es Unidas\u201d, diz o comunicado do Itamaraty.<\/p>\n<p>Cessar-fogo\n<\/p>\n<p>A informa\u00e7\u00e3o sobre o acordo foi divulgada nesta quarta-feira (15\/1) pelo presidente eleito dos Estados Unidos, Donald Trump.<br \/>Segundo o republicano, os ref\u00e9ns da guerra devem ser libertados em breve.<br \/>Desde agosto de 2024, uma proposta de cessar-fogo entre Israel e Hamas \u00e9 discutida com a media\u00e7\u00e3o de Catar, Estados Unidos e Egito.<br \/>Ao longo dos meses, no entanto, as discuss\u00f5es n\u00e3o avan\u00e7aram em meio a desentendimentos de ambos os lados sobre os termos da proposta.<br \/>O esbo\u00e7o da proposta de paz para a Faixa de Gaza foi apresentada pelo presidente dos EUA, Joe Biden, em maio do \u00faltimo ano. Ela foi aprovada no Conselho de Seguran\u00e7a da ONU meses depois, como uma resolu\u00e7\u00e3o.<br \/>No comunicado, o governo brasileiro tamb\u00e9m estimula as autoridades envolvidas a respeitarem \u201cos termos do acordo e a garantirem a cessa\u00e7\u00e3o permanente das hostilidades, a liberta\u00e7\u00e3o de todos os ref\u00e9ns e a entrada desimpedida de ajuda humanit\u00e1ria a Gaza, assim como a assegurarem as condi\u00e7\u00f5es necess\u00e1rias para o in\u00edcio do urgente processo de reconstru\u00e7\u00e3o de sua infraestrutura civil\u201d.\n<\/p>\n<p>\u201cO Brasil apela pela retomada imediata do processo de paz entre israelenses e palestinos e reitera seu compromisso com a solu\u00e7\u00e3o de dois Estados, com um Estado da Palestina independente e vi\u00e1vel, vivendo lado a lado com Israel, em paz e seguran\u00e7a, dentro das fronteiras de 1967, que inclui a Faixa de Gaza e a Cisjord\u00e2nia, tendo Jerusal\u00e9m Oriental como sua capital\u201d, finaliza a nota.\n<\/p>\n<p>Fonte: Metr\u00f3poles              <\/p>\n<\/div>\n<p><br \/>\n<br \/><a href=\"https:\/\/diariodobrasilnoticias.com.br\/noticia\/governo-brasileiro-faz-declaracoes-sobre-o-cessar-fogo-na-faixa-de-gaza-678842eb65707\">Source link <\/a><\/p>","protected":false},"excerpt":{"rendered":"<p>O Minist\u00e9rio das Rela\u00e7\u00f5es Exteriores (MRE) se manifestou sobre o acordo de cessar-fogo entre Israel e Hamas para interromper das hostilidades na Faixa de Gaza. Em nota, o governo brasileiro&hellip;<\/p>","protected":false},"author":1,"featured_media":92239,"comment_status":"closed","ping_status":"open","sticky":false,"template":"","format":"standard","meta":{"content-type":"","footnotes":""},"categories":[16],"tags":[123,2448,5313,1267],"class_list":["post-92238","post","type-post","status-publish","format-standard","has-post-thumbnail","hentry","category-noticias","tag-brasil","tag-diario","tag-noticia","tag-noticias"],"_links":{"self":[{"href":"https:\/\/tvbrazilusa.com\/pt\/wp-json\/wp\/v2\/posts\/92238","targetHints":{"allow":["GET"]}}],"collection":[{"href":"https:\/\/tvbrazilusa.com\/pt\/wp-json\/wp\/v2\/posts"}],"about":[{"href":"https:\/\/tvbrazilusa.com\/pt\/wp-json\/wp\/v2\/types\/post"}],"author":[{"embeddable":true,"href":"https:\/\/tvbrazilusa.com\/pt\/wp-json\/wp\/v2\/users\/1"}],"replies":[{"embeddable":true,"href":"https:\/\/tvbrazilusa.com\/pt\/wp-json\/wp\/v2\/comments?post=92238"}],"version-history":[{"count":1,"href":"https:\/\/tvbrazilusa.com\/pt\/wp-json\/wp\/v2\/posts\/92238\/revisions"}],"predecessor-version":[{"id":92240,"href":"https:\/\/tvbrazilusa.com\/pt\/wp-json\/wp\/v2\/posts\/92238\/revisions\/92240"}],"wp:featuredmedia":[{"embeddable":true,"href":"https:\/\/tvbrazilusa.com\/pt\/wp-json\/wp\/v2\/media\/92239"}],"wp:attachment":[{"href":"https:\/\/tvbrazilusa.com\/pt\/wp-json\/wp\/v2\/media?parent=92238"}],"wp:term":[{"taxonomy":"category","embeddable":true,"href":"https:\/\/tvbrazilusa.com\/pt\/wp-json\/wp\/v2\/categories?post=92238"},{"taxonomy":"post_tag","embeddable":true,"href":"https:\/\/tvbrazilusa.com\/pt\/wp-json\/wp\/v2\/tags?post=92238"}],"curies":[{"name":"wp","href":"https:\/\/api.w.org\/{rel}","templated":true}]}}