{"id":92246,"date":"2025-01-16T02:29:54","date_gmt":"2025-01-16T02:29:54","guid":{"rendered":"https:\/\/tvbrazilusa.com\/2025\/01\/16\/urgente-stf-encaminha-acao-contra-zema-e-nikolas-ferreira-sobre-cartao-de-vacinacao\/"},"modified":"2025-01-16T02:29:55","modified_gmt":"2025-01-16T02:29:55","slug":"urgente-stf-encaminha-acao-contra-zema-e-nikolas-ferreira-sobre-cartao-de-vacinacao","status":"publish","type":"post","link":"https:\/\/tvbrazilusa.com\/pt\/2025\/01\/16\/urgente-stf-encaminha-acao-contra-zema-e-nikolas-ferreira-sobre-cartao-de-vacinacao\/","title":{"rendered":"URGENTE: STF encaminha a\u00e7\u00e3o contra Zema e Nikolas Ferreira sobre cart\u00e3o de vacina\u00e7\u00e3o"},"content":{"rendered":"<p> <script async src=\"https:\/\/pagead2.googlesyndication.com\/pagead\/js\/adsbygoogle.js?client=ca-pub-8864793242727901\"\r\n     crossorigin=\"anonymous\"><\/script><br \/>\n<\/p>\n<div id=\"taboola-read-more\" style=\"display:block; width:100%\">\n<p>O STF enviou \u00e0 PGR, na \u00faltima quinta-feira, 9, uma a\u00e7\u00e3o contra o governador Romeu Zema e Nikolas Ferreira por terem se manifestado contra a obrigatoriedade de cart\u00f5es de vacina\u00e7\u00e3o contra Covid-19 em escolas estaduais de Minas Gerais. Alexandre de Moraes negou o seguimento da a\u00e7\u00e3o no dia 23 de dezembro.\n<\/p>\n<p>A reclama\u00e7\u00e3o constitucional pediu que o STF derrubasse uma suposta decis\u00e3o de Zema de n\u00e3o cobrar o cart\u00e3o de vacina\u00e7\u00e3o em escolas estaduais.<\/p>\n<p>Moraes, no entanto, alegou que n\u00e3o houve qualquer medida oficial do governo sobre o tema al\u00e9m da fala do governador mineiro e do deputado bolsonarista.\n<\/p>\n<p>\u201cN\u00e3o h\u00e1 ato espec\u00edfico do governador de Minas Gerais, no \u00e2mbito de suas atribui\u00e7\u00f5es legais, acerca da inexigibilidade da vacina\u00e7\u00e3o infantil. A reclama\u00e7\u00e3o foi ajuizada em face de publica\u00e7\u00e3o realizada nas redes sociais na qual informa que n\u00e3o exigir\u00e1 a regularidade do cart\u00e3o vacinal para a matr\u00edcula dos estudantes na escola p\u00fablica\u201d, disse o ministro na decis\u00e3o.\n<\/p>\n<p>A a\u00e7\u00e3o foi movida pela deputada federal C\u00e9lia Xakriab\u00e1, do PSOL-MG, pela deputada estadual Bella Gon\u00e7alves, tamb\u00e9m do PSOL-MG, e pelas vereadoras de Belo Horizonte Iza Louren\u00e7a, igualmente do PSOL.\n<\/p>\n<p>Em fevereiro de 2024, na \u00e9poca em que o v\u00eddeo foi compartilhado, Zema disse, ao lado dos parlamentares, que \u201ctodo aluno, independente de ter ou n\u00e3o vacinado, ter\u00e1 acesso \u00e0s escolas\u201d. Antes disso, Nikolas afirmou que o comunicado do governador estaria relacionado \u00e0 \u201cliberdade\u201d dos estudantes.\n<\/p>\n<p>Fonte: Estado de Minas              <\/p>\n<\/div>\n<p><br \/>\n<br \/><a href=\"https:\/\/diariodobrasilnoticias.com.br\/noticia\/urgente-stf-encaminha-acao-contra-zema-e-nikolas-ferreira-sobre-cartao-de-vacinacao-6788465403eb9\">Source link <\/a><\/p>","protected":false},"excerpt":{"rendered":"<p>O STF enviou \u00e0 PGR, na \u00faltima quinta-feira, 9, uma a\u00e7\u00e3o contra o governador Romeu Zema e Nikolas Ferreira por terem se manifestado contra a obrigatoriedade de cart\u00f5es de vacina\u00e7\u00e3o&hellip;<\/p>","protected":false},"author":1,"featured_media":92247,"comment_status":"closed","ping_status":"open","sticky":false,"template":"","format":"standard","meta":{"content-type":"","footnotes":""},"categories":[16],"tags":[123,2448,5313,1267],"class_list":["post-92246","post","type-post","status-publish","format-standard","has-post-thumbnail","hentry","category-noticias","tag-brasil","tag-diario","tag-noticia","tag-noticias"],"_links":{"self":[{"href":"https:\/\/tvbrazilusa.com\/pt\/wp-json\/wp\/v2\/posts\/92246","targetHints":{"allow":["GET"]}}],"collection":[{"href":"https:\/\/tvbrazilusa.com\/pt\/wp-json\/wp\/v2\/posts"}],"about":[{"href":"https:\/\/tvbrazilusa.com\/pt\/wp-json\/wp\/v2\/types\/post"}],"author":[{"embeddable":true,"href":"https:\/\/tvbrazilusa.com\/pt\/wp-json\/wp\/v2\/users\/1"}],"replies":[{"embeddable":true,"href":"https:\/\/tvbrazilusa.com\/pt\/wp-json\/wp\/v2\/comments?post=92246"}],"version-history":[{"count":1,"href":"https:\/\/tvbrazilusa.com\/pt\/wp-json\/wp\/v2\/posts\/92246\/revisions"}],"predecessor-version":[{"id":92248,"href":"https:\/\/tvbrazilusa.com\/pt\/wp-json\/wp\/v2\/posts\/92246\/revisions\/92248"}],"wp:featuredmedia":[{"embeddable":true,"href":"https:\/\/tvbrazilusa.com\/pt\/wp-json\/wp\/v2\/media\/92247"}],"wp:attachment":[{"href":"https:\/\/tvbrazilusa.com\/pt\/wp-json\/wp\/v2\/media?parent=92246"}],"wp:term":[{"taxonomy":"category","embeddable":true,"href":"https:\/\/tvbrazilusa.com\/pt\/wp-json\/wp\/v2\/categories?post=92246"},{"taxonomy":"post_tag","embeddable":true,"href":"https:\/\/tvbrazilusa.com\/pt\/wp-json\/wp\/v2\/tags?post=92246"}],"curies":[{"name":"wp","href":"https:\/\/api.w.org\/{rel}","templated":true}]}}