{"id":92252,"date":"2025-01-16T02:53:31","date_gmt":"2025-01-16T02:53:31","guid":{"rendered":"https:\/\/tvbrazilusa.com\/2025\/01\/16\/urgente-pgr-se-posiciona-contra-a-ida-de-bolsonaro-a-posse-de-trump\/"},"modified":"2025-01-16T02:53:32","modified_gmt":"2025-01-16T02:53:32","slug":"urgente-pgr-se-posiciona-contra-a-ida-de-bolsonaro-a-posse-de-trump","status":"publish","type":"post","link":"https:\/\/tvbrazilusa.com\/pt\/2025\/01\/16\/urgente-pgr-se-posiciona-contra-a-ida-de-bolsonaro-a-posse-de-trump\/","title":{"rendered":"URGENTE: PGR se posiciona contra a ida de Bolsonaro \u00e0 posse de Trump"},"content":{"rendered":"<p> <script async src=\"https:\/\/pagead2.googlesyndication.com\/pagead\/js\/adsbygoogle.js?client=ca-pub-8864793242727901\"\r\n     crossorigin=\"anonymous\"><\/script><br \/>\n<\/p>\n<div id=\"taboola-read-more\" style=\"display:block; width:100%\">\n<p>A Procuradoria-Geral da Rep\u00fablica (PGR) se manifestou contra o pedido do ex-presidente brasileiro Jair Bolsonaro (PL) para ir aos Estados Unidos a fim de participar da cerim\u00f4nia de posse do presidente eleito, Donald Trump, no dia 20 de janeiro. A PGR tamb\u00e9m tem posicionamento contr\u00e1rio \u00e0 devolu\u00e7\u00e3o, mesmo que tempor\u00e1ria do passaporte do ex-mandat\u00e1rio.\n<\/p>\n<p>O que aconteceu:<\/p>\n<p>O ministro Alexandre de Moraes, do STF, enviou \u00e0 PGR os documentos para que ela se manifestasse sobre pedido de Bolsonaro para ir \u00e0 posse de Trump;<br \/>Bolsonaro teve o passaporte apreendido em opera\u00e7\u00e3o da Pol\u00edcia Federal (PF) que o investiga por suposta tentativa de golpe de Estado;<br \/>Desde fevereiro de 2024, o ex-presidente est\u00e1 proibido de sair do pa\u00eds;<br \/>A defesa de Bolsonaro pediu autoriza\u00e7\u00e3o ao STF para ir \u00e0 posse de Donald Trump com a libera\u00e7\u00e3o de seu passaporte e apresentou e-mail com o convite;<br \/>Moraes pediu esclarecimento sobre o convite enviado pela defesa no pedido de libera\u00e7\u00e3o como tamb\u00e9m mais informa\u00e7\u00f5es porque considerou que o pedido n\u00e3o veio devidamente instru\u00eddo com os documentos necess\u00e1rios;<br \/>Os advogados responderam com o endosso de que o e-mail \u00e9 verdadeiro.<br \/>Agora, o PGR Paulo Gonet se manifestou contra o pedido de Bolsonaro. A decis\u00e3o final fica com Moraes.<br \/>O procurador-Geral da Rep\u00fablica, Paulo Gonet, em sua manifesta\u00e7\u00e3o considerou que o pedido da defesa de Bolsonaro \u201cesbarra na falta de demonstra\u00e7\u00e3o pelo requerente de que o interesse p\u00fablico que determinou a proibi\u00e7\u00e3o da sua sa\u00edda do pa\u00eds deva ceder, no caso, ao interesse privado do requerente de assistir, presencialmente, \u00e0 posse do presidente da Rep\u00fablica do pa\u00eds norte-americano\u201d.\n<\/p>\n<p>Al\u00e9m disso, afirmou que n\u00e3o \u201cevid\u00eancia de interesse p\u00fablico que qualifique como impositiva a ressalva \u00e0 medida de cautela em vigor\u201d. Gonet apontou ainda que Bolsonaro n\u00e3o exerce fun\u00e7\u00e3o que \u201cconfira status de representa\u00e7\u00e3o oficial do Brasil \u00e0 sua presen\u00e7a na cerim\u00f4nia oficial nos Estados Unidos\u201d.\n<\/p>\n<p>O PGR se manifestou ap\u00f3s Alexandre de Moraes, do Supremo Tribunal Federal (STF) enviar a ele documentos apresentados pela defesa de Bolsonaro com o pedido para ir \u00e0 posse.\n<\/p>\n<p>Gonet pontuou que \u201ca medida de reten\u00e7\u00e3o do passaporte visa, obviamente, a impedir que o requerente saia do pa\u00eds e objetiva satisfazer eventual instru\u00e7\u00e3o criminal e aplica\u00e7\u00e3o da lei penal. A cautela se baseia, portanto, em raz\u00e3o de ordem p\u00fablica, com o objetivo de preservar substancial interesse p\u00fablico, no contexto de investiga\u00e7\u00f5es criminais de que resultou\u201d.\n<\/p>\n<p>Pedido da defesa<br \/>Antes de Moraes enviar os documentos \u00e0 PGR, a defesa do ex-presidente Jair Bolsonaro (PL) respondeu a pedido do ministro sobre o convite oficial para a cerim\u00f4nia de Trump.\n<\/p>\n<p>Na a\u00e7\u00e3o, os advogados anexaram o mesmo convite enviado a Eduardo Bolsonaro com o endere\u00e7o de envio do dom\u00ednio \u201ct47inaugural.com\u201d traduzido. Eles justificaram que esse \u00e9 o \u201cendere\u00e7o oficial pertencente ao Comit\u00ea Inaugural Presidencial dos Srs. Donald J. Trump e JD Vance\u201d. Explicaram ainda que \u201cem eventos inaugurais presidenciais nos Estados Unidos, \u00e9 pr\u00e1tica comum a ado\u00e7\u00e3o de dom\u00ednios espec\u00edficos e tempor\u00e1rios criados justamente para o envio de convites e comunica\u00e7\u00f5es formais \u2013 via e-mail\u201d.\n<\/p>\n<p>Al\u00e9m disso, os advogados ressaltaram que o convite foi datado de 8 de janeiro de 2025 e enviado por \u201c<a href=\"https:\/\/diariodobrasilnoticias.com.br\/cdn-cgi\/l\/email-protection\" class=\"__cf_email__\" data-cfemail=\"0a63646c654a7e3e3d63646b7f6d7f786b6624696567\">[email\u00a0protected]<\/a>\u201d ao deputado Eduardo. \u201cNos EUA, diferentemente do Brasil, possivelmente por raz\u00f5es culturais, prestigia-se a boa-f\u00e9 do declarante, in casu, de que o convite enviado por e-mail oficial do comit\u00ea representado por Donald J. Trump \u00e9 verdadeiro, justamente porque mentiras ou omiss\u00f5es propositadas podem levar a rigorosas consequ\u00eancias\u201d, alegou a defesa de Bolsonaro.\n<\/p>\n<p>Dizem ainda que n\u00e3o \u201cn\u00e3o h\u00e1 equ\u00edvoco quanto \u00e0 veracidade do e-mail, haja vista que ao acessar a p\u00e1gina principal do website https:\/\/t47inaugural.com\/ \u00e9 poss\u00edvel aferir a declara\u00e7\u00e3o apresentada pelos Srs. Stev Witkoff e Hon. Kelly Loeffler, correspons\u00e1veis pela Trump Vance Inaugural Committee, Inc., no sentido de possu\u00edrem a honra em liderar a organiza\u00e7\u00e3o que planejar\u00e1 os eventos de celebra\u00e7\u00e3o, em 20 de janeiro de 2025, da tomada de posse de Donald John Trump e JD Vance como Presidente e Vice-Presidente dos Estados Unidos da Am\u00e9rica\u201d, explica a defesa.\n<\/p>\n<p>Sobre o hor\u00e1rio e a programa\u00e7\u00e3o do evento a ser realizado, a defesa de Bolsonaro ressaltou estar estipulado que \u201ca cerim\u00f4nia ter\u00e1 in\u00edcio no dia 18\/01\/2025 e t\u00e9rmino em 21\/01\/2025, com a posse ocorrendo precisamente no dia 20\/01\/2025\u201d.\n<\/p>\n<p>Fonte: Metr\u00f3poles              <\/p>\n<\/div>\n<p><br \/>\n<br \/><a href=\"https:\/\/diariodobrasilnoticias.com.br\/noticia\/pgr-se-posiciona-contra-a-ida-de-bolsonaro-a-posse-de-trump-678831137bdcc\">Source link <\/a><\/p>","protected":false},"excerpt":{"rendered":"<p>A Procuradoria-Geral da Rep\u00fablica (PGR) se manifestou contra o pedido do ex-presidente brasileiro Jair Bolsonaro (PL) para ir aos Estados Unidos a fim de participar da cerim\u00f4nia de posse do&hellip;<\/p>","protected":false},"author":1,"featured_media":92253,"comment_status":"closed","ping_status":"open","sticky":false,"template":"","format":"standard","meta":{"content-type":"","footnotes":""},"categories":[16],"tags":[123,2448,5313,1267],"class_list":["post-92252","post","type-post","status-publish","format-standard","has-post-thumbnail","hentry","category-noticias","tag-brasil","tag-diario","tag-noticia","tag-noticias"],"_links":{"self":[{"href":"https:\/\/tvbrazilusa.com\/pt\/wp-json\/wp\/v2\/posts\/92252","targetHints":{"allow":["GET"]}}],"collection":[{"href":"https:\/\/tvbrazilusa.com\/pt\/wp-json\/wp\/v2\/posts"}],"about":[{"href":"https:\/\/tvbrazilusa.com\/pt\/wp-json\/wp\/v2\/types\/post"}],"author":[{"embeddable":true,"href":"https:\/\/tvbrazilusa.com\/pt\/wp-json\/wp\/v2\/users\/1"}],"replies":[{"embeddable":true,"href":"https:\/\/tvbrazilusa.com\/pt\/wp-json\/wp\/v2\/comments?post=92252"}],"version-history":[{"count":1,"href":"https:\/\/tvbrazilusa.com\/pt\/wp-json\/wp\/v2\/posts\/92252\/revisions"}],"predecessor-version":[{"id":92254,"href":"https:\/\/tvbrazilusa.com\/pt\/wp-json\/wp\/v2\/posts\/92252\/revisions\/92254"}],"wp:featuredmedia":[{"embeddable":true,"href":"https:\/\/tvbrazilusa.com\/pt\/wp-json\/wp\/v2\/media\/92253"}],"wp:attachment":[{"href":"https:\/\/tvbrazilusa.com\/pt\/wp-json\/wp\/v2\/media?parent=92252"}],"wp:term":[{"taxonomy":"category","embeddable":true,"href":"https:\/\/tvbrazilusa.com\/pt\/wp-json\/wp\/v2\/categories?post=92252"},{"taxonomy":"post_tag","embeddable":true,"href":"https:\/\/tvbrazilusa.com\/pt\/wp-json\/wp\/v2\/tags?post=92252"}],"curies":[{"name":"wp","href":"https:\/\/api.w.org\/{rel}","templated":true}]}}