{"id":92276,"date":"2025-01-16T06:30:22","date_gmt":"2025-01-16T06:30:22","guid":{"rendered":"https:\/\/tvbrazilusa.com\/2025\/01\/16\/%f0%9f%8c%b1-a-prefeitura-de-fort-myers-pode-se-mudar\/"},"modified":"2025-01-16T06:39:57","modified_gmt":"2025-01-16T06:39:57","slug":"%f0%9f%8c%b1-a-prefeitura-de-fort-myers-pode-se-mudar","status":"publish","type":"post","link":"https:\/\/tvbrazilusa.com\/pt\/2025\/01\/16\/%f0%9f%8c%b1-a-prefeitura-de-fort-myers-pode-se-mudar\/","title":{"rendered":"\ud83c\udf31 A Prefeitura de Fort Myers pode se mudar"},"content":{"rendered":"<p> <script async src=\"https:\/\/pagead2.googlesyndication.com\/pagead\/js\/adsbygoogle.js?client=ca-pub-8864793242727901\"\r\n     crossorigin=\"anonymous\"><\/script><br \/>\n<\/p>\n<div>\n<p>Bom dia, Fort Myers! Temos informa\u00e7\u00f5es sobre os \u00faltimos acontecimentos na cidade. Continue lendo para ficar por dentro. \u2615\ufe0f\ufe0f <strong>No boletim informativo de hoje:<\/strong><\/p>\n<\/div>\n<div>\n<ul>\n<li>Prefeitura de Fort Myers pode se mudar<\/li>\n<li>Recompensa aumentada por homem desaparecido de Fort Myers<\/li>\n<li>Adolescentes de Fort Myers se recuperando ap\u00f3s ataque em Nova Orleans<\/li>\n<\/ul>\n<p>Tamb\u00e9m no calend\u00e1rio de hoje: <strong>Circo Nuclear Garden Bros<\/strong> e 12 outros eventos.<\/p>\n<p><em>Enigma de hoje:<\/em> Por que Peter Pan est\u00e1 sempre voando? \ud83e\udd14 Continue lendo para descobrir.<\/p>\n<\/div>\n<div>\n<hr\/>\n<p> <a href=\"https:\/\/patch.com\/florida\/fort-myers\/weather\"><strong>Previs\u00e3o do tempo:<\/strong><\/a> <\/p>\n<ul>\n<li class=\"sans\"><strong>Quinta-feira:<\/strong> Agrad\u00e1vel com algum sol, com m\u00e1xima de 71 e m\u00ednima de 52 graus. <\/li>\n<li class=\"sans\"><strong>Sexta-feira:<\/strong> Agrad\u00e1vel com nuvens e sol, temperatura: alta: 72, baixa: 59. <\/li>\n<li class=\"sans\"><strong>S\u00e1bado:<\/strong> Nublado e ventoso, com m\u00e1xima de 76 e m\u00ednima de 65 graus. <\/li>\n<\/ul>\n<hr\/>\n<h4>\ud83d\udcf0 <strong>Not\u00edcias que estamos lendo<\/strong><\/h4>\n<p><b>1. Autoridades de Fort Myers est\u00e3o discutindo a mudan\u00e7a da Prefeitura para outra parte da cidade<\/b> (<a href=\"https:\/\/www.fox4now.com\/downtown-fort-myers\/fort-myers-officials-are-discussing-moving-city-hall-to-another-part-of-town\" target=\"_blank\" rel=\"nofollow\">fox4now. com<\/a>) \u2013 Funcion\u00e1rios de Fort Myers est\u00e3o considerando realocar a Prefeitura para melhorar a efici\u00eancia e consolidar departamentos. O prefeito Kevin Anderson discute locais potenciais e o impacto no centro da cidade, incluindo possibilidades de desenvolvimento de uso misto para a localiza\u00e7\u00e3o atual. <br \/><a href=\"https:\/\/fort-myers-fl.patch.am\/rate-item?d=u&#038;h=eyJsb2MiOiI3NjkyIiwic291cmNlIjoiZm94NG5vdy5jb20iLCJ0aXRsZSI6IkZvcnQgTXllcnMgb2ZmaWNpYWxzIGFyZSBkaXNjdXNzaW5nIG1vdmluZyBDaXR5IEhhbGwgdG8gYW5vdGhlciBwYXJ0IG9mIHRvd24iLCJ1cmwiOiJodHRwczpcL1wvd3d3LmZveDRub3cuY29tXC9kb3dudG93bi1mb3J0LW15ZXJzXC9mb3J0LW15ZXJzLW9mZmljaWFscy1hcmUtZGlzY3Vzc2luZy1tb3ZpbmctY2l0eS1oYWxsLXRvLWFub3RoZXItcGFydC1vZi10b3duIiwiYXJ0aWQiOiJjYjQ3Njk1ZTQ4MzBiYzUwNzgwMzQ5YmM2NzZmNzdhZiJ9\" target=\"_blank\" rel=\"nofollow\"><\/a>   <a href=\"https:\/\/fort-myers-fl.patch.am\/rate-item?d=d&#038;h=eyJsb2MiOiI3NjkyIiwic291cmNlIjoiZm94NG5vdy5jb20iLCJ0aXRsZSI6IkZvcnQgTXllcnMgb2ZmaWNpYWxzIGFyZSBkaXNjdXNzaW5nIG1vdmluZyBDaXR5IEhhbGwgdG8gYW5vdGhlciBwYXJ0IG9mIHRvd24iLCJ1cmwiOiJodHRwczpcL1wvd3d3LmZveDRub3cuY29tXC9kb3dudG93bi1mb3J0LW15ZXJzXC9mb3J0LW15ZXJzLW9mZmljaWFscy1hcmUtZGlzY3Vzc2luZy1tb3ZpbmctY2l0eS1oYWxsLXRvLWFub3RoZXItcGFydC1vZi10b3duIiwiYXJ0aWQiOiJjYjQ3Njk1ZTQ4MzBiYzUwNzgwMzQ5YmM2NzZmNzdhZiJ9\" target=\"_blank\" rel=\"nofollow\"><img decoding=\"async\" class=\"thumbs\" width=\"16\" height=\"16\" src=\"https:\/\/patch.com\/img\/cdn\/assets\/layout\/thumb_down_16x16.png\" data-sizes=\"(min-width: 780px) 726px, 100vw\" srcset=\"https:\/\/patch.com\/img\/cdn\/assets\/layout\/thumb_down_16x16.png?width=640 640w, https:\/\/patch.com\/img\/cdn\/assets\/layout\/thumb_down_16x16.png?width=726 726w\"\/><\/a><\/p>\n<\/div>\n<div>\n<p><b>2. Crime Stoppers aumenta recompensa em dinheiro para homem desaparecido desde 2020<\/b> (<a href=\"https:\/\/winknews.com\/2025\/01\/15\/crime-stoppers-increases-cash-reward-for-man-missing-since-2020\" target=\"_blank\" rel=\"nofollow\">winknews. com<\/a>) \u2013 Southwest Florida Crime Stoppers aumentou a recompensa por informa\u00e7\u00f5es sobre Porter Taylor Albert, desaparecido de North Fort Myers desde 2020. O <b>Fort Myers<\/b> O Departamento de Pol\u00edcia considera seu desaparecimento suspeito e insta o p\u00fablico a dar dicas. <br \/><a href=\"https:\/\/fort-myers-fl.patch.am\/rate-item?d=u&#038;h=eyJsb2MiOiI3NjkyIiwic291cmNlIjoid2lua25ld3MuY29tIiwidGl0bGUiOiJDcmltZSBTdG9wcGVycyBpbmNyZWFzZXMgY2FzaCByZXdhcmQgZm9yIG1hbiBtaXNzaW5nIHNpbmNlIDIwMjAiLCJ1cmwiOiJodHRwczpcL1wvd2lua25ld3MuY29tXC8yMDI1XC8wMVwvMTVcL2NyaW1lLXN0b3BwZXJzLWluY3JlYXNlcy1jYXNoLXJld2FyZC1mb3ItbWFuLW1pc3Npbmctc2luY2UtMjAyMCIsImFydGlkIjoiZTljYjVjMmYwYWQyNmJiZTMwZmNhODQ1ZTFlZjIyYzMifQ==\" target=\"_blank\" rel=\"nofollow\"><img decoding=\"async\" class=\"thumbs\" width=\"16\" height=\"16\" src=\"https:\/\/patch.com\/img\/cdn\/assets\/layout\/thumb_up_16x16.png\" data-rel=\"penci-gallery-image-content\"  data-sizes=\"(min-width: 780px) 726px, 100vw\" srcset=\"https:\/\/patch.com\/img\/cdn\/assets\/layout\/thumb_up_16x16.png?width=640 640w, https:\/\/patch.com\/img\/cdn\/assets\/layout\/thumb_up_16x16.png?width=726 726w\"\/><\/a>   <a href=\"https:\/\/fort-myers-fl.patch.am\/rate-item?d=d&#038;h=eyJsb2MiOiI3NjkyIiwic291cmNlIjoid2lua25ld3MuY29tIiwidGl0bGUiOiJDcmltZSBTdG9wcGVycyBpbmNyZWFzZXMgY2FzaCByZXdhcmQgZm9yIG1hbiBtaXNzaW5nIHNpbmNlIDIwMjAiLCJ1cmwiOiJodHRwczpcL1wvd2lua25ld3MuY29tXC8yMDI1XC8wMVwvMTVcL2NyaW1lLXN0b3BwZXJzLWluY3JlYXNlcy1jYXNoLXJld2FyZC1mb3ItbWFuLW1pc3Npbmctc2luY2UtMjAyMCIsImFydGlkIjoiZTljYjVjMmYwYWQyNmJiZTMwZmNhODQ1ZTFlZjIyYzMifQ==\" target=\"_blank\" rel=\"nofollow\"><img decoding=\"async\" class=\"thumbs\" width=\"16\" height=\"16\" src=\"https:\/\/patch.com\/img\/cdn\/assets\/layout\/thumb_down_16x16.png\" data-sizes=\"(min-width: 780px) 726px, 100vw\" srcset=\"https:\/\/patch.com\/img\/cdn\/assets\/layout\/thumb_down_16x16.png?width=640 640w, https:\/\/patch.com\/img\/cdn\/assets\/layout\/thumb_down_16x16.png?width=726 726w\"\/><\/a><\/p>\n<p><b>3. Adolescentes de Fort Myers continuam a recupera\u00e7\u00e3o ap\u00f3s ataque terrorista em Nova Orleans<\/b> (<a href=\"https:\/\/www.nbc-2.com\/article\/new-orleans-terror-attack-fort-myers-teens\/63434104\" target=\"_blank\" rel=\"nofollow\">nbc-2.com<\/a>) \u2013 Dois adolescentes de Fort Myers est\u00e3o se recuperando em um hospital de Nova Orleans depois de sobreviverem a um ataque terrorista no dia de Ano Novo. A comunidade no sudoeste da Fl\u00f3rida est\u00e1 demonstrando forte apoio enquanto os adolescentes enfrentam uma desafiadora jornada de recupera\u00e7\u00e3o. <br \/><a href=\"https:\/\/fort-myers-fl.patch.am\/rate-item?d=u&#038;h=eyJsb2MiOiI3NjkyIiwic291cmNlIjoibmJjLTIuY29tIiwidGl0bGUiOiJGb3J0IE15ZXJzIHRlZW5zIGNvbnRpbnVlIHJlY292ZXJ5IGFmdGVyIE5ldyBPcmxlYW5zIHRlcnJvciBhdHRhY2siLCJ1cmwiOiJodHRwczpcL1wvd3d3Lm5iYy0yLmNvbVwvYXJ0aWNsZVwvbmV3LW9ybGVhbnMtdGVycm9yLWF0dGFjay1mb3J0LW15ZXJzLXRlZW5zXC82MzQzNDEwNCIsImFydGlkIjoiN2U4ZDUwNDUyYzhiOTU1ZGY4OTY3MTViNzIwZDZhZTYifQ==\" target=\"_blank\" rel=\"nofollow\"><img decoding=\"async\" class=\"thumbs\" width=\"16\" height=\"16\" src=\"https:\/\/patch.com\/img\/cdn\/assets\/layout\/thumb_up_16x16.png\" data-rel=\"penci-gallery-image-content\"  data-sizes=\"(min-width: 780px) 726px, 100vw\" srcset=\"https:\/\/patch.com\/img\/cdn\/assets\/layout\/thumb_up_16x16.png?width=640 640w, https:\/\/patch.com\/img\/cdn\/assets\/layout\/thumb_up_16x16.png?width=726 726w\"\/><\/a>   <a href=\"https:\/\/fort-myers-fl.patch.am\/rate-item?d=d&#038;h=eyJsb2MiOiI3NjkyIiwic291cmNlIjoibmJjLTIuY29tIiwidGl0bGUiOiJGb3J0IE15ZXJzIHRlZW5zIGNvbnRpbnVlIHJlY292ZXJ5IGFmdGVyIE5ldyBPcmxlYW5zIHRlcnJvciBhdHRhY2siLCJ1cmwiOiJodHRwczpcL1wvd3d3Lm5iYy0yLmNvbVwvYXJ0aWNsZVwvbmV3LW9ybGVhbnMtdGVycm9yLWF0dGFjay1mb3J0LW15ZXJzLXRlZW5zXC82MzQzNDEwNCIsImFydGlkIjoiN2U4ZDUwNDUyYzhiOTU1ZGY4OTY3MTViNzIwZDZhZTYifQ==\" target=\"_blank\" rel=\"nofollow\"><img decoding=\"async\" class=\"thumbs\" width=\"16\" height=\"16\" src=\"https:\/\/patch.com\/img\/cdn\/assets\/layout\/thumb_down_16x16.png\" data-sizes=\"(min-width: 780px) 726px, 100vw\" srcset=\"https:\/\/patch.com\/img\/cdn\/assets\/layout\/thumb_down_16x16.png?width=640 640w, https:\/\/patch.com\/img\/cdn\/assets\/layout\/thumb_down_16x16.png?width=726 726w\"\/><\/a><\/p>\n<\/div>\n<div>\n<p><b>4. A cidade de Fort Myers quer progresso em barcos submersos na Old Bridge Marina<\/b> (<a href=\"https:\/\/winknews.com\/2025\/01\/15\/city-of-fort-myers-wants-progress-on-submerged-boats-at-old-bridge-marina\" target=\"_blank\" rel=\"nofollow\">winknews. com<\/a>) \u2013 Os residentes de Fort Myers est\u00e3o frustrados com a falta de progresso na remo\u00e7\u00e3o de barcos submersos na Old Bridge Marina. A cidade est\u00e1 a tomar medidas para resolver o problema, mas a burocracia e as complica\u00e7\u00f5es dos arrendat\u00e1rios atrasaram a ac\u00e7\u00e3o. <br \/><a href=\"https:\/\/fort-myers-fl.patch.am\/rate-item?d=u&#038;h=eyJsb2MiOiI3NjkyIiwic291cmNlIjoid2lua25ld3MuY29tIiwidGl0bGUiOiJDaXR5IG9mIEZvcnQgTXllcnMgd2FudHMgcHJvZ3Jlc3Mgb24gc3VibWVyZ2VkIGJvYXRzIGF0IE9sZCBCcmlkZ2UgTWFyaW5hIiwidXJsIjoiaHR0cHM6XC9cL3dpbmtuZXdzLmNvbVwvMjAyNVwvMDFcLzE1XC9jaXR5LW9mLWZvcnQtbXllcnMtd2FudHMtcHJvZ3Jlc3Mtb24tc3VibWVyZ2VkLWJvYXRzLWF0LW9sZC1icmlkZ2UtbWFyaW5hIiwiYXJ0aWQiOiJkYzg0OTMxMmE2NzUzMjVlNzg5NDQ0MTFhMzQ2MGQ0NiJ9\" target=\"_blank\" rel=\"nofollow\"><img decoding=\"async\" class=\"thumbs\" width=\"16\" height=\"16\" src=\"https:\/\/patch.com\/img\/cdn\/assets\/layout\/thumb_up_16x16.png\" data-rel=\"penci-gallery-image-content\"  data-sizes=\"(min-width: 780px) 726px, 100vw\" srcset=\"https:\/\/patch.com\/img\/cdn\/assets\/layout\/thumb_up_16x16.png?width=640 640w, https:\/\/patch.com\/img\/cdn\/assets\/layout\/thumb_up_16x16.png?width=726 726w\"\/><\/a>   <a href=\"https:\/\/fort-myers-fl.patch.am\/rate-item?d=d&#038;h=eyJsb2MiOiI3NjkyIiwic291cmNlIjoid2lua25ld3MuY29tIiwidGl0bGUiOiJDaXR5IG9mIEZvcnQgTXllcnMgd2FudHMgcHJvZ3Jlc3Mgb24gc3VibWVyZ2VkIGJvYXRzIGF0IE9sZCBCcmlkZ2UgTWFyaW5hIiwidXJsIjoiaHR0cHM6XC9cL3dpbmtuZXdzLmNvbVwvMjAyNVwvMDFcLzE1XC9jaXR5LW9mLWZvcnQtbXllcnMtd2FudHMtcHJvZ3Jlc3Mtb24tc3VibWVyZ2VkLWJvYXRzLWF0LW9sZC1icmlkZ2UtbWFyaW5hIiwiYXJ0aWQiOiJkYzg0OTMxMmE2NzUzMjVlNzg5NDQ0MTFhMzQ2MGQ0NiJ9\" target=\"_blank\" rel=\"nofollow\"><img decoding=\"async\" class=\"thumbs\" width=\"16\" height=\"16\" src=\"https:\/\/patch.com\/img\/cdn\/assets\/layout\/thumb_down_16x16.png\" data-sizes=\"(min-width: 780px) 726px, 100vw\" srcset=\"https:\/\/patch.com\/img\/cdn\/assets\/layout\/thumb_down_16x16.png?width=640 640w, https:\/\/patch.com\/img\/cdn\/assets\/layout\/thumb_down_16x16.png?width=726 726w\"\/><\/a><\/p>\n<p><b>5. Janeiro chega como um par de meias maravilhosamente aconchegantes<\/b> (<a href=\"https:\/\/fortmyers.floridaweekly.com\/articles\/january-comes-in-like-a-wonderfully-cozy-pair-of-socks\" target=\"_blank\" rel=\"nofollow\">floridaweekly. com<\/a>) &#8211; Stephanie Davis relembra como cresceu em Fort Myers Beach e abra\u00e7a o clima frio atual. Ela destaca o pr\u00f3ximo evento Music Walk no centro da cidade <b>Fort Myers<\/b>convidando os moradores locais a aproveitar a noite fresca de janeiro. <br \/><a href=\"https:\/\/fort-myers-fl.patch.am\/rate-item?d=u&#038;h=eyJsb2MiOiI3NjkyIiwic291cmNlIjoiZmxvcmlkYXdlZWtseS5jb20iLCJ0aXRsZSI6IkphbnVhcnkgY29tZXMgaW4gbGlrZSBhIHdvbmRlcmZ1bGx5IGNvenkgcGFpciBvZiBzb2NrcyIsInVybCI6Imh0dHBzOlwvXC9mb3J0bXllcnMuZmxvcmlkYXdlZWtseS5jb21cL2FydGljbGVzXC9qYW51YXJ5LWNvbWVzLWluLWxpa2UtYS13b25kZXJmdWxseS1jb3p5LXBhaXItb2Ytc29ja3MiLCJhcnRpZCI6IjczODVlNDUwNDNkYWFmZjA1ZGQ1ODY2NTNmODVkODAyIn0=\" target=\"_blank\" rel=\"nofollow\"><img decoding=\"async\" class=\"thumbs\" width=\"16\" height=\"16\" src=\"https:\/\/patch.com\/img\/cdn\/assets\/layout\/thumb_up_16x16.png\" data-rel=\"penci-gallery-image-content\"  data-sizes=\"(min-width: 780px) 726px, 100vw\" srcset=\"https:\/\/patch.com\/img\/cdn\/assets\/layout\/thumb_up_16x16.png?width=640 640w, https:\/\/patch.com\/img\/cdn\/assets\/layout\/thumb_up_16x16.png?width=726 726w\"\/><\/a>   <a href=\"https:\/\/fort-myers-fl.patch.am\/rate-item?d=d&#038;h=eyJsb2MiOiI3NjkyIiwic291cmNlIjoiZmxvcmlkYXdlZWtseS5jb20iLCJ0aXRsZSI6IkphbnVhcnkgY29tZXMgaW4gbGlrZSBhIHdvbmRlcmZ1bGx5IGNvenkgcGFpciBvZiBzb2NrcyIsInVybCI6Imh0dHBzOlwvXC9mb3J0bXllcnMuZmxvcmlkYXdlZWtseS5jb21cL2FydGljbGVzXC9qYW51YXJ5LWNvbWVzLWluLWxpa2UtYS13b25kZXJmdWxseS1jb3p5LXBhaXItb2Ytc29ja3MiLCJhcnRpZCI6IjczODVlNDUwNDNkYWFmZjA1ZGQ1ODY2NTNmODVkODAyIn0=\" target=\"_blank\" rel=\"nofollow\"><img decoding=\"async\" class=\"thumbs\" width=\"16\" height=\"16\" src=\"https:\/\/patch.com\/img\/cdn\/assets\/layout\/thumb_down_16x16.png\" data-sizes=\"(min-width: 780px) 726px, 100vw\" srcset=\"https:\/\/patch.com\/img\/cdn\/assets\/layout\/thumb_down_16x16.png?width=640 640w, https:\/\/patch.com\/img\/cdn\/assets\/layout\/thumb_down_16x16.png?width=726 726w\"\/><\/a><\/p>\n<\/div>\n<div>\n<hr\/>\n<h4>\ud83d\uddd3 <strong>Pr\u00f3ximos eventos em Fort Myers<\/strong><br \/><\/h4>\n<p><a href=\"https:\/\/patch.com\/florida\/fort-myers\/compose\/event\">  Adicione seu evento ao nosso calend\u00e1rio e newsletter! <\/a><\/p>\n<ul>\n<h5><span class=\"text-green-8\"><b>Quarta-feira, 15 de janeiro<\/b><\/span><\/h5>\n<li> <span> <a href=\"https:\/\/patch.com\/florida\/fort-myers\/calendar\/event\/20250115\/3f6c5c33-2707-44f7-8a00-cbd5f53e964f\/garden-bros-nuclear-circus\" rel=\"ugc\"><b>Circo Nuclear Garden Bros<\/b><\/a> <\/span> <br \/>Edison Mall, 4125 Cleveland Ave, Fort Myers <br \/>19h00 <\/li>\n<h5><span class=\"text-green-8\"><b>Quinta-feira, 16 de janeiro<\/b><\/span><\/h5>\n<li> <span> <a href=\"https:\/\/patch.com\/florida\/fort-myers\/calendar\/event\/20250116\/85903891-4266-44d4-933a-b03981422351\/st-mark-s-episcopal-church-arts-crafts-festival\" rel=\"ugc\"><b>Festival de Artes e Of\u00edcios da Igreja Episcopal de S\u00e3o Marcos<\/b><\/a> <\/span> <br \/>1101 N Collier Blvd, Marco Island <br \/>10h00 <\/li>\n<li> <span> <a href=\"https:\/\/patch.com\/florida\/fort-myers\/calendar\/event\/20250116\/f5d5eb53-a21e-4949-9096-4ee6150891bd\/lee-county-genealogical-society-monthly-meeting\" rel=\"ugc\"><b>Reuni\u00e3o Mensal da Sociedade Geneal\u00f3gica do Condado de Lee<\/b><\/a> <\/span> <br \/>8260 Cypress Lake Dr, Fort Myers <br \/>10h00 <\/li>\n<li> <span> <a href=\"https:\/\/www.meetup.com\/techallianceswfl\/\" target=\"_blank\" rel=\"nofollow\"><b>\ud83c\udf87\ud83c\udf89\ud83c\udf8a Festa do Networking 2025 \ud83c\udf8a\ud83c\udf89\ud83c\udf87<\/b><\/a> <\/span> <br \/>Colaborador, 2031 Jackson St, Fort Myers <br \/>18h30 <\/li>\n<h5><span class=\"text-green-8\"><b>Sexta-feira, 17 de janeiro<\/b><\/span><\/h5>\n<li> <span> <a href=\"https:\/\/www.unation.com\/event\/gulf-coast-country-fest-55705844\/\" target=\"_blank\" rel=\"nofollow\"><b>FESTIVAL DO PA\u00cdS DA COSTA DO GOLFO,<\/b><\/a> <\/span> <br \/>Parque JetBlue, 11500 Fenway South Drive, Fort Myers <br \/>10h00 <\/li>\n<li> <span> <a href=\"https:\/\/www.cheaptickets.com\/events\/performers\/gulf-coast-country-fest-tickets\" target=\"_blank\" rel=\"nofollow\"><b>Festival Country da Costa do Golfo de 2025 &#8211; Chase Matthew<\/b><\/a> <\/span> <br \/>Parque JetBlue, 11500 Fenway South Drive, Fort Myers <br \/>10h00 <\/li>\n<li> <span> <a href=\"https:\/\/m.facebook.com\/events\/3821332018105049\/?ref_source=newsfeed&#038;ref_mechanism=feed_attachment&#038;action_context=%257B%2522action_history%2522%253A%2522null%2522%257D\" target=\"_blank\" rel=\"nofollow\"><b>Campeonato PG East MLK Fort Myers, Fl\u00f3rida<\/b><\/a> <\/span> <br \/>Complexo Esportivo Lee Health, 14100 6 Mile Cypress Pkwy, Fort Myers <br \/>17h00 <\/li>\n<h5><span class=\"text-green-8\"><b>S\u00e1bado, 18 de janeiro<\/b><\/span><\/h5>\n<li> <span> <a href=\"https:\/\/patch.com\/florida\/fort-myers\/calendar\/event\/20250118\/93b248ba-807c-476a-a10a-6882ae55ab8d\/silk-scarf-painting-class-with-artist-marie-dyer\" rel=\"ugc\"><b>Aula de pintura de len\u00e7o de seda com a artista Marie Dyer <\/b><\/a> <\/span> <br \/>Edison &#038; Ford Winter Estates, 2350 McGregor Blvd, Fort Myers <br \/>9h00 <\/li>\n<h5><span class=\"text-green-8\"><b>Domingo, 19 de janeiro<\/b><\/span><\/h5>\n<li> <span> <a href=\"https:\/\/patch.com\/florida\/fort-myers\/calendar\/event\/20250119\/b8714373-c659-400e-af4a-2c0cc05d3289\/paws-and-petals-puppy-floral-arrangement-workshop\" rel=\"ugc\"><b>Patas e P\u00e9talas: Oficina de Arranjos Florais para Cachorrinhos <\/b><\/a> <\/span> <br \/>Edison &#038; Ford Winter Estates, 2350 McGregor Blvd, Fort Myers <br \/>10h00 <\/li>\n<h5><span class=\"text-green-8\"><b>Segunda-feira, 20 de janeiro<\/b><\/span><\/h5>\n<li> <span> <a href=\"https:\/\/patch.com\/florida\/fort-myers\/calendar\/event\/20250120\/386fcb20-edfc-493f-b29b-4192079e007f\/goodwill-mlk-jr-day-sale\" rel=\"ugc\"><b>Promo\u00e7\u00e3o do dia Goodwill MLK Jr.<\/b><\/a> <\/span> <br \/>Fort Myers <br \/>9h00 <\/li>\n<h5><span class=\"text-green-8\"><b>Ter\u00e7a-feira, 21 de janeiro<\/b><\/span><\/h5>\n<li> <span> <a href=\"https:\/\/patch.com\/florida\/fort-myers\/calendar\/event\/20250121\/7d435fd9-1a5b-482e-8f94-7465cccf228d\/digital-discussion-the-minnesota-twins-spring-training-history\" rel=\"ugc\"><b>Discuss\u00e3o digital: a hist\u00f3ria do treinamento de primavera do Minnesota Twins <\/b><\/a> <\/span> <br \/>Edison &#038; Ford Winter Estates, 2350 McGregor Blvd, Fort Myers <br \/>10h30 <\/li>\n<li> <span> <a href=\"https:\/\/patch.com\/florida\/fort-myers\/calendar\/event\/20250121\/4c225292-7086-4a89-a364-772b3e806aa1\/gardening-class-introduction-to-florida-gardening-part-i\" rel=\"ugc\"><b>Aula de jardinagem: introdu\u00e7\u00e3o \u00e0 jardinagem na Fl\u00f3rida &#8211; Parte I<\/b><\/a> <\/span> <br \/>Edison &#038; Ford Winter Estates, 2350 McGregor Blvd, Fort Myers <br \/>13h30 <\/li>\n<\/ul>\n<hr\/>\n<h4>\ud83d\uddd3 <strong>Eventos pr\u00f3ximos<\/strong><\/h4>\n<p> <em>Perdemos alguma coisa em nosso calend\u00e1rio? <a href=\"https:\/\/patch.com\/florida\/fort-myers\/compose\/event\">Adicione voc\u00ea mesmo um evento<\/a>! <\/em> Como sempre, antes de participar, confirme os detalhes do evento para garantir a precis\u00e3o. <\/p>\n<hr\/>\n<p><em>Quer um link para sua empresa neste boletim informativo? <a href=\"https:\/\/patch.com\/florida\/fort-myers\/compose\/bizpost\">Clique aqui<\/a>.<\/em><\/p>\n<hr\/>\n<p>\ud83d\udd28 <strong>Precisa de ajuda com um projeto em casa?<\/strong> Patch fez parceria com Thumbtack para tornar a contrata\u00e7\u00e3o de um profissional local confi\u00e1vel r\u00e1pida e f\u00e1cil. <a href=\"https:\/\/patch.com\/florida\/fort-myers\/businesses\" target=\"_blank\">Clique aqui para come\u00e7ar.<\/a><\/p>\n<hr\/>\n<h4>\ud83d\udcac <strong>Conversa<\/strong><\/h4>\n<p>O que seus vizinhos est\u00e3o falando nas redes sociais<\/p>\n<\/div>\n<div>\n<ul>\n<li><b>Algu\u00e9m sabe o que est\u00e1 queimando?<\/b> <br \/>Provavelmente \u00e9 apenas um fogo controlado, mas parece pr\u00f3ximo, ent\u00e3o pensei em perguntar. (Off Plantation rd, atr\u00e1s da Honeysuckle rd) (<a href=\"https:\/\/nextdoor.com\/p\/p7fpntJpW6f5\/?from_partner=patch&#038;share_id=p7fpntJpW6f5&#038;utm_medium=public_api&#038;utm_source=patch&#038;utm_content=p7fpntJpW6f5&#038;next_url=\/p\/p7fpntJpW6f5&#038;utm_medium=email&#038;utm_campaign=pilot\" target=\"_blank\" rel=\"nofollow\">Ao lado<\/a> Cypress Pkwy) <\/li>\n<li><b>Eu estava lendo um artigo sobre regras HOA que n\u00e3o podem ser aplicadas, e surgiu este &#8211; sobre varais.<\/b> <br \/>Curioso, verifiquei e descobri isto: a Fl\u00f3rida foi o primeiro estado a aprovar uma lei de direito \u00e0 seca12. A lei, incorporada no Estatuto da Fl\u00f3rida 163.04, expressamente\u2026 (<a href=\"https:\/\/nextdoor.com\/p\/Z2rt7LgZ9Pgh\/?from_partner=patch&#038;share_id=Z2rt7LgZ9Pgh&#038;utm_medium=public_api&#038;utm_source=patch&#038;utm_content=Z2rt7LgZ9Pgh&#038;next_url=\/p\/Z2rt7LgZ9Pgh&#038;utm_medium=email&#038;utm_campaign=pilot\" target=\"_blank\" rel=\"nofollow\">Ao lado<\/a> Lagos Parker) <\/li>\n<\/ul>\n<ul>\n<li>  A visibilidade est\u00e1 caindo sobre Ft Myers por causa da fuma\u00e7a que se move sobre a cidade devido a uma queimada prescrita no condado de Charlotte &#8211; normalmente nesta vista voc\u00ea&#8230; (X: <a href=\"https:\/\/twitter.com\/RobDunsTV\/status\/1879280606850535711?ref_src=twsrc%5Egoogle%7Ctwcamp%5Eserp%7Ctwgr%5Etweet\" target=\"_blank\" rel=\"nofollow\">@RobDunsTV<\/a>) <\/li>\n<li>  Ex-candidato a supervisor eleitoral de Lee pede a ren\u00fancia do xerife Marceno&#8230; (X: <a href=\"https:\/\/twitter.com\/winknews\/status\/1879684029274087615?ref_src=twsrc%5Egoogle%7Ctwcamp%5Eserp%7Ctwgr%5Etweet\" target=\"_blank\" rel=\"nofollow\">@winknews<\/a>) <\/li>\n<\/ul>\n<ul>\n<li>  TravelNurseSource publicou uma vaga de emprego para <strong>Reabilita\u00e7\u00e3o &#8211; Travel RN &#8211; Fort Myers, FL &#8211; &#8211; 26562764 &#8211; Excelentes benef\u00edcios 15\/01\/2025<\/strong> em Fort Myers, Fl\u00f3rida. Inscreva-se em <a href=\"https:\/\/www.linkedin.com\/jobs\/view\/rehab-travel-rn-fort-myers-fl-26562764-excellent-benefits-2025-01-15-at-travelnursesource-4123547128?utm_campaign=google_jobs_apply&#038;utm_source=google_jobs_apply&#038;utm_medium=organic\" target=\"_blank\" rel=\"nofollow\">LinkedIn<\/a>. <\/li>\n<li>  DICK&#8217;S Sporting Goods publicou uma vaga de emprego para <strong>Caixa de varejo<\/strong> em Fort Myers, Fl\u00f3rida. Inscreva-se em <a href=\"https:\/\/www.dickssportinggoods.jobs\/job\/?Retail+Cashier-Fort+Myers-FL-j-202406649&#038;utm_campaign=google_jobs_apply&#038;utm_source=google_jobs_apply&#038;utm_medium=organic\" target=\"_blank\" rel=\"nofollow\">Vagas da Dick&#8217;s Sporting Goods<\/a>. <\/li>\n<\/ul>\n<hr\/>\n<p> <b>Ok Fort Myers!<\/b> Ent\u00e3o agora voc\u00ea est\u00e1 por dentro do que est\u00e1 acontecendo hoje. Obrigado pela leitura e at\u00e9 a pr\u00f3xima vez na sua caixa de entrada! <\/p>\n<p> <b>&#8211; A equipe do Patch AM<\/b> <\/p>\n<p> <em>PS A resposta para o enigma de hoje:<\/em> Ele \u00e9 Terra do Nunca. <\/p>\n<hr\/>\n<h4>\ud83d\udc49 <strong>Ajude a tornar o Patch AM melhor<\/strong><\/h4>\n<hr\/>\n<p> <a href=\"https:\/\/nextdoor.com\/sharekit\/?source=Fort%20Myers%20Patch%20AM&#038;body=Catch+up+on+what+you+need+to+know+from+the+Fort+Myers+Patch+AM+daily+update%3A+https%3A%2F%2Fpatch.com%2Fflorida%2Ffort-myers&#038;utm_source=patch&#038;utm_medium=email&#038;utm_campaign=pilot\" target=\"_blank\" class=\"text-weight-bold text-green-8 sans\">Compartilhar no NextDoor<\/a>     <a href=\"https:\/\/www.facebook.com\/share.php?u=https:\/\/patch.com\/florida\/fort-myers&#038;title=Catch+up+on+what+you+need+to+know+from+the+Fort+Myers+Patch+AM+daily+update%3A+https%3A%2F%2Fpatch.com%2Fflorida%2Ffort-myers\" target=\"_blank\" class=\"text-weight-bold text-light-blue-10 sans\">Compartilhar no Facebook<\/a><\/p>\n<\/div>\n<p><script async src=\"\/\/platform.twitter.com\/widgets.js\" charset=\"utf-8\"><\/script><br \/>\n<br \/><br \/>\n<br \/><a href=\"http:\/\/patch.com\/florida\/fort-myers\/fort-myers-city-hall-may-relocate-nodx-20250116?utm_source=article-mostrecent&#038;utm_medium=rss&#038;utm_term=community%20corner&#038;utm_campaign=recirc&#038;utm_content=aol\">Source link <\/a><\/p>","protected":false},"excerpt":{"rendered":"<p>Bom dia, Fort Myers! Temos informa\u00e7\u00f5es sobre os \u00faltimos acontecimentos na cidade. Continue lendo para ficar por dentro. \u2615\ufe0f\ufe0f No boletim informativo de hoje: Prefeitura de Fort Myers pode se&hellip;<\/p>","protected":false},"author":1,"featured_media":71100,"comment_status":"closed","ping_status":"open","sticky":false,"template":"","format":"standard","meta":{"content-type":"","footnotes":""},"categories":[1],"tags":[],"class_list":["post-92276","post","type-post","status-publish","format-standard","has-post-thumbnail","hentry","category-uncategorized"],"_links":{"self":[{"href":"https:\/\/tvbrazilusa.com\/pt\/wp-json\/wp\/v2\/posts\/92276","targetHints":{"allow":["GET"]}}],"collection":[{"href":"https:\/\/tvbrazilusa.com\/pt\/wp-json\/wp\/v2\/posts"}],"about":[{"href":"https:\/\/tvbrazilusa.com\/pt\/wp-json\/wp\/v2\/types\/post"}],"author":[{"embeddable":true,"href":"https:\/\/tvbrazilusa.com\/pt\/wp-json\/wp\/v2\/users\/1"}],"replies":[{"embeddable":true,"href":"https:\/\/tvbrazilusa.com\/pt\/wp-json\/wp\/v2\/comments?post=92276"}],"version-history":[{"count":1,"href":"https:\/\/tvbrazilusa.com\/pt\/wp-json\/wp\/v2\/posts\/92276\/revisions"}],"predecessor-version":[{"id":92277,"href":"https:\/\/tvbrazilusa.com\/pt\/wp-json\/wp\/v2\/posts\/92276\/revisions\/92277"}],"wp:featuredmedia":[{"embeddable":true,"href":"https:\/\/tvbrazilusa.com\/pt\/wp-json\/wp\/v2\/media\/71100"}],"wp:attachment":[{"href":"https:\/\/tvbrazilusa.com\/pt\/wp-json\/wp\/v2\/media?parent=92276"}],"wp:term":[{"taxonomy":"category","embeddable":true,"href":"https:\/\/tvbrazilusa.com\/pt\/wp-json\/wp\/v2\/categories?post=92276"},{"taxonomy":"post_tag","embeddable":true,"href":"https:\/\/tvbrazilusa.com\/pt\/wp-json\/wp\/v2\/tags?post=92276"}],"curies":[{"name":"wp","href":"https:\/\/api.w.org\/{rel}","templated":true}]}}